{"id":133803,"date":"2025-05-28T08:00:09","date_gmt":"2025-05-28T08:00:09","guid":{"rendered":"https:\/\/www.europesays.com\/fr\/133803\/"},"modified":"2025-05-28T08:00:09","modified_gmt":"2025-05-28T08:00:09","slug":"une-manifestation-pro-palestinienne-perturbe-la-circulation-du-tramway-sur-le-cours-jean-jaures","status":"publish","type":"post","link":"https:\/\/www.europesays.com\/fr\/133803\/","title":{"rendered":"une manifestation pro-palestinienne perturbe la circulation du tramway sur le cours Jean-Jaur\u00e8s"},"content":{"rendered":"<p>\t\t\t\t\t\t\t\t\t\t\t<img loading=\"lazy\" decoding=\"async\" width=\"1110\" title=\"Grenoble\u00a0: une manifestation pro-palestinienne perturbe la circulation du tramway sur le cours Jean-Jaur\u00e8s\" class=\"img-fluid not_lzld mb-3\" src=\"https:\/\/www.europesays.com\/fr\/wp-content\/uploads\/2025\/05\/1110x624_grenoble-une-manifestation-pro-palestinienne-perturbe-la-circulation-du-tramway-sur-le-cour\" alt=\"Grenoble\u00a0: une manifestation pro-palestinienne perturbe la circulation du tramway sur le cours Jean-Jaur\u00e8s\" itemprop=\"image\" height=\"624\"\/>\t\t\t\t\t\t\t\t\t\t\t\t<\/p>\n<p>Grenoble\u00a0: une manifestation pro-palestinienne perturbe la circulation du tramway sur le cours Jean-Jaur\u00e8s &#8211; DR<\/p>\n<p itemprop=\"description\"><strong>Un rassemblement massif \u00ab\u00a0pour Gaza\u00a0\u00bb cause plusieurs perturbations sur les lignes de tramway.<\/strong><\/p>\n<p class=\"x_MsoNormal\" style=\"color: #242424; font-style: normal; font-variant-ligatures: normal; font-variant-caps: normal; font-weight: 400; letter-spacing: normal; orphans: 2; text-align: start; text-indent: 0px; text-transform: none; widows: 2; word-spacing: 0px; -webkit-text-stroke-width: 0px; white-space: normal; background-color: #ffffff; text-decoration-thickness: initial; text-decoration-style: initial; text-decoration-color: initial; margin: 0cm 0cm 8pt; line-height: 18.4px; font-size: 12pt; font-family: Calibri, sans-serif;\">Mardi soir, plusieurs centaines de personnes, principalement des femmes, ont manifest\u00e9 en faveur de la Palestine, de Pont-de-Claix jusqu\u2019au quai de l\u2019Is\u00e8re.<\/p>\n<p class=\"x_MsoNormal\" style=\"color: #242424; font-style: normal; font-variant-ligatures: normal; font-variant-caps: normal; font-weight: 400; letter-spacing: normal; orphans: 2; text-align: start; text-indent: 0px; text-transform: none; widows: 2; word-spacing: 0px; -webkit-text-stroke-width: 0px; white-space: normal; background-color: #ffffff; text-decoration-thickness: initial; text-decoration-style: initial; text-decoration-color: initial; margin: 0cm 0cm 8pt; line-height: 18.4px; font-size: 12pt; font-family: Calibri, sans-serif;\">Probl\u00e8me, sur leur parcours, les manifestants, munis de keffieh et de pancartes, ont bloqu\u00e9 la circulation du tramway E, au niveau du cours Jean-Jaur\u00e8s, entre les stations Louise-Michel et Annie Fratellini-Esplanade.<\/p>\n<p class=\"x_MsoNormal\" style=\"color: #242424; font-style: normal; font-variant-ligatures: normal; font-variant-caps: normal; font-weight: 400; letter-spacing: normal; orphans: 2; text-align: start; text-indent: 0px; text-transform: none; widows: 2; word-spacing: 0px; -webkit-text-stroke-width: 0px; white-space: normal; background-color: #ffffff; text-decoration-thickness: initial; text-decoration-style: initial; text-decoration-color: initial; margin: 0cm 0cm 8pt; line-height: 18.4px; font-size: 12pt; font-family: Calibri, sans-serif;\">Les lignes A, B, C et D ont, elles aussi, \u00e9t\u00e9 perturb\u00e9es par la mobilisation, tout comme la circulation routi\u00e8re. De nombreux automobilistes n\u2019ont d\u2019ailleurs pas manqu\u00e9 de montrer leur m\u00e9contentement en klaxonnant.<\/p>\n","protected":false},"excerpt":{"rendered":"Grenoble\u00a0: une manifestation pro-palestinienne perturbe la circulation du tramway sur le cours Jean-Jaur\u00e8s &#8211; DR Un rassemblement massif&hellip;\n","protected":false},"author":2,"featured_media":133804,"comment_status":"","ping_status":"","sticky":false,"template":"","format":"standard","meta":{"footnotes":""},"categories":[9566],"tags":[1111,11,7733,8279,2430,7736,650,7734,2889,2263,1777,674,1011,27,2731,8280,6417,1114,108,4662,12,3725,1825,25,7737],"class_list":{"0":"post-133803","1":"post","2":"type-post","3":"status-publish","4":"format-standard","5":"has-post-thumbnail","7":"category-grenoble","8":"tag-actu","9":"tag-actualites","10":"tag-alpes","11":"tag-alpes1","12":"tag-auvergne-rhone-alpes","13":"tag-cds","14":"tag-cinema","15":"tag-ecoute","16":"tag-emission","17":"tag-equipe","18":"tag-eu","19":"tag-europe","20":"tag-fr","21":"tag-france","22":"tag-grenoble","23":"tag-haute","24":"tag-information","25":"tag-infos","26":"tag-isere","27":"tag-journal","28":"tag-news","29":"tag-podcast","30":"tag-radio","31":"tag-republique-francaise","32":"tag-winamp"},"share_on_mastodon":{"url":"https:\/\/pubeurope.com\/@fr\/114584408746276187","error":""},"_links":{"self":[{"href":"https:\/\/www.europesays.com\/fr\/wp-json\/wp\/v2\/posts\/133803","targetHints":{"allow":["GET"]}}],"collection":[{"href":"https:\/\/www.europesays.com\/fr\/wp-json\/wp\/v2\/posts"}],"about":[{"href":"https:\/\/www.europesays.com\/fr\/wp-json\/wp\/v2\/types\/post"}],"author":[{"embeddable":true,"href":"https:\/\/www.europesays.com\/fr\/wp-json\/wp\/v2\/users\/2"}],"replies":[{"embeddable":true,"href":"https:\/\/www.europesays.com\/fr\/wp-json\/wp\/v2\/comments?post=133803"}],"version-history":[{"count":0,"href":"https:\/\/www.europesays.com\/fr\/wp-json\/wp\/v2\/posts\/133803\/revisions"}],"wp:featuredmedia":[{"embeddable":true,"href":"https:\/\/www.europesays.com\/fr\/wp-json\/wp\/v2\/media\/133804"}],"wp:attachment":[{"href":"https:\/\/www.europesays.com\/fr\/wp-json\/wp\/v2\/media?parent=133803"}],"wp:term":[{"taxonomy":"category","embeddable":true,"href":"https:\/\/www.europesays.com\/fr\/wp-json\/wp\/v2\/categories?post=133803"},{"taxonomy":"post_tag","embeddable":true,"href":"https:\/\/www.europesays.com\/fr\/wp-json\/wp\/v2\/tags?post=133803"}],"curies":[{"name":"wp","href":"https:\/\/api.w.org\/{rel}","templated":true}]}}