{"id":133805,"date":"2025-05-28T08:01:13","date_gmt":"2025-05-28T08:01:13","guid":{"rendered":"https:\/\/www.europesays.com\/fr\/133805\/"},"modified":"2025-05-28T08:01:13","modified_gmt":"2025-05-28T08:01:13","slug":"saint-gregoire-bientot-une-centaine-de-cameras-dans-la-ville","status":"publish","type":"post","link":"https:\/\/www.europesays.com\/fr\/133805\/","title":{"rendered":"Saint-Gr\u00e9goire. Bient\u00f4t une centaine de\u00a0cam\u00e9ras dans la ville"},"content":{"rendered":"<p>La commune compte 65\u00a0cam\u00e9ras dans l\u2019espace public. Elle pr\u00e9voit d\u2019en d\u00e9ployer de\u00a0nouvelles.<\/p>\n<p>\u00a0Nous aurons cent\u00a0cam\u00e9ras dans la commune, indique La\u00ebtitia Remoissenet, la maire. L\u2019objectif est de mailler le territoire pour assurer la tranquillit\u00e9 publique.\u00a0 Les quartiers, le centre-ville et les \u00e9quipements publics sont vis\u00e9s.<\/p>\n<p>Les entr\u00e9es et les sorties de la ville seront aussi film\u00e9es. \u00a0On aura le taux de couverture le plus important de la m\u00e9tropole pour avoir un effet dissuasif.\u00a0<\/p>\n<p>Le d\u00e9ploiement est pr\u00e9vu sur les deux prochaines ann\u00e9es pour un d\u00e9marrage en octobre.\u00a0Le budget pour cette surveillance s\u2019\u00e9l\u00e8ve \u00e0 843\u00a0000\u00a0\u20ac.<\/p>\n<p>\u00a0<\/p>\n","protected":false},"excerpt":{"rendered":"La commune compte 65\u00a0cam\u00e9ras dans l\u2019espace public. Elle pr\u00e9voit d\u2019en d\u00e9ployer de\u00a0nouvelles. \u00a0Nous aurons cent\u00a0cam\u00e9ras dans la commune,&hellip;\n","protected":false},"author":2,"featured_media":133806,"comment_status":"","ping_status":"","sticky":false,"template":"","format":"standard","meta":{"footnotes":""},"categories":[2821],"tags":[1111,11,10334,829,10817,10466,1777,674,1011,27,12,3086,584,25,5372,4824],"class_list":{"0":"post-133805","1":"post","2":"type-post","3":"status-publish","4":"format-standard","5":"has-post-thumbnail","7":"category-rennes","8":"tag-actu","9":"tag-actualites","10":"tag-bientot","11":"tag-bretagne","12":"tag-cameras","13":"tag-centaine","14":"tag-eu","15":"tag-europe","16":"tag-fr","17":"tag-france","18":"tag-news","19":"tag-redon","20":"tag-rennes","21":"tag-republique-francaise","22":"tag-saint-gregoire","23":"tag-ville"},"share_on_mastodon":{"url":"https:\/\/pubeurope.com\/@fr\/114584412693013701","error":""},"_links":{"self":[{"href":"https:\/\/www.europesays.com\/fr\/wp-json\/wp\/v2\/posts\/133805","targetHints":{"allow":["GET"]}}],"collection":[{"href":"https:\/\/www.europesays.com\/fr\/wp-json\/wp\/v2\/posts"}],"about":[{"href":"https:\/\/www.europesays.com\/fr\/wp-json\/wp\/v2\/types\/post"}],"author":[{"embeddable":true,"href":"https:\/\/www.europesays.com\/fr\/wp-json\/wp\/v2\/users\/2"}],"replies":[{"embeddable":true,"href":"https:\/\/www.europesays.com\/fr\/wp-json\/wp\/v2\/comments?post=133805"}],"version-history":[{"count":0,"href":"https:\/\/www.europesays.com\/fr\/wp-json\/wp\/v2\/posts\/133805\/revisions"}],"wp:featuredmedia":[{"embeddable":true,"href":"https:\/\/www.europesays.com\/fr\/wp-json\/wp\/v2\/media\/133806"}],"wp:attachment":[{"href":"https:\/\/www.europesays.com\/fr\/wp-json\/wp\/v2\/media?parent=133805"}],"wp:term":[{"taxonomy":"category","embeddable":true,"href":"https:\/\/www.europesays.com\/fr\/wp-json\/wp\/v2\/categories?post=133805"},{"taxonomy":"post_tag","embeddable":true,"href":"https:\/\/www.europesays.com\/fr\/wp-json\/wp\/v2\/tags?post=133805"}],"curies":[{"name":"wp","href":"https:\/\/api.w.org\/{rel}","templated":true}]}}