{"id":133811,"date":"2025-05-28T08:04:09","date_gmt":"2025-05-28T08:04:09","guid":{"rendered":"https:\/\/www.europesays.com\/fr\/133811\/"},"modified":"2025-05-28T08:04:09","modified_gmt":"2025-05-28T08:04:09","slug":"quinte-les-4-infos-incontournables-de-la-r1-de-ce-mercredi-28-mai-a-strasbourg","status":"publish","type":"post","link":"https:\/\/www.europesays.com\/fr\/133811\/","title":{"rendered":"Quint\u00e9+: Les 4 infos incontournables de la R1 de ce mercredi 28 mai \u00e0 Strasbourg"},"content":{"rendered":"<p><strong>La plus belle musique<\/strong><\/p>\n<p style=\"text-align: justify;\"><strong>R1C7\u00a0&#8211; Prix de la Valse (15h40) &#8211; 712 &#8211; <a href=\"https:\/\/www.equidia.fr\/chevaux\/what-else-chop\" target=\"_blank\" rel=\"noopener\">What Else Chop<\/a><\/strong><\/p>\n<p data-end=\"349\" data-start=\"81\" style=\"text-align: justify;\">Bien qu\u2019il reste sur une septi\u00e8me place, le pensionnaire de <strong>Jess Parize<\/strong> affiche un bilan tr\u00e8s solide avec trois victoires et une place en cinq sorties. Confi\u00e9 \u00e0 <strong>Augustin Madamet<\/strong>, <strong>What Else Chop<\/strong> s\u2019annonce une nouvelle fois comme un s\u00e9rieux pr\u00e9tendant \u00e0 la victoire.<\/p>\n<p data-end=\"349\" data-start=\"81\" style=\"text-align: justify;\"><strong>Sa musique<\/strong><strong> <\/strong> : 7p-1p-2p-1p-1p<\/p>\n<p data-end=\"349\" data-start=\"81\" style=\"text-align: justify;\">\u00a0<\/p>\n<p><strong>La stat la plus int\u00e9ressante<\/strong><\/p>\n<p style=\"text-align: justify;\"><strong>R1C4\u00a0&#8211; Prix BFM Alsace (13h55) &#8211; 401\u00a0&#8211; <a href=\"https:\/\/www.equidia.fr\/chevaux\/rock-joyeux\" target=\"_blank\" rel=\"noopener\">Rock Joyeux<\/a><\/strong><\/p>\n<p style=\"text-align: justify;\">L\u2019atout de <strong>Nicolas Perret<\/strong> affiche une belle entente avec <strong>Sylvain Ruis<\/strong>, leur duo\u00a0ayant d\u00e9j\u00e0 remport\u00e9 quatre courses ensemble, dont une Listed le 8 octobre 2023 sur l\u2019hippodrome de Lyon-Parilly.<\/p>\n<p style=\"text-align: justify;\"><strong>Avec Sylvain\u00a0Ruis : 8 courses &#8211;\u00a04 victoires<\/strong><\/p>\n<p style=\"text-align: justify;\">\u00a0<\/p>\n<p><strong>L&rsquo;entourage confiant<\/strong><\/p>\n<p style=\"text-align: justify;\"><strong>R1C4\u00a0&#8211; Prix BFM Alsace (13h55) &#8211; 413\u00a0&#8211; <a href=\"https:\/\/www.equidia.fr\/chevaux\/baden-rocks\" target=\"_blank\" rel=\"noopener\">Baden Rocks<\/a><\/strong><\/p>\n<p style=\"text-align: justify;\"><strong>Conny Whitfield, entraineur :\u00a0<\/strong><\/p>\n<p style=\"text-align: justify;\">\u00ab\u00a0<strong>Baden Rocks (13)<\/strong> vient de s&rsquo;imposer sur ce parcours, \u00e0 l&rsquo;issue d&rsquo;une tr\u00e8s belle fin de course. L&rsquo;opposition est plus relev\u00e9e cette fois, mais il est rest\u00e9 en pleine forme. Les ordres vont \u00eatre les m\u00eames : attendre le plus possible et venir finir sur les autres. Je le crois capable de r\u00e9p\u00e9ter.\u00a0\u00bb<\/p>\n<p style=\"text-align: justify;\">\u00a0<\/p>\n<p><strong>Le cheval rep\u00e9r\u00e9 en dernier lieu<\/strong><\/p>\n<p style=\"text-align: justify;\"><strong>R1C8\u00a0&#8211; Prix de la Ville de Strasbourg<\/strong><strong> &#8211; 801\u00a0&#8211; <a href=\"https:\/\/www.equidia.fr\/chevaux\/its-eagle\" target=\"_blank\" rel=\"noopener\">It&rsquo;s Eagle<\/a><\/strong><br \/><strong>Rep\u00e9r\u00e9 par JULIEN QUONIAM<\/strong> : \u00ab\u00a0En queue d&rsquo;un peloton \u00e9tir\u00e9, et en tr\u00e8s net retrait dans le tournant final, a refait un terrain \u00e9norme en dehors, \u00e9chouant de peu pour la cinqui\u00e8me place.\u00a0\u00bb<\/p>\n<p style=\"text-align: justify;\"><strong><a href=\"https:\/\/www.equidia.fr\/courses\/2025-05-08\/R2\/C7\" target=\"_blank\" rel=\"noopener\">Cliquez ici pour voir la course\u00a0<\/a><\/strong><\/p>\n","protected":false},"excerpt":{"rendered":"La plus belle musique R1C7\u00a0&#8211; Prix de la Valse (15h40) &#8211; 712 &#8211; What Else Chop Bien qu\u2019il&hellip;\n","protected":false},"author":2,"featured_media":133812,"comment_status":"","ping_status":"","sticky":false,"template":"","format":"standard","meta":{"footnotes":""},"categories":[2820],"tags":[1111,11,1777,674,1011,27,775,12,3016,7638,1821,2623,25,640],"class_list":{"0":"post-133811","1":"post","2":"type-post","3":"status-publish","4":"format-standard","5":"has-post-thumbnail","7":"category-strasbourg","8":"tag-actu","9":"tag-actualites","10":"tag-eu","11":"tag-europe","12":"tag-fr","13":"tag-france","14":"tag-grand-est","15":"tag-news","16":"tag-plat","17":"tag-pour-preparer-vos-paris","18":"tag-pronostics","19":"tag-quinte","20":"tag-republique-francaise","21":"tag-strasbourg"},"share_on_mastodon":{"url":"https:\/\/pubeurope.com\/@fr\/114584424661974591","error":""},"_links":{"self":[{"href":"https:\/\/www.europesays.com\/fr\/wp-json\/wp\/v2\/posts\/133811","targetHints":{"allow":["GET"]}}],"collection":[{"href":"https:\/\/www.europesays.com\/fr\/wp-json\/wp\/v2\/posts"}],"about":[{"href":"https:\/\/www.europesays.com\/fr\/wp-json\/wp\/v2\/types\/post"}],"author":[{"embeddable":true,"href":"https:\/\/www.europesays.com\/fr\/wp-json\/wp\/v2\/users\/2"}],"replies":[{"embeddable":true,"href":"https:\/\/www.europesays.com\/fr\/wp-json\/wp\/v2\/comments?post=133811"}],"version-history":[{"count":0,"href":"https:\/\/www.europesays.com\/fr\/wp-json\/wp\/v2\/posts\/133811\/revisions"}],"wp:featuredmedia":[{"embeddable":true,"href":"https:\/\/www.europesays.com\/fr\/wp-json\/wp\/v2\/media\/133812"}],"wp:attachment":[{"href":"https:\/\/www.europesays.com\/fr\/wp-json\/wp\/v2\/media?parent=133811"}],"wp:term":[{"taxonomy":"category","embeddable":true,"href":"https:\/\/www.europesays.com\/fr\/wp-json\/wp\/v2\/categories?post=133811"},{"taxonomy":"post_tag","embeddable":true,"href":"https:\/\/www.europesays.com\/fr\/wp-json\/wp\/v2\/tags?post=133811"}],"curies":[{"name":"wp","href":"https:\/\/api.w.org\/{rel}","templated":true}]}}