{"id":133813,"date":"2025-05-28T08:05:07","date_gmt":"2025-05-28T08:05:07","guid":{"rendered":"https:\/\/www.europesays.com\/fr\/133813\/"},"modified":"2025-05-28T08:05:07","modified_gmt":"2025-05-28T08:05:07","slug":"ces-deux-plages-interdites-a-la-baignade-rouvrent-enfin","status":"publish","type":"post","link":"https:\/\/www.europesays.com\/fr\/133813\/","title":{"rendered":"ces deux plages interdites \u00e0 la baignade rouvrent enfin"},"content":{"rendered":"<p>            Par<br \/>\n        <strong><br \/>\n            <a href=\"https:\/\/actu.fr\/auteur\/ugo-maillard\" title=\"Consulter tous les articles de Ugo Maillard\" target=\"_blank\" rel=\"noopener\">Ugo Maillard<\/a><br \/>\n        <\/strong><\/p>\n<p>        Publi\u00e9 le<\/p>\n<p>            28 mai 2025 \u00e0 9h53        <\/p>\n<p>C\u2019est une nouvelle qui devrait ravir les restaurants, les commer\u00e7ants et les touristes. Le maire de Saint-Laurent-du-Var (<a href=\"https:\/\/actu.fr\/provence-alpes-cote-d-azur\/alpes-maritimes_06\" target=\"_blank\" rel=\"noopener\">Alpes-Maritimes<\/a>), Joseph Segura, a annonc\u00e9 en grande pompe la r\u00e9ouverture de deux plages de sa commune, le mardi 27\u00a0mai 2025.<\/p>\n<p class=\" wall-content\">Les plages voisines des <strong>Flots bleus et Beach club<\/strong>, interdites \u00e0 la baignade depuis le 15\u00a0juillet 2024, sont de nouveau ouvertes aux baigneurs.<\/p>\n<p>    <a href=\"https:\/\/www.google.com\/maps\/embed?pb=!1m18!1m12!1m3!1d1766.633305214525!2d7.189302151628338!3d43.65795689264889!2m3!1f0!2f0!3f0!3m2!1i1024!2i768!4f13.1!3m3!1m2!1s0x12cdd1432dcc885f%3A0x6e5ec9d29fb3834!2sPlage%20des%20Flots%20Bleus!5e0!3m2!1sfr!2sfr!4v1748416869998!5m2!1sfr!2sfr\" title=\"Ouvrie le lien\" target=\"_blank\" rel=\"noopener\">Cliquez ici pour visualiser le contenu<\/a><\/p>\n<p class=\" wall-content\">Une d\u00e9cision prise en accord avec les autorit\u00e9s sanitaires.<\/p>\n<p>\u00ab\u2009Les analyses sont bonnes\u2009\u00bb<\/p>\n<p class=\" wall-content\">Accompagn\u00e9 de l\u2019Agence r\u00e9gionale de sant\u00e9, le maire de <a href=\"https:\/\/actu.fr\/provence-alpes-cote-d-azur\/saint-laurent-du-var_06123\" target=\"_blank\" rel=\"noopener\">Saint-Laurent-du-Var<\/a> a pr\u00e9sent\u00e9 les r\u00e9sultats des derni\u00e8res analyses bact\u00e9riologiques. Un point crucial puisque ces fermetures prises par arr\u00eat\u00e9s municipaux rel\u00e8vent d\u2019<strong>\u00e9pisodes de pollution<\/strong> dans les eaux de baignades.<\/p>\n<p>Vid\u00e9os : en ce moment sur Actu<\/p>\n<p class=\" wall-content\">\u00ab\u2009C\u2019est un jour important pour la commune et, on l\u2019esp\u00e8re, la fin d\u2019un \u00e9pisode douloureux pour notre image et de nombreux secteurs d\u2019activit\u00e9\u2009\u00bb, a soulign\u00e9 Joseph Segura.<\/p>\n<blockquote class=\"ac-article-quote wall-content\">\n<p>Les analyses sont bonnes, sous les seuils et donc conformes \u00e0 l\u2019ouverture des plages.<\/p>\n<p>    <strong>ARS<\/strong>\n            <\/p><\/blockquote>\n<p class=\" wall-content\">Interdites depuis janvier\u00a02025, les activit\u00e9s nautiques avaient pu reprendre, en cette mi-mai\u00a02025.<\/p>\n<p class=\" wall-content\">Les plages<strong> Cousteau et Landsberg restent quant \u00e0 elles ferm\u00e9es<\/strong> pour des raisons administratives, mais devraient, selon toutes vraisemblances, rouvrir en 2026.<\/p>\n<p class=\" wall-content\">Suivez toute l\u2019actualit\u00e9 de vos villes et m\u00e9dias favoris en vous inscrivant \u00e0 <a href=\"https:\/\/moncompte.actu.fr\" title=\"D\u00e9couvez Mon Actu\" rel=\"nofollow noopener\" data-trk=\"{&quot;cta&quot;:{&quot;action&quot;:&quot;https:\\\/\\\/moncompte.actu.fr&quot;,&quot;category&quot;:&quot;mon compte&quot;,&quot;from&quot;:&quot;article footer&quot;,&quot;name&quot;:&quot;Mon actu&quot;,&quot;type&quot;:&quot;cta&quot;}}\" target=\"_blank\">Mon Actu<\/a>.<\/p>\n","protected":false},"excerpt":{"rendered":"Par Ugo Maillard Publi\u00e9 le 28 mai 2025 \u00e0 9h53 C\u2019est une nouvelle qui devrait ravir les restaurants,&hellip;\n","protected":false},"author":2,"featured_media":25405,"comment_status":"","ping_status":"","sticky":false,"template":"","format":"standard","meta":{"footnotes":""},"categories":[2819],"tags":[1111,11,1777,674,1011,27,12,2401,8302,52,882,25,71],"class_list":{"0":"post-133813","1":"post","2":"type-post","3":"status-publish","4":"format-standard","5":"has-post-thumbnail","7":"category-nice","8":"tag-actu","9":"tag-actualites","10":"tag-eu","11":"tag-europe","12":"tag-fr","13":"tag-france","14":"tag-news","15":"tag-nice","16":"tag-plages","17":"tag-planete","18":"tag-provence-alpes-cote-dazur","19":"tag-republique-francaise","20":"tag-sante"},"share_on_mastodon":{"url":"https:\/\/pubeurope.com\/@fr\/114584428437134060","error":""},"_links":{"self":[{"href":"https:\/\/www.europesays.com\/fr\/wp-json\/wp\/v2\/posts\/133813","targetHints":{"allow":["GET"]}}],"collection":[{"href":"https:\/\/www.europesays.com\/fr\/wp-json\/wp\/v2\/posts"}],"about":[{"href":"https:\/\/www.europesays.com\/fr\/wp-json\/wp\/v2\/types\/post"}],"author":[{"embeddable":true,"href":"https:\/\/www.europesays.com\/fr\/wp-json\/wp\/v2\/users\/2"}],"replies":[{"embeddable":true,"href":"https:\/\/www.europesays.com\/fr\/wp-json\/wp\/v2\/comments?post=133813"}],"version-history":[{"count":0,"href":"https:\/\/www.europesays.com\/fr\/wp-json\/wp\/v2\/posts\/133813\/revisions"}],"wp:featuredmedia":[{"embeddable":true,"href":"https:\/\/www.europesays.com\/fr\/wp-json\/wp\/v2\/media\/25405"}],"wp:attachment":[{"href":"https:\/\/www.europesays.com\/fr\/wp-json\/wp\/v2\/media?parent=133813"}],"wp:term":[{"taxonomy":"category","embeddable":true,"href":"https:\/\/www.europesays.com\/fr\/wp-json\/wp\/v2\/categories?post=133813"},{"taxonomy":"post_tag","embeddable":true,"href":"https:\/\/www.europesays.com\/fr\/wp-json\/wp\/v2\/tags?post=133813"}],"curies":[{"name":"wp","href":"https:\/\/api.w.org\/{rel}","templated":true}]}}