{"id":133814,"date":"2025-05-28T08:06:16","date_gmt":"2025-05-28T08:06:16","guid":{"rendered":"https:\/\/www.europesays.com\/fr\/133814\/"},"modified":"2025-05-28T08:06:16","modified_gmt":"2025-05-28T08:06:16","slug":"nice-facilite-la-mobilite-avant-la-conference-des-nations-unies-sur-locean","status":"publish","type":"post","link":"https:\/\/www.europesays.com\/fr\/133814\/","title":{"rendered":"Nice facilite la mobilit\u00e9 avant la Conf\u00e9rence des Nations Unies sur l\u2019Oc\u00e9an (\u2026)"},"content":{"rendered":"<p>                    <img loading=\"lazy\" decoding=\"async\" src=\"https:\/\/www.europesays.com\/fr\/wp-content\/uploads\/2025\/05\/f4835641ec646352cc968a4b8a294c.png\" class=\"img-responsive post-image\" width=\"680\" height=\"510\" alt=\"Nice facilite la mobilit\u00e9\" title=\"Nice facilite la mobilit\u00e9 avant la Conf\u00e9rence des Nations Unies sur l'Oc\u00e9an : transports en commun gratuits du 6 au 8 juin\"\/><\/p>\n<p class=\"chapo\">\u00c0 l\u2019occasion de la Conf\u00e9rence des Nations Unies sur l\u2019Oc\u00e9an (UNOC-3) le maire de Nice annonce la gratuit\u00e9 de l\u2019ensemble du r\u00e9seau Lignes d\u2019Azur pendant trois jours du 6 au 8 juin.<\/p>\n<p><strong>Christian Estrosi<\/strong>, maire de Nice, pr\u00e9sident de la M\u00e9tropole Nice C\u00f4te d\u2019Azur, a demand\u00e9 \u00ab\u00a0 de mettre en place la gratuit\u00e9 exceptionnelle de l\u2019ensemble du r\u00e9seau Lignes d\u2019Azur pendant 3 jours\u00a0: vendredi 6, samedi 7 et dimanche 8 juin 2025. \u00a0\u00bb<\/p>\n<p>Cette mesure vise \u00e0 faciliter les d\u00e9placements des habitants et des visiteurs avant cet \u00e9v\u00e9nement international de premier plan ( du 9 au 13 juin \u00e0 Nice). Nice accueillera en effet de nombreuses d\u00e9l\u00e9gations et participants venus des quatre coins du globe. Pour permettre \u00e0 tous de profiter pleinement des animations pr\u00e9vues, notamment <strong>le spectacle de drones exceptionnel du 6 juin au soir,<\/strong> un renforcement significatif de l\u2019offre tramway est \u00e9galement pr\u00e9vu. Des fr\u00e9quences accrues et des moyens suppl\u00e9mentaires seront mis en place pour garantir des retours fluides et s\u00fbrs.<\/p>\n<p>\u00ab\u00a0Afin de faciliter la mobilit\u00e9 de tous, de r\u00e9duire l\u2019empreinte carbone de la manifestation et de permettre \u00e0 chacun de profiter pleinement des festivit\u00e9s, l\u2019ensemble des bus et tramways du r\u00e9seau Lignes d\u2019Azur seront accessibles gratuitement \u00e0 tous durant ces trois jours \u00a0\u00bb, a pr\u00e9cis\u00e9 Christian Estrosi. La M\u00e9tropole invite tous les habitants et visiteurs \u00e0 privil\u00e9gier les transports en commun, en particulier le tramway, qui fonctionnera normalement. Des ajustements ponctuels sont toutefois \u00e0 pr\u00e9voir sur certaines lignes de bus\u00a0; les informations seront disponibles sur le site du r\u00e9seau Lignes d\u2019Azur.<br class=\"texte\"\/><br \/>\nCette d\u00e9cision s\u2019inscrit dans la volont\u00e9 de faire de Nice une ville exemplaire en mati\u00e8re de transition \u00e9cologique, tout en assurant une accessibilit\u00e9 optimale \u00e0 un \u00e9v\u00e9nement qui place la ville au centre des enjeux mondiaux pour la pr\u00e9servation des oc\u00e9ans.<\/p>\n","protected":false},"excerpt":{"rendered":"\u00c0 l\u2019occasion de la Conf\u00e9rence des Nations Unies sur l\u2019Oc\u00e9an (UNOC-3) le maire de Nice annonce la gratuit\u00e9&hellip;\n","protected":false},"author":2,"featured_media":133815,"comment_status":"","ping_status":"","sticky":false,"template":"","format":"standard","meta":{"footnotes":""},"categories":[2819],"tags":[1111,11,2408,1777,674,1011,27,12,2401,882,25],"class_list":{"0":"post-133814","1":"post","2":"type-post","3":"status-publish","4":"format-standard","5":"has-post-thumbnail","7":"category-nice","8":"tag-actu","9":"tag-actualites","10":"tag-appels-d","11":"tag-eu","12":"tag-europe","13":"tag-fr","14":"tag-france","15":"tag-news","16":"tag-nice","17":"tag-provence-alpes-cote-dazur","18":"tag-republique-francaise"},"share_on_mastodon":{"url":"https:\/\/pubeurope.com\/@fr\/114584432449788237","error":""},"_links":{"self":[{"href":"https:\/\/www.europesays.com\/fr\/wp-json\/wp\/v2\/posts\/133814","targetHints":{"allow":["GET"]}}],"collection":[{"href":"https:\/\/www.europesays.com\/fr\/wp-json\/wp\/v2\/posts"}],"about":[{"href":"https:\/\/www.europesays.com\/fr\/wp-json\/wp\/v2\/types\/post"}],"author":[{"embeddable":true,"href":"https:\/\/www.europesays.com\/fr\/wp-json\/wp\/v2\/users\/2"}],"replies":[{"embeddable":true,"href":"https:\/\/www.europesays.com\/fr\/wp-json\/wp\/v2\/comments?post=133814"}],"version-history":[{"count":0,"href":"https:\/\/www.europesays.com\/fr\/wp-json\/wp\/v2\/posts\/133814\/revisions"}],"wp:featuredmedia":[{"embeddable":true,"href":"https:\/\/www.europesays.com\/fr\/wp-json\/wp\/v2\/media\/133815"}],"wp:attachment":[{"href":"https:\/\/www.europesays.com\/fr\/wp-json\/wp\/v2\/media?parent=133814"}],"wp:term":[{"taxonomy":"category","embeddable":true,"href":"https:\/\/www.europesays.com\/fr\/wp-json\/wp\/v2\/categories?post=133814"},{"taxonomy":"post_tag","embeddable":true,"href":"https:\/\/www.europesays.com\/fr\/wp-json\/wp\/v2\/tags?post=133814"}],"curies":[{"name":"wp","href":"https:\/\/api.w.org\/{rel}","templated":true}]}}