{"id":133816,"date":"2025-05-28T08:07:08","date_gmt":"2025-05-28T08:07:08","guid":{"rendered":"https:\/\/www.europesays.com\/fr\/133816\/"},"modified":"2025-05-28T08:07:08","modified_gmt":"2025-05-28T08:07:08","slug":"deux-hommes-condamnes-un-autre-acquitte","status":"publish","type":"post","link":"https:\/\/www.europesays.com\/fr\/133816\/","title":{"rendered":"deux hommes condamn\u00e9s, un autre acquitt\u00e9"},"content":{"rendered":"<p>            Par<br \/>\n        <strong><br \/>\n            <a href=\"https:\/\/actu.fr\/auteur\/laure-gentil\" title=\"Consulter tous les articles de Laure Gentil\" rel=\"nofollow noopener\" target=\"_blank\">Laure Gentil<\/a><br \/>\n        <\/strong><\/p>\n<p>        Publi\u00e9 le<\/p>\n<p>            28 mai 2025 \u00e0 9h18        <\/p>\n<p>Le <a href=\"https:\/\/actu.fr\/pays-de-la-loire\/nantes_44109\/nantes-trois-hommes-designes-par-la-rumeur-du-meurtre-d-esteban-juges-aux-assises_62659669.html\" rel=\"nofollow noopener\" target=\"_blank\">proc\u00e8s qui devait durer cinq jours<\/a> a finalement \u00e9t\u00e9 prolong\u00e9 d\u2019une journ\u00e9e. Trois hommes,<strong> Mohamed L. , Moktar S. et Djailani E<\/strong>, \u00e2g\u00e9s de 26 et 29 ans ont comparu pendant six jours \u00e0 la cour d\u2019assises de Loire-Atlantique, pour le <strong>meurtre du jeune Esteban Le Costevec<\/strong>, 18 ans, survenu \u00e0 Saint-Herblain (Loire-Atlantique) en 2019.<\/p>\n<p class=\" wall-content\">Moktar S. est acquitt\u00e9 de tous les chefs d\u2019accusation. La cour<strong> acte le meurtre en bande organis\u00e9e, mais ne d\u00e9signe aucun coupable<\/strong>, Mohamed L. est acquitt\u00e9 du chef d\u2019accusation de meurtre en bande organis\u00e9e.\u00a0<\/p>\n<p class=\" wall-content\">Mohamed L. et Djailani E, sont reconnus coupable de l\u2019association de malfaiteurs en vue de la pr\u00e9paration du crime. <strong>Mohamed L. est condamn\u00e9 \u00e0 10 ans de prison<\/strong> (maximum l\u00e9gal) tandis que <strong>Djailani E. est condamn\u00e9 \u00e0 huit ans de prison avec mandat de d\u00e9p\u00f4t<\/strong>.\u00a0<\/p>\n<p>Le trafic de drogue au c\u0153ur du dossier<\/p>\n<p class=\" wall-content\">Peu avant 1h du matin, le 3 ao\u00fbt 2019, Esteban s\u2019effondre devant un hall d\u2019immeuble situ\u00e9 au <strong>17, rue Th\u00e9ophile-Guillou<\/strong>. Un lieu connu pour \u00eatre un point de deal et localis\u00e9 \u00e0 proximit\u00e9 du domicile du jeune homme.<\/p>\n<p class=\" wall-content\">Malgr\u00e9 sa prise en charge par les pompiers, Esteban meurt 30 minutes environ apr\u00e8s s\u2019\u00eatre fait tirer dans le dos\u2009: une balle a atteint son poumon et son c\u0153ur.\u00a0<\/p>\n<p>Vid\u00e9os : en ce moment sur Actu<\/p>\n<p class=\" wall-content\">Le trafic de drogue, et la guerre de territoire qui en d\u00e9coule, ont \u00e9t\u00e9 au c\u0153ur du dossier. <a href=\"https:\/\/actu.fr\/pays-de-la-loire\/nantes_44109\/proces-esteban-a-nantes-je-n-ai-rien-a-voir-avec-cette-histoire-assure-l-un-des-accuses_62661782.html\" rel=\"nofollow noopener\" target=\"_blank\">Mohamed L. et Moktar S., les deux accus\u00e9s en d\u00e9tention provisoire, n\u2019ont eu de cesse de clamer leur innocence.<\/a> Ils assurent ne pas avoir \u00e9t\u00e9 pr\u00e9sents dans la voiture, une Audi A3 au toit \u00ab\u2009en verre noir\u2009\u00bb, dont sont partis les coups de feu.<\/p>\n<p class=\" wall-content\">Djailani E., le propri\u00e9taire de la voiture, qui <strong>a comparu libre<\/strong> pour association de malfaiteurs en vue de la pr\u00e9paration d\u2019un crime, a, lui aussi, affirm\u00e9 son innocence.<\/p>\n<p class=\" wall-content\">Suivez toute l\u2019actualit\u00e9 de vos villes et m\u00e9dias favoris en vous inscrivant \u00e0 <a href=\"https:\/\/moncompte.actu.fr\" title=\"D\u00e9couvez Mon Actu\" rel=\"nofollow noopener\" data-trk=\"{&quot;cta&quot;:{&quot;action&quot;:&quot;https:\\\/\\\/moncompte.actu.fr&quot;,&quot;category&quot;:&quot;mon compte&quot;,&quot;from&quot;:&quot;article footer&quot;,&quot;name&quot;:&quot;Mon actu&quot;,&quot;type&quot;:&quot;cta&quot;}}\" target=\"_blank\">Mon Actu<\/a>.<\/p>\n","protected":false},"excerpt":{"rendered":"Par Laure Gentil Publi\u00e9 le 28 mai 2025 \u00e0 9h18 Le proc\u00e8s qui devait durer cinq jours a&hellip;\n","protected":false},"author":2,"featured_media":29686,"comment_status":"","ping_status":"","sticky":false,"template":"","format":"standard","meta":{"footnotes":""},"categories":[2818],"tags":[1111,11,1777,674,118,1011,27,303,777,766,12,2636,25],"class_list":{"0":"post-133816","1":"post","2":"type-post","3":"status-publish","4":"format-standard","5":"has-post-thumbnail","7":"category-nantes","8":"tag-actu","9":"tag-actualites","10":"tag-eu","11":"tag-europe","12":"tag-faits-divers","13":"tag-fr","14":"tag-france","15":"tag-justice","16":"tag-meurtre","17":"tag-nantes","18":"tag-news","19":"tag-pays-de-la-loire","20":"tag-republique-francaise"},"share_on_mastodon":{"url":"https:\/\/pubeurope.com\/@fr\/114584436328260599","error":""},"_links":{"self":[{"href":"https:\/\/www.europesays.com\/fr\/wp-json\/wp\/v2\/posts\/133816","targetHints":{"allow":["GET"]}}],"collection":[{"href":"https:\/\/www.europesays.com\/fr\/wp-json\/wp\/v2\/posts"}],"about":[{"href":"https:\/\/www.europesays.com\/fr\/wp-json\/wp\/v2\/types\/post"}],"author":[{"embeddable":true,"href":"https:\/\/www.europesays.com\/fr\/wp-json\/wp\/v2\/users\/2"}],"replies":[{"embeddable":true,"href":"https:\/\/www.europesays.com\/fr\/wp-json\/wp\/v2\/comments?post=133816"}],"version-history":[{"count":0,"href":"https:\/\/www.europesays.com\/fr\/wp-json\/wp\/v2\/posts\/133816\/revisions"}],"wp:featuredmedia":[{"embeddable":true,"href":"https:\/\/www.europesays.com\/fr\/wp-json\/wp\/v2\/media\/29686"}],"wp:attachment":[{"href":"https:\/\/www.europesays.com\/fr\/wp-json\/wp\/v2\/media?parent=133816"}],"wp:term":[{"taxonomy":"category","embeddable":true,"href":"https:\/\/www.europesays.com\/fr\/wp-json\/wp\/v2\/categories?post=133816"},{"taxonomy":"post_tag","embeddable":true,"href":"https:\/\/www.europesays.com\/fr\/wp-json\/wp\/v2\/tags?post=133816"}],"curies":[{"name":"wp","href":"https:\/\/api.w.org\/{rel}","templated":true}]}}