{"id":133829,"date":"2025-05-28T08:15:08","date_gmt":"2025-05-28T08:15:08","guid":{"rendered":"https:\/\/www.europesays.com\/fr\/133829\/"},"modified":"2025-05-28T08:15:08","modified_gmt":"2025-05-28T08:15:08","slug":"un-adolescent-de-13-ans-grievement-blesse-apres-une-chute-de-velo-son-pronostic-vital-engage","status":"publish","type":"post","link":"https:\/\/www.europesays.com\/fr\/133829\/","title":{"rendered":"un adolescent de 13\u00a0ans gri\u00e8vement bless\u00e9 apr\u00e8s une chute de v\u00e9lo, son pronostic vital engag\u00e9"},"content":{"rendered":"<p>Un adolescent qui empruntait l&rsquo;avenue Ibrahim Ali, dans le 15e arrondissement de Marseille, a lourdement chut\u00e9 de son <a href=\"https:\/\/www.laprovence.com\/article\/faits-divers-justice\/1423606022844115\/marseille-un-cycliste-renverse-par-un-motard-en-roue-arriere\" target=\"_blank\" rel=\"noopener\">v\u00e9lo<\/a> mardi soir, peu apr\u00e8s 21h30. Il serait tomb\u00e9 sur la t\u00eate et souffre d&rsquo;un traumatisme cr\u00e2nien. \u00c2g\u00e9e de 13 ans, la victime a \u00e9t\u00e9 transport\u00e9e en r\u00e9animation \u00e0 l&rsquo;<a href=\"https:\/\/www.laprovence.com\/article\/region\/1431931476201115\/un-cycliste-de-70-ans-hospitalise-apres-un-grave-accident-pres-du-port-de-sausset-les-pins\" target=\"_blank\" rel=\"noopener\">h\u00f4pital<\/a> de la Timone avec un pronostic vital engag\u00e9.<\/p>\n<p>La t\u00eate touch\u00e9e au moins une fois sur 3<\/p>\n<p>S&rsquo;il n&rsquo;est pas obligatoire apr\u00e8s l&rsquo;\u00e2ge de 12 ans pour circuler \u00e0 v\u00e9lo, le port du casque est fortement recommand\u00e9 par la S\u00e9curit\u00e9 routi\u00e8re. Selon une \u00e9tude men\u00e9e par des <a href=\"https:\/\/www.laprovence.com\/article\/actualites\/3619990\/une-baisse-de-58-des-traumatismes-craniens-grace-au-port-du-casque-en-velo.html\" target=\"_blank\" rel=\"noopener\">chercheurs<\/a> de l&rsquo;Universit\u00e9 de Tucson en Arizona, porter un casque \u00e0 v\u00e9lo diminue de 58% le risque de traumatisme cr\u00e2nien s\u00e9v\u00e8re.\u00a0<\/p>\n<p>Selon l&rsquo;Institut national de veille sanitaire (InVS), le v\u00e9lo serait responsable chaque ann\u00e9e, en France, de 255 morts et de 6520 bless\u00e9s. La t\u00eate est touch\u00e9e plus de 1 fois sur 3, dont 48% chez les enfants de 5 \u00e0 10 ans.<\/p>\n","protected":false},"excerpt":{"rendered":"Un adolescent qui empruntait l&rsquo;avenue Ibrahim Ali, dans le 15e arrondissement de Marseille, a lourdement chut\u00e9 de son&hellip;\n","protected":false},"author":2,"featured_media":133830,"comment_status":"","ping_status":"","sticky":false,"template":"","format":"standard","meta":{"footnotes":""},"categories":[2814],"tags":[25969,17,1111,11,1084,150,3916,1777,674,274,1011,27,3915,884,12,882,25,96],"class_list":{"0":"post-133829","1":"post","2":"type-post","3":"status-publish","4":"format-standard","5":"has-post-thumbnail","7":"category-marseille","8":"tag-13-ans","9":"tag-17","10":"tag-actu","11":"tag-actualites","12":"tag-adolescent","13":"tag-apres","14":"tag-blesse","15":"tag-eu","16":"tag-europe","17":"tag-faits-divers-justice","18":"tag-fr","19":"tag-france","20":"tag-grievement","21":"tag-marseille","22":"tag-news","23":"tag-provence-alpes-cote-dazur","24":"tag-republique-francaise","25":"tag-une"},"share_on_mastodon":{"url":"https:\/\/pubeurope.com\/@fr\/114584467727855840","error":""},"_links":{"self":[{"href":"https:\/\/www.europesays.com\/fr\/wp-json\/wp\/v2\/posts\/133829","targetHints":{"allow":["GET"]}}],"collection":[{"href":"https:\/\/www.europesays.com\/fr\/wp-json\/wp\/v2\/posts"}],"about":[{"href":"https:\/\/www.europesays.com\/fr\/wp-json\/wp\/v2\/types\/post"}],"author":[{"embeddable":true,"href":"https:\/\/www.europesays.com\/fr\/wp-json\/wp\/v2\/users\/2"}],"replies":[{"embeddable":true,"href":"https:\/\/www.europesays.com\/fr\/wp-json\/wp\/v2\/comments?post=133829"}],"version-history":[{"count":0,"href":"https:\/\/www.europesays.com\/fr\/wp-json\/wp\/v2\/posts\/133829\/revisions"}],"wp:featuredmedia":[{"embeddable":true,"href":"https:\/\/www.europesays.com\/fr\/wp-json\/wp\/v2\/media\/133830"}],"wp:attachment":[{"href":"https:\/\/www.europesays.com\/fr\/wp-json\/wp\/v2\/media?parent=133829"}],"wp:term":[{"taxonomy":"category","embeddable":true,"href":"https:\/\/www.europesays.com\/fr\/wp-json\/wp\/v2\/categories?post=133829"},{"taxonomy":"post_tag","embeddable":true,"href":"https:\/\/www.europesays.com\/fr\/wp-json\/wp\/v2\/tags?post=133829"}],"curies":[{"name":"wp","href":"https:\/\/api.w.org\/{rel}","templated":true}]}}