{"id":133831,"date":"2025-05-28T08:16:12","date_gmt":"2025-05-28T08:16:12","guid":{"rendered":"https:\/\/www.europesays.com\/fr\/133831\/"},"modified":"2025-05-28T08:16:12","modified_gmt":"2025-05-28T08:16:12","slug":"supporters-du-psg-a-marseille-sauve-qui-peut-pour-la-finale","status":"publish","type":"post","link":"https:\/\/www.europesays.com\/fr\/133831\/","title":{"rendered":"Supporters du PSG \u00e0 Marseille : sauve-qui-peut pour la finale"},"content":{"rendered":"<p>Ils sont N\u00e9o-Marseillais et ont emmen\u00e9 avec eux leur amour du PSG. Un amour difficile \u00e0 vivre, mais pas impossible, car \u00ab\u00a0au moins ici on parle de foot, m\u00eame si c&rsquo;est de l&rsquo;OM\u00a0\u00bb, admet Matthieu.<\/p>\n<p>Dans trois jours c&rsquo;est la finale de la Ligue des champions, entre Paris et l&rsquo;Inter Milan, mais ils ne peuvent raisonnablement pas la vivre ici.\u00a0\u00ab\u00a0Les supporters marseillais sont hyper heureux de d\u00e9tester Paris, \u00e7a lie les gens\u00a0\u00bb, observe Axel, r\u00e9f\u00e9rent p\u00e9riscolaire de 29 ans entour\u00e9 de \u00ab\u00a0fans atomiques\u00a0\u00bb de l&rsquo;Olympique de Marseille.<\/p>\n<p>Au bureau, Olivier a d\u00e9couvert un matin un autocollant PSG sur sa poubelle : \u00ab\u00a0On passe notre vie \u00e0 se chambrer, \u00e0 rigoler\u00a0\u00bb.\u00a0Yazid Sayoud, lui, rigolait moins quand il a re\u00e7u sur son bureau des bo\u00eetes estampill\u00e9es \u00ab\u00a0PSG\u00a0\u00bb avec un cercueil. \u00ab\u00a0On est au croisement de l&rsquo;humour et du s\u00e9rieux. C&rsquo;est un peu comme une blague sexiste ou raciste, y a toujours un petit quelque chose\u00a0\u00bb, explique ce directeur d&rsquo;association de 38 ans, le seul \u00e0 avoir accept\u00e9 de donner son nom.<\/p>\n<p>Pour lui, l&rsquo;arriv\u00e9e massive de Parisiens au moment du Covid pose des questions d&rsquo;identit\u00e9, de gentrification, dans la grande ville la plus pauvre de France. \u00ab\u00a0Chaque fois que je d\u00e9bats avec des Marseillais, j&rsquo;entends +vous et votre \u00e9quipe de millionnaires+; +les Qataris+, +vous avez de l&rsquo;argent\u00a0et nous pas+\u00a0\u00bb, \u00e9num\u00e8re Yazid, qui y voit aussi un message politique.<\/p>\n<p>Et il y en a toujours un qui va glisser \u00ab\u00a0A jamais les premiers\u00a0\u00bb, la phrase pr\u00e9f\u00e9r\u00e9e des Marseillais pour rappeler que l&rsquo;OM est le premier &#8211;et \u00e0 ce jour le seul&#8211; club fran\u00e7ais \u00e0 avoir remport\u00e9 la Ligue des champions en 1993.<\/p>\n<p>Maxime, 38 ans, a lui \u00e9cout\u00e9 les conseils de ses amis: \u00ab\u00a0ne surtout pas donner ton nom de famille ni dire o\u00f9 tu habites\u00a0\u00bb dans cet article.<\/p>\n<p>Dangereux de supporter le PSG \u00e0 Marseille ?<\/p>\n<p>\u00a0<\/p>\n<p>Au V\u00e9lodrome \u00ab\u00a0incognito\u00a0\u00bb<\/p>\n<p>\u00a0<\/p>\n<p>En 2020, le pr\u00e9fet de police des Bouches-du-Rh\u00f4ne de l&rsquo;\u00e9poque avait suscit\u00e9 un toll\u00e9 en tentant d&rsquo;interdire de porter le maillot parisien pour \u00e9viter les troubles \u00e0 l&rsquo;ordre public lors de la finale de C1 PSG-Bayern Munich.<\/p>\n<p>A l&rsquo;\u00e9poque, Olivier avait mal v\u00e9cu de voir dans les rues beaucoup de Marseillais aux couleurs du Bayern. Et J\u00e9r\u00e9my se souvient d&rsquo;avoir \u00ab\u00a0entendu dans la rue, dans les restos, des trucs \u00e0 limite de la haine\u00a0\u00bb, et \u00e7a l&rsquo;avait \u00ab\u00a0vraiment choqu\u00e9\u00a0\u00bb.<\/p>\n<p>Alors porter le maillot parisien dans la rue&#8230; \u00ab\u00a0Comment dire, j&rsquo;ai 39 ans, je suis p\u00e8re de famille et je sais qu&rsquo;on peut tomber sur des d\u00e9biles partout\u00a0\u00bb, explique J\u00e9r\u00e9my, qui travaille dans l&rsquo;audiovisuel.<\/p>\n<p>Dans son club de sport, Matthieu joue avec une casquette \u00ab\u00a0Ici, c&rsquo;est Paris !\u00a0\u00bb, l&rsquo;\u00e9quivalent du \u00ab\u00a0Droit au but\u00a0\u00bb de l&rsquo;OM. Mais pour lui c&rsquo;est moins provocateur qu&rsquo;un maillot et avec ce petit accessoire, il se sent lui-m\u00eame.<\/p>\n<p>Avec J\u00e9r\u00e9my, ils sont all\u00e9s trois fois au V\u00e9lodrome voir des classiques OM-PSG, \u00ab\u00a0incognito\u00a0\u00bb: on fait semblant de se prendre dans les bras quand l&rsquo;OM marque.<\/p>\n<p>Samedi, pour la grande finale, c&rsquo;est sauve-qui-peut. \u00ab\u00a0Hors de question de regarder la finale d&rsquo;ici\u00a0\u00bb car \u00ab\u00a0si on gagne, je peux pas faire la f\u00eate, et si on perd, je prends la mar\u00e9e\u00a0\u00bb, anticipe Matthieu.<\/p>\n<p>Il a donc pris son billet pour Paris et il est certain que la gare Saint-Charles sera blind\u00e9e de supporters parisiens samedi. De fait, tous les trains affichent complets. Avec ses amis, ils ont pr\u00e9vu d&rsquo;attendre d&rsquo;\u00eatre dans le train pour mettre leurs maillots.<\/p>\n<p>Paranos ? Pas vraiment \u00e0 en croire la police, qui a \u00ab\u00a0d\u00e9tect\u00e9 un risque de c\u00e9l\u00e9bration sur la voie publique\u00a0\u00bb&#8230; en cas de victoire de l&rsquo;Inter.<\/p>\n<p>Les soutiens apport\u00e9s au club parisien par Zinedine Zidane, l&rsquo;enfant prodige de la cit\u00e9 phoc\u00e9enne et Basile Boli, LE buteur l\u00e9gendaire de l&rsquo;OM en 1993, ont ulc\u00e9r\u00e9 beaucoup de Marseillais.\u00a0Ici on ne plaisante pas avec \u00e7a: l&rsquo;an dernier, le partenariat, tr\u00e8s vite avort\u00e9, entre Pernod Ricard, le g\u00e9ant marseillais du pastis et des spiritueux, et le PSG, avait provoqu\u00e9 un scandale sur la Canebi\u00e8re.<\/p>\n<p>Et pr\u00e8s du Vieux-Port, rares sont les pubs comme le O&rsquo;Malley&rsquo;s pr\u00eats \u00e0 accueillir des supporters parisiens. Mais le patron pr\u00e9vient: il a achet\u00e9 des maillots de l&rsquo;Inter pour ses serveurs.<\/p>\n<p>\u00a0<\/p>\n<p>\u00a9 Agence France-Presse (par S. Laffont et B. Berkane)\u00a0<\/p>\n","protected":false},"excerpt":{"rendered":"Ils sont N\u00e9o-Marseillais et ont emmen\u00e9 avec eux leur amour du PSG. Un amour difficile \u00e0 vivre, mais&hellip;\n","protected":false},"author":2,"featured_media":133832,"comment_status":"","ping_status":"","sticky":false,"template":"","format":"standard","meta":{"footnotes":""},"categories":[2814],"tags":[1111,11,1777,674,1011,27,447,884,12,149,882,93,25,10221],"class_list":{"0":"post-133831","1":"post","2":"type-post","3":"status-publish","4":"format-standard","5":"has-post-thumbnail","7":"category-marseille","8":"tag-actu","9":"tag-actualites","10":"tag-eu","11":"tag-europe","12":"tag-fr","13":"tag-france","14":"tag-ligue-des-champions","15":"tag-marseille","16":"tag-news","17":"tag-om","18":"tag-provence-alpes-cote-dazur","19":"tag-psg","20":"tag-republique-francaise","21":"tag-supporters"},"share_on_mastodon":{"url":"https:\/\/pubeurope.com\/@fr\/114584471657826405","error":""},"_links":{"self":[{"href":"https:\/\/www.europesays.com\/fr\/wp-json\/wp\/v2\/posts\/133831","targetHints":{"allow":["GET"]}}],"collection":[{"href":"https:\/\/www.europesays.com\/fr\/wp-json\/wp\/v2\/posts"}],"about":[{"href":"https:\/\/www.europesays.com\/fr\/wp-json\/wp\/v2\/types\/post"}],"author":[{"embeddable":true,"href":"https:\/\/www.europesays.com\/fr\/wp-json\/wp\/v2\/users\/2"}],"replies":[{"embeddable":true,"href":"https:\/\/www.europesays.com\/fr\/wp-json\/wp\/v2\/comments?post=133831"}],"version-history":[{"count":0,"href":"https:\/\/www.europesays.com\/fr\/wp-json\/wp\/v2\/posts\/133831\/revisions"}],"wp:featuredmedia":[{"embeddable":true,"href":"https:\/\/www.europesays.com\/fr\/wp-json\/wp\/v2\/media\/133832"}],"wp:attachment":[{"href":"https:\/\/www.europesays.com\/fr\/wp-json\/wp\/v2\/media?parent=133831"}],"wp:term":[{"taxonomy":"category","embeddable":true,"href":"https:\/\/www.europesays.com\/fr\/wp-json\/wp\/v2\/categories?post=133831"},{"taxonomy":"post_tag","embeddable":true,"href":"https:\/\/www.europesays.com\/fr\/wp-json\/wp\/v2\/tags?post=133831"}],"curies":[{"name":"wp","href":"https:\/\/api.w.org\/{rel}","templated":true}]}}