{"id":133833,"date":"2025-05-28T08:17:08","date_gmt":"2025-05-28T08:17:08","guid":{"rendered":"https:\/\/www.europesays.com\/fr\/133833\/"},"modified":"2025-05-28T08:17:08","modified_gmt":"2025-05-28T08:17:08","slug":"une-celebre-patisserie-ouvre-sa-quatrieme-boutique-dans-un-quartier-emblematique-de-la-ville","status":"publish","type":"post","link":"https:\/\/www.europesays.com\/fr\/133833\/","title":{"rendered":"Une c\u00e9l\u00e8bre p\u00e2tisserie ouvre sa quatri\u00e8me boutique dans un quartier embl\u00e9matique de la ville !"},"content":{"rendered":"<p>\t\t\t\t\t\t\t\t\t\t\t<img loading=\"lazy\" decoding=\"async\" width=\"1110\" title=\"Lyon : Une c\u00e9l\u00e8bre p\u00e2tisserie ouvre sa quatri\u00e8me boutique dans un quartier embl\u00e9matique de la ville !\" class=\"img-fluid not_lzld mb-3\" src=\"https:\/\/www.europesays.com\/fr\/wp-content\/uploads\/2025\/05\/1110x624_lyon-une-celebre-patisserie-ouvre-sa-quatrieme-boutique-dans-un-quartier-emblematique-de-la\" alt=\"Lyon : Une c\u00e9l\u00e8bre p\u00e2tisserie ouvre sa quatri\u00e8me boutique dans un quartier embl\u00e9matique de la ville !\" itemprop=\"image\" height=\"624\"\/>\t\t\t\t\t\t\t\t\t\t\t\t<\/p>\n<p>Instagram @auxmerveilleuxfrance<\/p>\n<p>Amis Lyonnais qui ont un faible pour<strong> les meringues <\/strong>et les gourmandises sucr\u00e9es, vous devez forc\u00e9ment conna\u00eetre l&rsquo;enseigne \u00ab\u00a0<strong>Aux Merveilleux de Fred<\/strong>\u00ab\u00a0, temple absolu pour les fans de p\u00e2tisserie. Et les gourmands n&rsquo;ont pas besoin de chercher<strong> LA boutique de la ville<\/strong> puisque Lyon a d\u00e9j\u00e0 <strong>trois \u00e9tablissements de l&rsquo;enseigne<\/strong> : un \u00e0 <strong>Cordeliers <\/strong>dans le 2\u00e8me arrondissement, un sur <strong>le boulevard Foch <\/strong>dans le 6\u00e8me, et un \u00e0 <strong>la gare Lyon Part-Dieu<\/strong>, histoire de r\u00e9cup\u00e9rer le parfait petit encas avant de prendre son train.\u00a0<\/p>\n<p>Et bonne nouvelle : <strong>une quatri\u00e8me boutique est officiellement attendue dans la Capitale des Gaules <\/strong>! D\u00e9sormais, vous pourrez aussi la retrouver sur<strong> la place de la Croix-Rousse<\/strong>, dans le quartier du m\u00eame nom du<strong> 4\u00e8me arrondissement de Lyon<\/strong>.\u00a0<\/p>\n<p>C&rsquo;est d&rsquo;ailleurs au num\u00e9ro un de la place, dans les locaux de l&rsquo;ancienne pharmacie, que les parac\u00e9tamols et les sirops pour la toux seront remplac\u00e9s par <strong>les p\u00e2tisseries qui ont fait la r\u00e9putation de l&rsquo;enseigne, les merveilleux<\/strong>, des petits g\u00e2teaux \u00e0 base de meringue et de cr\u00e8me bien onctueuse. Mais vous pourrez aussi retrouver <strong>les cramiques<\/strong> &#8211; une revisite du pain brioch\u00e9 &#8211; avec des p\u00e9pites de chocolat, du sucre ou m\u00eame des raisins secs, mais aussi des gaufres, des meringues et des viennoiseries toutes plus gourmandes les unes que les autres.\u00a0<\/p>\n<p>Selon nos confr\u00e8res de Actu.fr, <strong>la boutique devrait ouvrir \u00e0 la fin du mois de juin ou d\u00e9but de juillet<\/strong>, histoire que l&rsquo;\u00e9quipe puisse terminer les derniers travaux. De quoi faire plaisir aux Croix-Roussiens, qui auront encore moins de descendre du plateau pour aller chercher leur brioche du matin !<\/p>\n","protected":false},"excerpt":{"rendered":"Instagram @auxmerveilleuxfrance Amis Lyonnais qui ont un faible pour les meringues et les gourmandises sucr\u00e9es, vous devez forc\u00e9ment&hellip;\n","protected":false},"author":2,"featured_media":133834,"comment_status":"","ping_status":"","sticky":false,"template":"","format":"standard","meta":{"footnotes":""},"categories":[1889],"tags":[1111,11,2430,650,7734,2889,2263,386,1777,674,1011,27,6417,1114,4662,2428,12,3725,1825,10688,25,2429],"class_list":{"0":"post-133833","1":"post","2":"type-post","3":"status-publish","4":"format-standard","5":"has-post-thumbnail","7":"category-lyon","8":"tag-actu","9":"tag-actualites","10":"tag-auvergne-rhone-alpes","11":"tag-cinema","12":"tag-ecoute","13":"tag-emission","14":"tag-equipe","15":"tag-espace","16":"tag-eu","17":"tag-europe","18":"tag-fr","19":"tag-france","20":"tag-information","21":"tag-infos","22":"tag-journal","23":"tag-lyon","24":"tag-news","25":"tag-podcast","26":"tag-radio","27":"tag-radioespace","28":"tag-republique-francaise","29":"tag-rhone"},"share_on_mastodon":{"url":"https:\/\/pubeurope.com\/@fr\/114584475769051826","error":""},"_links":{"self":[{"href":"https:\/\/www.europesays.com\/fr\/wp-json\/wp\/v2\/posts\/133833","targetHints":{"allow":["GET"]}}],"collection":[{"href":"https:\/\/www.europesays.com\/fr\/wp-json\/wp\/v2\/posts"}],"about":[{"href":"https:\/\/www.europesays.com\/fr\/wp-json\/wp\/v2\/types\/post"}],"author":[{"embeddable":true,"href":"https:\/\/www.europesays.com\/fr\/wp-json\/wp\/v2\/users\/2"}],"replies":[{"embeddable":true,"href":"https:\/\/www.europesays.com\/fr\/wp-json\/wp\/v2\/comments?post=133833"}],"version-history":[{"count":0,"href":"https:\/\/www.europesays.com\/fr\/wp-json\/wp\/v2\/posts\/133833\/revisions"}],"wp:featuredmedia":[{"embeddable":true,"href":"https:\/\/www.europesays.com\/fr\/wp-json\/wp\/v2\/media\/133834"}],"wp:attachment":[{"href":"https:\/\/www.europesays.com\/fr\/wp-json\/wp\/v2\/media?parent=133833"}],"wp:term":[{"taxonomy":"category","embeddable":true,"href":"https:\/\/www.europesays.com\/fr\/wp-json\/wp\/v2\/categories?post=133833"},{"taxonomy":"post_tag","embeddable":true,"href":"https:\/\/www.europesays.com\/fr\/wp-json\/wp\/v2\/tags?post=133833"}],"curies":[{"name":"wp","href":"https:\/\/api.w.org\/{rel}","templated":true}]}}