{"id":133841,"date":"2025-05-28T08:21:08","date_gmt":"2025-05-28T08:21:08","guid":{"rendered":"https:\/\/www.europesays.com\/fr\/133841\/"},"modified":"2025-05-28T08:21:08","modified_gmt":"2025-05-28T08:21:08","slug":"lancienne-candidate-a-la-presidentielle-2022-en-visite-dans-le-sud-sarthe","status":"publish","type":"post","link":"https:\/\/www.europesays.com\/fr\/133841\/","title":{"rendered":"L&rsquo;ancienne candidate \u00e0 la pr\u00e9sidentielle 2022 en visite dans le sud Sarthe"},"content":{"rendered":"<p>            Par<br \/>\n        <strong><br \/>\n            <a href=\"https:\/\/actu.fr\/auteur\/matteo-lebreton\" title=\"Consulter tous les articles de Matt\u00e9o Lebreton\" target=\"_blank\" rel=\"noopener\">Matt\u00e9o Lebreton<\/a><br \/>\n        <\/strong><\/p>\n<p>        Publi\u00e9 le<\/p>\n<p>            28 mai 2025 \u00e0 10h01        <\/p>\n<p>Ce samedi 31\u00a0mai et dimanche 1er\u00a0juin 2025, <b>Val\u00e9rie P\u00e9cresse<\/b>, ancienne candidate aux \u00e9lections pr\u00e9sidentielles de 2022 et actuelle <b>pr\u00e9sidente <\/b>de la R\u00e9gion \u00cele-de-France, sera en <a href=\"https:\/\/actu.fr\/pays-de-la-loire\/sarthe_72\" target=\"_blank\" rel=\"noopener\">Sarthe<\/a>, et plus pr\u00e9cis\u00e9ment au <b>ch\u00e2teau du Lude<\/b>, dans le cadre de la <a href=\"https:\/\/www.lelude.com\/reservation-fete-des-jardiniers\/\" target=\"_blank\" rel=\"noopener\">F\u00eate des Jardiniers<\/a>.<\/p>\n<p>Val\u00e9rie P\u00e9cresse au Lude pour la F\u00eate des Jardiniers<\/p>\n<p class=\" wall-content\">Install\u00e9e au c\u0153ur du parc du <a href=\"https:\/\/www.lelude.com\/\" target=\"_blank\" rel=\"noopener\">ch\u00e2teau du Lude<\/a>, la F\u00eate des Jardiniers offre chaque ann\u00e9e un <b>grand rendez-vous<\/b> aux amateurs de jardinage et aux aficionados de livres sur ce m\u00eame sujet.<\/p>\n<p class=\" wall-content\">Ce samedi 31\u00a0mai et dimanche 1er\u00a0juin, le public pourra y d\u00e9couvrir une <b>soixantaine d\u2019exposants<\/b>, assister \u00e0 des conf\u00e9rences, participer \u00e0 des ateliers mais \u00e9galement \u00e9changer avec des professionnels du jardin.<\/p>\n<p class=\" wall-content\">Cr\u00e9\u00e9 en 2000 par <b>Barbara de Nicola\u00ff<\/b> et l\u2019Association des Parcs et Jardins du Maine, le<b> prix Pierre-Joseph Redout\u00e9<\/b> r\u00e9compense chaque ann\u00e9e l\u2019ouvrage de jardin le plus remarquable publi\u00e9 en langue fran\u00e7aise.<\/p>\n<p class=\" wall-content\">Pour son <b>25e anniversaire,<\/b> c\u2019est la pr\u00e9sidente de la R\u00e9gion \u00cele-de-France et ancienne ministre <b>Val\u00e9rie P\u00e9cresse<\/b> qui remettra le prix le samedi 31\u00a0mai \u00e0 15\u2009h, dans les jardins du Ch\u00e2teau.<\/p>\n<p>Vid\u00e9os : en ce moment sur Actu<\/p>\n<p class=\" wall-content\">Une pr\u00e9sence dont se f\u00e9licite le <b>s\u00e9nateur<\/b> et organisateur de la f\u00eate, <b>Louis-Jean de Nicola\u00ff<\/b>, \u00e0 l\u2019origine de l\u2019invitation.<\/p>\n<blockquote class=\"ac-article-quote wall-content\">\n<p>La pr\u00e9sence de Val\u00e9rie P\u00e9cresse honore notre f\u00eate et donne un \u00e9clat particulier \u00e0 cette \u00e9dition 2025, qui c\u00e9l\u00e8bre la passion du jardin dans toute sa diversit\u00e9.<\/p>\n<\/blockquote>\n<p class=\" wall-content\">Rendez-vous donc ce week-end dans les jardins du ch\u00e2teau\u2009!<\/p>\n<p>Samedi 31\u00a0mai et dimanche 1er\u00a0juin de 10\u2009h \u00e0 19\u2009h. Tarif unique\u2009: 9\u00a0\u20ac. Gratuit pour les moins de 18\u00a0ans. Plus d\u2019informations sur le site internet du ch\u00e2teau.<\/p>\n<p class=\" wall-content\">Suivez toute l\u2019actualit\u00e9 de vos villes et m\u00e9dias favoris en vous inscrivant \u00e0 <a href=\"https:\/\/moncompte.actu.fr\" title=\"D\u00e9couvez Mon Actu\" rel=\"nofollow noopener\" data-trk=\"{&quot;cta&quot;:{&quot;action&quot;:&quot;https:\\\/\\\/moncompte.actu.fr&quot;,&quot;category&quot;:&quot;mon compte&quot;,&quot;from&quot;:&quot;article footer&quot;,&quot;name&quot;:&quot;Mon actu&quot;,&quot;type&quot;:&quot;cta&quot;}}\" target=\"_blank\">Mon Actu<\/a>.<\/p>\n<ul class=\"ac-article-tag wall-content\">\n<li><a href=\"https:\/\/actu.fr\/tag\/chateau-du-lude\" data-trk=\"{&quot;cta&quot;:{&quot;action&quot;:&quot;Ch\\u00e2teau du Lude&quot;,&quot;category&quot;:&quot;tag&quot;,&quot;from&quot;:&quot;article footer&quot;,&quot;name&quot;:&quot;Ch\\u00e2teau du Lude&quot;,&quot;type&quot;:&quot;cta&quot;}}\" target=\"_blank\" rel=\"noopener\">#Ch\u00e2teau du Lude<\/a><\/li>\n<li><a href=\"https:\/\/actu.fr\/tag\/valerie-pecresse\" data-trk=\"{&quot;cta&quot;:{&quot;action&quot;:&quot;Val\\u00e9rie P\\u00e9cresse&quot;,&quot;category&quot;:&quot;tag&quot;,&quot;from&quot;:&quot;article footer&quot;,&quot;name&quot;:&quot;Val\\u00e9rie P\\u00e9cresse&quot;,&quot;type&quot;:&quot;cta&quot;}}\" target=\"_blank\" rel=\"noopener\">#Val\u00e9rie P\u00e9cresse<\/a><\/li>\n<\/ul>\n","protected":false},"excerpt":{"rendered":"Par Matt\u00e9o Lebreton Publi\u00e9 le 28 mai 2025 \u00e0 10h01 Ce samedi 31\u00a0mai et dimanche 1er\u00a0juin 2025, Val\u00e9rie&hellip;\n","protected":false},"author":2,"featured_media":133842,"comment_status":"","ping_status":"","sticky":false,"template":"","format":"standard","meta":{"footnotes":""},"categories":[1888],"tags":[1111,1928,11,1927,25970,1777,674,1011,27,1652,12,1926,626,1925,25,2328],"class_list":{"0":"post-133841","1":"post","2":"type-post","3":"status-publish","4":"format-standard","5":"has-post-thumbnail","7":"category-paris","8":"tag-actu","9":"tag-actu-paris","10":"tag-actualites","11":"tag-actualites-paris","12":"tag-chateau-du-lude","13":"tag-eu","14":"tag-europe","15":"tag-fr","16":"tag-france","17":"tag-loisirs-culture","18":"tag-news","19":"tag-news-paris","20":"tag-paris","21":"tag-paris-news","22":"tag-republique-francaise","23":"tag-valerie-pecresse"},"share_on_mastodon":{"url":"https:\/\/pubeurope.com\/@fr\/114584491324312937","error":""},"_links":{"self":[{"href":"https:\/\/www.europesays.com\/fr\/wp-json\/wp\/v2\/posts\/133841","targetHints":{"allow":["GET"]}}],"collection":[{"href":"https:\/\/www.europesays.com\/fr\/wp-json\/wp\/v2\/posts"}],"about":[{"href":"https:\/\/www.europesays.com\/fr\/wp-json\/wp\/v2\/types\/post"}],"author":[{"embeddable":true,"href":"https:\/\/www.europesays.com\/fr\/wp-json\/wp\/v2\/users\/2"}],"replies":[{"embeddable":true,"href":"https:\/\/www.europesays.com\/fr\/wp-json\/wp\/v2\/comments?post=133841"}],"version-history":[{"count":0,"href":"https:\/\/www.europesays.com\/fr\/wp-json\/wp\/v2\/posts\/133841\/revisions"}],"wp:featuredmedia":[{"embeddable":true,"href":"https:\/\/www.europesays.com\/fr\/wp-json\/wp\/v2\/media\/133842"}],"wp:attachment":[{"href":"https:\/\/www.europesays.com\/fr\/wp-json\/wp\/v2\/media?parent=133841"}],"wp:term":[{"taxonomy":"category","embeddable":true,"href":"https:\/\/www.europesays.com\/fr\/wp-json\/wp\/v2\/categories?post=133841"},{"taxonomy":"post_tag","embeddable":true,"href":"https:\/\/www.europesays.com\/fr\/wp-json\/wp\/v2\/tags?post=133841"}],"curies":[{"name":"wp","href":"https:\/\/api.w.org\/{rel}","templated":true}]}}