{"id":133849,"date":"2025-05-28T08:25:09","date_gmt":"2025-05-28T08:25:09","guid":{"rendered":"https:\/\/www.europesays.com\/fr\/133849\/"},"modified":"2025-05-28T08:25:09","modified_gmt":"2025-05-28T08:25:09","slug":"la-turquie-se-dit-prete-a-accueillir-des-pourparlers-entre-la-russie-et-lukraine","status":"publish","type":"post","link":"https:\/\/www.europesays.com\/fr\/133849\/","title":{"rendered":"La Turquie se dit pr\u00eate \u00e0 accueillir des pourparlers entre la Russie et l&rsquo;Ukraine"},"content":{"rendered":"<p><img decoding=\"async\" class=\"c-ad__placeholder__logo\" src=\"https:\/\/www.europesays.com\/fr\/wp-content\/uploads\/2025\/03\/logo-euronews-grey-6-180x22.svg.svg+xml\" width=\"180\" height=\"22\" alt=\"\" loading=\"lazy\"\/>PUBLICIT\u00c9<\/p>\n<p>Le ministre turc des Affaires \u00e9trang\u00e8res, Hakan Fidan, a d\u00e9clar\u00e9 mardi que son pays \u00e9tait pr\u00eat \u00e0 accueillir un futur cycle de n\u00e9gociations entre l&rsquo;Ukraine et la Russie, exprimant l&rsquo;espoir que les n\u00e9gociations \u00ab\u00a0m\u00e8neront rapidement \u00e0 un cessez-le-feu, suivi d&rsquo;une paix durable\u00a0\u00bb.<\/p>\n<p>\u00ab\u00a0Nous avons soulign\u00e9 que nous \u00e9tions toujours pr\u00eats \u00e0 accueillir des n\u00e9gociations. Nous consid\u00e9rons que c&rsquo;est un devoir, non seulement pour notre r\u00e9gion, mais aussi pour la paix dans le monde\u00a0\u00bb, a d\u00e9clar\u00e9 Hakan Fidan lors d&rsquo;une conf\u00e9rence de presse conjointe avec son homologue russe, Sergue\u00ef Lavrov.<\/p>\n<p>\u00ab\u00a0Nous avons transmis notre demande pour que les prochaines n\u00e9gociations aient lieu en Turquie et nous les avons assur\u00e9s que nous \u00e9tions pr\u00eats \u00e0 y contribuer de toutes les mani\u00e8res possibles\u00a0\u00bb, ajoute-t-il.<\/p>\n<p>Hakan Fidan effectue une visite de deux jours \u00e0 Moscou, o\u00f9 il a rencontr\u00e9 le pr\u00e9sident russe Vladimir Poutine lundi.<\/p>\n<p>Volodymyr Zelensky propose une rencontre avec Donald Trump et Vladimir Poutine<\/p>\n<p>Lors d&rsquo;une conf\u00e9rence de presse mardi, le pr\u00e9sident ukrainien Volodymyr Zelensky s&rsquo;est dit ouvert \u00e0 une rencontre avec Donald Trump et Vladimir Poutine pour faire avancer les n\u00e9gociations.<\/p>\n<p>\u00ab\u00a0Nous sommes pr\u00eats au format Trump-Poutine-moi.\u00a0Si Poutine n\u2019est pas \u00e0 l\u2019aise avec une r\u00e9union bilat\u00e9rale, ou si tout le monde souhaite une r\u00e9union trilat\u00e9rale, cela ne me d\u00e9range pas. Je suis pr\u00eat \u00e0 tout format\u00a0\u00bb, a -t-il d\u00e9clar\u00e9.<\/p>\n<p>Au d\u00e9but du mois, des d\u00e9l\u00e9gations russes et ukrainiennes se sont <a href=\"https:\/\/fr.euronews.com\/my-europe\/2025\/05\/16\/pourparlers-ukraine-russie-a-istanbul-un-echangede-prisonniers-mais-pas-de-treve\" rel=\"nofollow noopener\" target=\"_blank\"><strong>rencontr\u00e9es \u00e0 Istanbul<\/strong><\/a> pour la premi\u00e8re fois depuis 2022.<\/p>\n<p>Ces pourparlers directs ont abouti \u00e0 un <a href=\"https:\/\/fr.euronews.com\/video\/2025\/05\/26\/la-russie-et-lukraine-achevent-la-phase-finale-dun-important-echange-de-prisonniers\" rel=\"nofollow noopener\" target=\"_blank\"><strong>vaste accord d&rsquo;\u00e9change de prisonniers<\/strong><\/a>, mais Moscou s&rsquo;oppose toujours \u00e0 un cessez-le-feu temporaire, l&rsquo;une des conditions que l&rsquo;Ukraine consid\u00e8re comme une premi\u00e8re \u00e9tape indispensable vers un r\u00e8glement pacifique.<\/p>\n<p>Les dirigeants europ\u00e9ens accusent par ailleurs Vladimir Poutine de jouer la montre dans les efforts de paix pour s&#8217;emparer de davantage de terres ukrainiennes.<\/p>\n<p>Dans le m\u00eame temps, le porte-parole du Kremlin, Dmitri Peskov, a critiqu\u00e9 les pays europ\u00e9ens pour avoir <a href=\"https:\/\/fr.euronews.com\/2025\/05\/26\/les-allies-occidentaux-levent-les-restrictions-imposees-a-lukraine-sur-les-armes-de-longue\" rel=\"nofollow noopener\" target=\"_blank\"><strong>continu\u00e9 \u00e0 fournir des armes \u00e0 Kyiv<\/strong><\/a>, estimant que l&rsquo;Europe s&rsquo;est ainsi indirectement impliqu\u00e9e \u00ab\u00a0dans la guerre contre la Russie\u00a0\u00bb, ajoutant que cela \u00ab\u00a0n&rsquo;aide en rien le r\u00e8glement de la paix\u00a0\u00bb en Ukraine.<\/p>\n<p>Donald Trump accuse Vladimir Poutine de \u00ab\u00a0jouer avec le feu\u00a0\u00bb<\/p>\n<p>Dans le m\u00eame temps, la patience de Donald Trump &#8211; qui avait promis de mettre terme au conflit en Ukraine \u00ab\u00a0en 24 heures\u00a0\u00bb, puis \u00ab\u00a0en six mois\u00a0\u00bb &#8211; semble s&rsquo;\u00e9puiser. <\/p>\n<p>Dans un message publi\u00e9 sur son r\u00e9seau Truth Social, le pr\u00e9sident am\u00e9ricain a averti son homologue russe qu&rsquo;il \u00ab\u00a0jouait avec le feu\u00a0\u00bb , apr\u00e8s avoir d\u00e9clar\u00e9 la veille que Vladimir Poutine <a href=\"https:\/\/fr.euronews.com\/2025\/05\/26\/trump-affirme-que-poutine-est-devenu-completement-fou-apres-des-frappes-meurtrieres-en-ukr\" rel=\"nofollow noopener\" target=\"_blank\"><strong>\u00e9tait \u00ab\u00a0devenu compl\u00e8tement fou\u00a0\u00bb<\/strong><\/a>.<\/p>\n<p>\u00ab\u00a0Ce que Vladimir Poutine ne r\u00e9alise pas, c&rsquo;est que si je n&rsquo;\u00e9tais pas l\u00e0, beaucoup de choses vraiment mauvaises seraient d\u00e9j\u00e0 arriv\u00e9es \u00e0 la Russie, des choses VRAIMENT MAUVAISES\u00a0\u00bb, a \u00e9crit Donald Trump.<\/p>\n<p>Les m\u00e9dias am\u00e9ricains affirment que l&rsquo;administration Trump envisagerait de nouvelles sanctions contre la Russie d\u00e8s cette semaine, tout en soulignant que le pr\u00e9sident am\u00e9ricain pourrait encore changer d&rsquo;avis.<\/p>\n<p>Ces informations n&rsquo;ont pas \u00e9t\u00e9 confirm\u00e9es par Donald Trump ou par des responsables de la Maison Blanche, bien que le pr\u00e9sident am\u00e9ricain ait averti \u00e0 plusieurs reprises que Washington pourrait abandonner les efforts de paix si les pourparlers entre Kyiv et Moscou n&rsquo;aboutissaient pas rapidement \u00e0 des r\u00e9sultats positifs.<\/p>\n<p>Vastes attaques r\u00e9ciproques entre l&rsquo;Ukraine et la Russie<\/p>\n<p>Dans la nuit de mercredi \u00e0 jeudi, les forces de d\u00e9fense a\u00e9rienne russes ont intercept\u00e9 296 drones ukrainiens au-dessus de 13 r\u00e9gions russes, a d\u00e9clar\u00e9 le minist\u00e8re russe de la D\u00e9fense. <\/p>\n<p>L&rsquo;une des villes touch\u00e9es par les drones est Doubna, o\u00f9 une usine de production de drones a \u00e9t\u00e9 touch\u00e9e. Une vid\u00e9o publi\u00e9e sur les r\u00e9seaux sociaux montre un drone s&rsquo;abattant sur un b\u00e2timent.<\/p>\n<p>Les autorit\u00e9s russes ajoutent qu&rsquo;une quarantaine de drones se dirigeaient vers Moscou, o\u00f9 ils ont entra\u00een\u00e9 des perturbations du trafic a\u00e9rien pendant plusieurs heures mardi.<\/p>\n<p>De l&rsquo;autre c\u00f4t\u00e9 de la fronti\u00e8re, l&rsquo;arm\u00e9e de l&rsquo;air ukrainienne affirme quant \u00e0 elle avoir <a href=\"https:\/\/t.me\/kpszsu\/35174\" target=\"_blank\" rel=\"noreferrer nofollow\"><strong>d\u00e9truit 71 drones russes<\/strong><\/a> au cours de la nuit de mardi \u00e0 mercredi.<\/p>\n<p>Cette nouvelle vague de frappes survient deux jours apr\u00e8s l&rsquo;attaque de drones russes la plus importante depuis le d\u00e9but de la guerre en Ukraine, Moscou ayant lanc\u00e9 lundi quelque 355 drones d&rsquo;attaque de type Shahed et des leurres sur de nombreuses r\u00e9gions ukrainiennes.<\/p>\n","protected":false},"excerpt":{"rendered":"PUBLICIT\u00c9 Le ministre turc des Affaires \u00e9trang\u00e8res, Hakan Fidan, a d\u00e9clar\u00e9 mardi que son pays \u00e9tait pr\u00eat \u00e0&hellip;\n","protected":false},"author":2,"featured_media":133850,"comment_status":"","ping_status":"","sticky":false,"template":"","format":"standard","meta":{"footnotes":""},"categories":[1591],"tags":[11,75,1887,2025,12,1885,1886,132,220,135],"class_list":{"0":"post-133849","1":"post","2":"type-post","3":"status-publish","4":"format-standard","5":"has-post-thumbnail","7":"category-russie","8":"tag-actualites","9":"tag-donald-trump","10":"tag-federation-de-russie","11":"tag-invasion-de-la-russie-en-ukraine","12":"tag-news","13":"tag-russia","14":"tag-russian-federation","15":"tag-russie","16":"tag-ukraine","17":"tag-vladimir-poutine"},"share_on_mastodon":{"url":"https:\/\/pubeurope.com\/@fr\/114584507061519774","error":""},"_links":{"self":[{"href":"https:\/\/www.europesays.com\/fr\/wp-json\/wp\/v2\/posts\/133849","targetHints":{"allow":["GET"]}}],"collection":[{"href":"https:\/\/www.europesays.com\/fr\/wp-json\/wp\/v2\/posts"}],"about":[{"href":"https:\/\/www.europesays.com\/fr\/wp-json\/wp\/v2\/types\/post"}],"author":[{"embeddable":true,"href":"https:\/\/www.europesays.com\/fr\/wp-json\/wp\/v2\/users\/2"}],"replies":[{"embeddable":true,"href":"https:\/\/www.europesays.com\/fr\/wp-json\/wp\/v2\/comments?post=133849"}],"version-history":[{"count":0,"href":"https:\/\/www.europesays.com\/fr\/wp-json\/wp\/v2\/posts\/133849\/revisions"}],"wp:featuredmedia":[{"embeddable":true,"href":"https:\/\/www.europesays.com\/fr\/wp-json\/wp\/v2\/media\/133850"}],"wp:attachment":[{"href":"https:\/\/www.europesays.com\/fr\/wp-json\/wp\/v2\/media?parent=133849"}],"wp:term":[{"taxonomy":"category","embeddable":true,"href":"https:\/\/www.europesays.com\/fr\/wp-json\/wp\/v2\/categories?post=133849"},{"taxonomy":"post_tag","embeddable":true,"href":"https:\/\/www.europesays.com\/fr\/wp-json\/wp\/v2\/tags?post=133849"}],"curies":[{"name":"wp","href":"https:\/\/api.w.org\/{rel}","templated":true}]}}