{"id":133867,"date":"2025-05-28T08:34:14","date_gmt":"2025-05-28T08:34:14","guid":{"rendered":"https:\/\/www.europesays.com\/fr\/133867\/"},"modified":"2025-05-28T08:34:14","modified_gmt":"2025-05-28T08:34:14","slug":"zidane-reve-des-bleus-et-a-hate-de-prendre-le-poste-de-selectionneur","status":"publish","type":"post","link":"https:\/\/www.europesays.com\/fr\/133867\/","title":{"rendered":"Zidane \u00ab\u00a0r\u00eave\u00a0\u00bb des Bleus et a \u00ab\u00a0h\u00e2te\u00a0\u00bb de prendre le poste de s\u00e9lectionneur"},"content":{"rendered":"<p class=\"article-p mdl\">Il est le grand favori et s&rsquo;il parle peu, Zin\u00e9dine Zidane a clairement pos\u00e9 ses ambitions pour le poste de s\u00e9lectionneur de l&rsquo;\u00e9quipe de France. Apr\u00e8s l&rsquo;annonce de Didier Deschamps de quitter le banc des Bleus apr\u00e8s le Mondial-2026, Zin\u00e9dine Zidane a d\u00e9clar\u00e9, ce lundi 26 mai 2025, en marge d&rsquo;un \u00e9v\u00e9nement organis\u00e9 par son \u00e9quipementier, Adidas, que diriger la s\u00e9lection fran\u00e7aise \u00e9tait pour lui \u00ab\u00a0un r\u00eave\u00a0\u00bb et qu&rsquo;il avait \u00ab\u00a0h\u00e2te\u00a0\u00bb de prendre le poste, selon des propos rapport\u00e9s.<\/p>\n<p class=\"article-p mdl\">\u00ab\u00a0Je me sens l\u00e9gitime en \u00e9quipe de France o\u00f9 j&rsquo;ai jou\u00e9 et pass\u00e9 pratiquement 12, 13, 14 ans comme joueur. Bien s\u00fbr,\u00a0<strong>c&rsquo;est un r\u00eave, j&rsquo;ai h\u00e2te<\/strong>\u00ab\u00a0, a expliqu\u00e9\u00a0<a class=\"link\" href=\"https:\/\/www.rtl.fr\/sport\/football\/succession-de-didier-deschamps-plusieurs-coachs-de-ligue-1-poussent-pour-une-arrivee-de-zinedine-zidane-en-2026-7900459540\" title=\"Succession de Didier Deschamps : plusieurs coachs de Ligue 1 poussent pour une arriv\u00e9e de Zin\u00e9dine Zidane en 2026\" target=\"_blank\" rel=\"noopener\">l&rsquo;ancien capitaine des Bleus<\/a>, selon le journal\u00a0<a class=\"link\" href=\"https:\/\/www.lequipe.fr\/Football\/Article\/-je-me-sens-legitime-l-equipe-de-france-objectif-supreme-de-zidane\/1565457\" target=\"_blank\" rel=\"noopener\">L&rsquo;\u00c9quipe<\/a>, devant le parterre d&rsquo;invit\u00e9s de son sponsor qui n&rsquo;a, toutefois, pas confirm\u00e9 ces propos.<\/p>\n<p class=\"article-p mdl\">Le s\u00e9lectionneur actuel des Bleus, <strong>Didier Deschamps<\/strong>, champion du monde 2018 avec l&rsquo;\u00e9quipe de France,\u00a0<a class=\"link\" href=\"https:\/\/www.rtl.fr\/sport\/football\/equipe-de-france-le-selectionneur-didier-deschamps-quittera-les-bleus-en-2026-7900458570\" title=\"\u00c9quipe de France : le s\u00e9lectionneur Didier Deschamps quittera les Bleus en 2026\" target=\"_blank\" rel=\"noopener\">a annonc\u00e9 qu&rsquo;il n&rsquo;irait pas au-del\u00e0 de son contrat qui se termine \u00e0 l&rsquo;\u00e9t\u00e9 2026<\/a>, apr\u00e8s\u00a0<a class=\"link\" href=\"https:\/\/www.rtl.fr\/sport\/football\/mondial-2026-trump-garantit-la-liberte-de-voyager-aux-usa-durant-la-competition-7793702652\" title=\"Mondial 2026 : Trump garantit la libert\u00e9 de voyager aux USA durant la comp\u00e9tition\" target=\"_blank\" rel=\"noopener\">la Coupe du monde aux \u00c9tats-Unis<\/a>, au Canada et au Mexique. L&rsquo;ancien num\u00e9ro 10 des Bleus est pressenti de longue date pour lui succ\u00e9der.<\/p>\n<p>            Sans poste depuis 2021<\/p>\n<p class=\"article-p mdl\">Ic\u00f4ne du football et du sport fran\u00e7ais, l&rsquo;ancien N.10 des Bleus, \u00e2g\u00e9 de 52 ans, n&rsquo;a jamais cach\u00e9 qu&rsquo;il r\u00eavait de cette fonction auparavant occup\u00e9e par Laurent Blanc, Raymond Domenech ou Aim\u00e9 Jacquet. \u00ab\u00a0Zizou\u00a0\u00bb a d\u00e9but\u00e9 sa carri\u00e8re d&rsquo;entra\u00eeneur au <strong>Real Madrid<\/strong>, d&rsquo;abord comme adjoint, puis sur le banc de la r\u00e9serve, avant de devenir l&rsquo;entra\u00eeneur de l&rsquo;\u00e9quipe premi\u00e8re entre 2016 et 2018 puis entre 2019 et 2021, avec \u00e0 la cl\u00e9 deux titres de champion d&rsquo;Espagne et trois Ligues des champions.<\/p>\n<p class=\"article-p mdl\">Sans poste depuis qu&rsquo;il a termin\u00e9 ce deuxi\u00e8me passage au Real Madrid, il avait d\u00e9j\u00e0 parl\u00e9 de ses ambitions au journal L&rsquo;\u00c9quipe en 2022 : \u00ab\u00a0Avec les Bleus, ce n&rsquo;est pas fini. J&rsquo;en ai envie, bien s\u00fbr. Je le serai (s\u00e9lectionneur, ndlr), je l&rsquo;esp\u00e8re, un jour. J&rsquo;ai envie de boucler la boucle avec l&rsquo;\u00e9quipe de France\u00a0\u00bb.\u00a0<\/p>\n<p>    La r\u00e9daction vous recommande<\/p>\n<p class=\"s-newsletter__title\">\n                L\u2019actualit\u00e9 par la r\u00e9daction de RTL dans votre bo\u00eete mail.\n            <\/p>\n<p class=\"s-newsletter__subtitle\">\n                Gr\u00e2ce \u00e0 votre compte RTL abonnez-vous \u00e0 la newsletter RTL info pour suivre toute l&rsquo;actualit\u00e9 au quotidien\n            <\/p>\n<p>\n                                    Lire la suite\n                                <\/p>\n","protected":false},"excerpt":{"rendered":"Il est le grand favori et s&rsquo;il parle peu, Zin\u00e9dine Zidane a clairement pos\u00e9 ses ambitions pour le&hellip;\n","protected":false},"author":2,"featured_media":133868,"comment_status":"","ping_status":"","sticky":false,"template":"","format":"standard","meta":{"footnotes":""},"categories":[4],"tags":[11,6713,107,2619,63,1011,27,12,25,24863],"class_list":{"0":"post-133867","1":"post","2":"type-post","3":"status-publish","4":"format-standard","5":"has-post-thumbnail","7":"category-france","8":"tag-actualites","9":"tag-equipe-de-france-de-football","10":"tag-fil-info","11":"tag-fil-sport","12":"tag-football","13":"tag-fr","14":"tag-france","15":"tag-news","16":"tag-republique-francaise","17":"tag-zinedine-zidane"},"share_on_mastodon":{"url":"https:\/\/pubeurope.com\/@fr\/114584543228338740","error":""},"_links":{"self":[{"href":"https:\/\/www.europesays.com\/fr\/wp-json\/wp\/v2\/posts\/133867","targetHints":{"allow":["GET"]}}],"collection":[{"href":"https:\/\/www.europesays.com\/fr\/wp-json\/wp\/v2\/posts"}],"about":[{"href":"https:\/\/www.europesays.com\/fr\/wp-json\/wp\/v2\/types\/post"}],"author":[{"embeddable":true,"href":"https:\/\/www.europesays.com\/fr\/wp-json\/wp\/v2\/users\/2"}],"replies":[{"embeddable":true,"href":"https:\/\/www.europesays.com\/fr\/wp-json\/wp\/v2\/comments?post=133867"}],"version-history":[{"count":0,"href":"https:\/\/www.europesays.com\/fr\/wp-json\/wp\/v2\/posts\/133867\/revisions"}],"wp:featuredmedia":[{"embeddable":true,"href":"https:\/\/www.europesays.com\/fr\/wp-json\/wp\/v2\/media\/133868"}],"wp:attachment":[{"href":"https:\/\/www.europesays.com\/fr\/wp-json\/wp\/v2\/media?parent=133867"}],"wp:term":[{"taxonomy":"category","embeddable":true,"href":"https:\/\/www.europesays.com\/fr\/wp-json\/wp\/v2\/categories?post=133867"},{"taxonomy":"post_tag","embeddable":true,"href":"https:\/\/www.europesays.com\/fr\/wp-json\/wp\/v2\/tags?post=133867"}],"curies":[{"name":"wp","href":"https:\/\/api.w.org\/{rel}","templated":true}]}}