{"id":133883,"date":"2025-05-28T08:44:09","date_gmt":"2025-05-28T08:44:09","guid":{"rendered":"https:\/\/www.europesays.com\/fr\/133883\/"},"modified":"2025-05-28T08:44:09","modified_gmt":"2025-05-28T08:44:09","slug":"yann-barthes-se-ridiculise-face-a-une-star-americaine-la-tempete-de-gene-nest-pas-loin","status":"publish","type":"post","link":"https:\/\/www.europesays.com\/fr\/133883\/","title":{"rendered":"Yann Barth\u00e8s se ridiculise face \u00e0 une star am\u00e9ricaine, la temp\u00eate de g\u00eane n\u2019est pas loin"},"content":{"rendered":"<p>Ce mardi 27 mai 2025, <strong>Yann Barth\u00e8s animait un nouvel<br \/>\n\u00e9pisode de Quotidien.<\/strong> Apr\u00e8s avoir comment\u00e9 l\u2019actualit\u00e9<br \/>\ncharg\u00e9e en France et dans le monde, <a href=\"https:\/\/www.closermag.fr\/tv_tele_realite\/que-jembrassais-comme-ca-la-franchise-de-cette-comedienne-provoque-lhilarite-dans-quotidien-3549102\" target=\"_blank\" rel=\"noopener\"><br \/>\nle journaliste de TMC<\/a> a re\u00e7u sur son plateau une grande star<br \/>\nam\u00e9ricaine : \u201cTout d&rsquo;abord, voici une des grandes stars<br \/>\nhollywoodiennes d&rsquo;aujourd&rsquo;hui, Ana de Armas, est dans<br \/>\nQuotidien\u201d, lance-t-il en allant accueillir la grande<br \/>\nactrice.<\/p>\n<p>Tr\u00e8s heureux de la recevoir, <a href=\"https:\/\/www.closermag.fr\/tv_tele_realite\/tu-comptes-developper-sur-tout-yann-barthes-perd-patience-face-a-raphael-quenard-3545715\" target=\"_blank\" rel=\"noopener\"><br \/>\nYann Barth\u00e8s<\/a> revient alors sur les grands films dans lesquels a<br \/>\npu jouer son invit\u00e9e. Puis, il va lui poser <strong>une question<br \/>\nassez \u00e9tonnante<\/strong> et qui va provoquer un moment de g\u00eane sur<br \/>\nle plateau : \u201cMais d&rsquo;abord, le plus important d&rsquo;abord, est-ce<br \/>\nque Elvis et Salsa sont \u00e0 Paris ?\u201d, demande-t-il.\u00a0<\/p>\n<p>Yann Barth\u00e8s d\u00e9marre son interview d&rsquo;une grande star<br \/>\nhollywoodienne d&rsquo;une \u00e9tonnante fa\u00e7on<\/p>\n<p>Mais qui sont-ils ? Apr\u00e8s une seconde de flottement, on peut<br \/>\nvoir appara\u00eetre \u00e0 l\u2019\u00e9cran deux petits chiens : <strong>\u201cNon,<br \/>\nils ne sont pas l\u00e0 aujourd&rsquo;hui\u201d<\/strong>, l\u00e2che l\u2019actrice qui<br \/>\nse demande bien pourquoi le journaliste fran\u00e7ais lui parle d\u2019embl\u00e9e<br \/>\nde ses chiens.<\/p>\n<p>Mais Yann Barth\u00e8s enfonce le clou : \u201cMais il para\u00eet que vous<br \/>\nne les quittez jamais ?\u201d, demande-t-il. Ana de Armas joue<br \/>\nalors le jeu : \u201cEffectivement, oui, on ne se quitte pas, mais<br \/>\nl\u00e0, il y a vraiment trop de tourn\u00e9es promotionnelles\u201d.<br \/>\n<strong>Apparemment tr\u00e8s int\u00e9ress\u00e9 par les chiens de son<br \/>\ninvit\u00e9e,<\/strong> le journaliste continue \u00e0 poser des questions<br \/>\n: \u201cAlors, lui, c&rsquo;est lequel celui-l\u00e0 ? C&rsquo;est Salsa, \u00e7a ? Quel<br \/>\n\u00e2ge il a, Salsa ?\u201d.\u00a0<\/p>\n<p>Ces questions qui surprennent Ana de<br \/>\nArmas<\/p>\n<p>Ana de Armas se voit donc \u00eatre interrog\u00e9e non pas sur ses films<br \/>\nmais bien sur ses animaux de compagnie : \u201cElle a 5 ans\u201d.<br \/>\n\u201cD&rsquo;accord. Et l&rsquo;autre ? Et l&rsquo;autre ? Elvis ?\u201d, relance<br \/>\nl\u2019animateur. \u201cIl vient d&rsquo;avoir 17 ans\u201d. <a href=\"https:\/\/www.closermag.fr\/tv_tele_realite\/bte-coulles-cn-cnnard-jean-michel-aphatie-en-roue-libre-yann-barthes-oblige-dintervenir-3545704\" target=\"_blank\" rel=\"noopener\"><br \/>\nYann Barth\u00e8s<\/a> continue : \u201cAh oui, c&rsquo;est \u00e9norme. Ah oui,<br \/>\nc&rsquo;est un vieux p\u00e9p\u00e8re. En tout cas, bienvenue Ana\u201d.<\/p>\n<p>Enfin, le journaliste revient sur la carri\u00e8re de la com\u00e9dienne<br \/>\net surtout sur son prochain film. \u201cTout le monde est tr\u00e8s<br \/>\nimpatient de voir Ballerina. C&rsquo;est votre grand film d&rsquo;action. Une<br \/>\nd\u00e9clinaison de l&rsquo;univers John Wick. On retrouve Keanu Reeves dans<br \/>\nle film et l&rsquo;h\u00e9ro\u00efne, c&rsquo;est vous. Et contrairement \u00e0 John Wick,<br \/>\nvous, vous aimez tuer. Et vous tuez avec tout ce qui vous passe<br \/>\nsous la main. Combien de gens ? On n&rsquo;a pas r\u00e9ussi \u00e0 compter combien<br \/>\nde gens vous tuiez dans le film. Est-ce que vous le savez ?\u201d,<br \/>\ndemande-t-il. Ce \u00e0 quoi Ana de Armas pr\u00e9cise : <strong>\u201cJe n&rsquo;ai<br \/>\npas pu compter<\/strong>. C&rsquo;\u00e9tait un nombre assez \u00e9lev\u00e9, en tout<br \/>\ncas\u201d.<\/p>\n","protected":false},"excerpt":{"rendered":"Ce mardi 27 mai 2025, Yann Barth\u00e8s animait un nouvel \u00e9pisode de Quotidien. Apr\u00e8s avoir comment\u00e9 l\u2019actualit\u00e9 charg\u00e9e&hellip;\n","protected":false},"author":2,"featured_media":133884,"comment_status":"","ping_status":"","sticky":false,"template":"","format":"standard","meta":{"footnotes":""},"categories":[1359],"tags":[10497,548,58,59,1011,27,973,1405],"class_list":{"0":"post-133883","1":"post","2":"type-post","3":"status-publish","4":"format-standard","5":"has-post-thumbnail","7":"category-people","8":"tag-ana-de-armas","9":"tag-article-simple","10":"tag-divertissement","11":"tag-entertainment","12":"tag-fr","13":"tag-france","14":"tag-people","15":"tag-yann-barthes"},"share_on_mastodon":{"url":"https:\/\/pubeurope.com\/@fr\/114584581805567354","error":""},"_links":{"self":[{"href":"https:\/\/www.europesays.com\/fr\/wp-json\/wp\/v2\/posts\/133883","targetHints":{"allow":["GET"]}}],"collection":[{"href":"https:\/\/www.europesays.com\/fr\/wp-json\/wp\/v2\/posts"}],"about":[{"href":"https:\/\/www.europesays.com\/fr\/wp-json\/wp\/v2\/types\/post"}],"author":[{"embeddable":true,"href":"https:\/\/www.europesays.com\/fr\/wp-json\/wp\/v2\/users\/2"}],"replies":[{"embeddable":true,"href":"https:\/\/www.europesays.com\/fr\/wp-json\/wp\/v2\/comments?post=133883"}],"version-history":[{"count":0,"href":"https:\/\/www.europesays.com\/fr\/wp-json\/wp\/v2\/posts\/133883\/revisions"}],"wp:featuredmedia":[{"embeddable":true,"href":"https:\/\/www.europesays.com\/fr\/wp-json\/wp\/v2\/media\/133884"}],"wp:attachment":[{"href":"https:\/\/www.europesays.com\/fr\/wp-json\/wp\/v2\/media?parent=133883"}],"wp:term":[{"taxonomy":"category","embeddable":true,"href":"https:\/\/www.europesays.com\/fr\/wp-json\/wp\/v2\/categories?post=133883"},{"taxonomy":"post_tag","embeddable":true,"href":"https:\/\/www.europesays.com\/fr\/wp-json\/wp\/v2\/tags?post=133883"}],"curies":[{"name":"wp","href":"https:\/\/api.w.org\/{rel}","templated":true}]}}