{"id":13390,"date":"2025-04-09T19:32:13","date_gmt":"2025-04-09T19:32:13","guid":{"rendered":"https:\/\/www.europesays.com\/fr\/13390\/"},"modified":"2025-04-09T19:32:13","modified_gmt":"2025-04-09T19:32:13","slug":"marcon-beau-succes-pour-lexposition-droles-de-livres","status":"publish","type":"post","link":"https:\/\/www.europesays.com\/fr\/13390\/","title":{"rendered":"Mar\u00e7on. Beau succ\u00e8s pour l\u2019exposition Dr\u00f4les de livres"},"content":{"rendered":"<p>Cette exposition retrace la longue histoire du livre anim\u00e9 jusqu\u2019au pop-up, qui nous saute \u00e0 la figure tant sur le plan historique que sur le plan technique.<\/p>\n<p>Les enfants ont appris \u00e0 confectionner un livre anim\u00e9<\/p>\n<p>Les enfants de l\u2019\u00e9cole de Mar\u00e7on ont, lors des deux jours d\u2019atelier, pu apprendre \u00e0 confectionner un livre anim\u00e9. Enthousiastes, ils ont aim\u00e9 s\u2019entra\u00eener \u00e0 r\u00e9aliser ces livres vivants. Les r\u00e9sidants du foyer Anais sont \u00e9galement venus et ont \u00e9t\u00e9 touch\u00e9s par ces livres qu\u2019ils peuvent comprendre juste en regardant.<\/p>\n<p>Anne-Sophie Baumann, cr\u00e9atrice de livres anim\u00e9s, fine p\u00e9dagogue, a su captiver son auditoire en pr\u00e9sentant ses livres. Elle a \u00e9tudi\u00e9 la biologie et cr\u00e9e des livres qui expliquent le fonctionnement du corps. Ainsi \u00e0 l\u2019aide d\u2019une tirette, vous pouvez voir ce qu\u2019il y a derri\u00e8re un organe.<\/p>\n<p>Alain Briand, relieur-doreur, cr\u00e9ateur de livre-objet unique et dot\u00e9 d\u2019un solide sens de l\u2019humour a de son c\u00f4t\u00e9 pr\u00e9sent\u00e9 ses cr\u00e9ations qui\u00a0jouent avec les mots et les choses.<\/p>\n<p>Le public nombreux, venu parfois\u00a0de\u00a0loin, s\u2019est montr\u00e9 enthousiaste.<\/p>\n<p>\u00a0<\/p>\n","protected":false},"excerpt":{"rendered":"Cette exposition retrace la longue histoire du livre anim\u00e9 jusqu\u2019au pop-up, qui nous saute \u00e0 la figure tant&hellip;\n","protected":false},"author":2,"featured_media":13391,"comment_status":"","ping_status":"","sticky":false,"template":"","format":"standard","meta":{"footnotes":""},"categories":[1357],"tags":[6005,1379,58,6007,59,3293,1011,27,1380,2047,6004,6006],"class_list":{"0":"post-13390","1":"post","2":"type-post","3":"status-publish","4":"format-standard","5":"has-post-thumbnail","7":"category-livres","8":"tag-beau","9":"tag-books","10":"tag-divertissement","11":"tag-droles","12":"tag-entertainment","13":"tag-exposition","14":"tag-fr","15":"tag-france","16":"tag-livres","17":"tag-mans","18":"tag-marcon","19":"tag-succes"},"share_on_mastodon":{"url":"https:\/\/pubeurope.com\/@fr\/114309676681644018","error":""},"_links":{"self":[{"href":"https:\/\/www.europesays.com\/fr\/wp-json\/wp\/v2\/posts\/13390","targetHints":{"allow":["GET"]}}],"collection":[{"href":"https:\/\/www.europesays.com\/fr\/wp-json\/wp\/v2\/posts"}],"about":[{"href":"https:\/\/www.europesays.com\/fr\/wp-json\/wp\/v2\/types\/post"}],"author":[{"embeddable":true,"href":"https:\/\/www.europesays.com\/fr\/wp-json\/wp\/v2\/users\/2"}],"replies":[{"embeddable":true,"href":"https:\/\/www.europesays.com\/fr\/wp-json\/wp\/v2\/comments?post=13390"}],"version-history":[{"count":0,"href":"https:\/\/www.europesays.com\/fr\/wp-json\/wp\/v2\/posts\/13390\/revisions"}],"wp:featuredmedia":[{"embeddable":true,"href":"https:\/\/www.europesays.com\/fr\/wp-json\/wp\/v2\/media\/13391"}],"wp:attachment":[{"href":"https:\/\/www.europesays.com\/fr\/wp-json\/wp\/v2\/media?parent=13390"}],"wp:term":[{"taxonomy":"category","embeddable":true,"href":"https:\/\/www.europesays.com\/fr\/wp-json\/wp\/v2\/categories?post=13390"},{"taxonomy":"post_tag","embeddable":true,"href":"https:\/\/www.europesays.com\/fr\/wp-json\/wp\/v2\/tags?post=13390"}],"curies":[{"name":"wp","href":"https:\/\/api.w.org\/{rel}","templated":true}]}}