{"id":133913,"date":"2025-05-28T08:59:09","date_gmt":"2025-05-28T08:59:09","guid":{"rendered":"https:\/\/www.europesays.com\/fr\/133913\/"},"modified":"2025-05-28T08:59:09","modified_gmt":"2025-05-28T08:59:09","slug":"un-don-exceptionnel-signe-de-la-main-de-mistral-pour-la-commune-de-saint-etienne-du-gres","status":"publish","type":"post","link":"https:\/\/www.europesays.com\/fr\/133913\/","title":{"rendered":"Un don exceptionnel sign\u00e9 de la main de Mistral pour la commune de Saint-\u00c9tienne-du-Gr\u00e8s"},"content":{"rendered":"<p>Ce samedi apr\u00e8s-midi, les <a href=\"https:\/\/www.laprovence.com\/article\/edition-arles\/5530905\/les-olivades-lame-de-la-provence.html\" target=\"_blank\" rel=\"nofollow noopener\">ateliers des Olivades<\/a> \u00e0 Saint-\u00c9tienne-du-Gr\u00e8s ont ouvert leurs portes \u00e0 l\u2019histoire et \u00e0 la m\u00e9moire proven\u00e7ales avec une conf\u00e9rence captivante donn\u00e9e par <a href=\"https:\/\/www.laprovence.com\/article\/culture-loisirs\/2077736818610714\/lhistorienne-valerie-siaud-en-conference-ce-samedi-24-mai-2025-a-saint-etienne-du-gres\" target=\"_blank\" rel=\"nofollow noopener\">l\u2019historienne Val\u00e9rie Siaud<\/a>. Devant un public passionn\u00e9, elle a retrac\u00e9 avec finesse et \u00e9rudition la naissance du F\u00e9librige, ce mouvement litt\u00e9raire proven\u00e7al qui doit sa fondation \u00e0 l\u2019amiti\u00e9 ind\u00e9fectible entre deux figures embl\u00e9matiques\u00a0: l\u2019Avignonnais Joseph Roumanille et <a href=\"https:\/\/www.laprovence.com\/article\/region\/8826131240160114\/ce-lieu-emblematique-de-maillane-legue-par-le-poete-provencal-frederic-mistral-vient-enfin-de-rouvrir\" target=\"_blank\" rel=\"nofollow noopener\">le Maillanais Fr\u00e9d\u00e9ric Mistral<\/a>.<\/p>\n<p>\u00c0 travers des anecdotes, des documents d\u2019\u00e9poque et une analyse \u00e9clair\u00e9e, Val\u00e9rie Siaud a su transmettre les mille et une facettes de cette relation exceptionnelle qui a marqu\u00e9 l\u2019histoire de la langue d\u2019oc et le renouveau de l\u2019identit\u00e9 proven\u00e7ale. Cette conf\u00e9rence richement document\u00e9e a r\u00e9uni une centaine d\u2019auditeurs, curieux de d\u00e9couvrir les racines profondes de ce pan du patrimoine r\u00e9gional.<\/p>\n<p>Une visite des ateliers<\/p>\n<p>L\u2019\u00e9v\u00e9nement s\u2019est enrichi d\u2019une visite guid\u00e9e des ateliers des Olivades, t\u00e9moignant d\u2019un patrimoine textile vivant, dont le nom m\u00eame \u00e9voque l\u2019\u0153uvre de Fr\u00e9d\u00e9ric Mistral, Les Olivades, dernier ouvrage du prix Nobel de litt\u00e9rature. Un clin d\u2019\u0153il culturel fort de sens.<\/p>\n<p>Moment fort de la journ\u00e9e\u00a0: Val\u00e9rie Siaud a offert \u00e0 Jean Mangion, maire de Saint-\u00c9tienne-du-Gr\u00e8s, une \u00e9dition originale du Chant de la coupe, sign\u00e9e de la main m\u00eame de Mistral. Ce pr\u00e9sent exceptionnel, transmis par la famille de Val\u00e9rie Siaud \u2013 h\u00e9riti\u00e8re du fond de la librairie-\u00e9diteur Roumanille d\u2019Avignon \u2013 est bien plus qu\u2019un simple don\u00a0: il incarne l\u2019attachement profond de la commune \u00e0 son h\u00e9ritage culturel.<\/p>\n","protected":false},"excerpt":{"rendered":"Ce samedi apr\u00e8s-midi, les ateliers des Olivades \u00e0 Saint-\u00c9tienne-du-Gr\u00e8s ont ouvert leurs portes \u00e0 l\u2019histoire et \u00e0 la&hellip;\n","protected":false},"author":2,"featured_media":133914,"comment_status":"","ping_status":"","sticky":false,"template":"","format":"standard","meta":{"footnotes":""},"categories":[9653],"tags":[17,1111,11,2430,7052,251,13554,1777,674,25975,1011,27,10041,552,12,471,25,4001,3789],"class_list":{"0":"post-133913","1":"post","2":"type-post","3":"status-publish","4":"format-standard","5":"has-post-thumbnail","7":"category-saint-etienne","8":"tag-17","9":"tag-actu","10":"tag-actualites","11":"tag-auvergne-rhone-alpes","12":"tag-commune","13":"tag-culture","14":"tag-don","15":"tag-eu","16":"tag-europe","17":"tag-exceptionnel","18":"tag-fr","19":"tag-france","20":"tag-main","21":"tag-mistral","22":"tag-news","23":"tag-pour","24":"tag-republique-francaise","25":"tag-saint-etienne","26":"tag-signe"},"share_on_mastodon":{"url":"https:\/\/pubeurope.com\/@fr\/114584640754133498","error":""},"_links":{"self":[{"href":"https:\/\/www.europesays.com\/fr\/wp-json\/wp\/v2\/posts\/133913","targetHints":{"allow":["GET"]}}],"collection":[{"href":"https:\/\/www.europesays.com\/fr\/wp-json\/wp\/v2\/posts"}],"about":[{"href":"https:\/\/www.europesays.com\/fr\/wp-json\/wp\/v2\/types\/post"}],"author":[{"embeddable":true,"href":"https:\/\/www.europesays.com\/fr\/wp-json\/wp\/v2\/users\/2"}],"replies":[{"embeddable":true,"href":"https:\/\/www.europesays.com\/fr\/wp-json\/wp\/v2\/comments?post=133913"}],"version-history":[{"count":0,"href":"https:\/\/www.europesays.com\/fr\/wp-json\/wp\/v2\/posts\/133913\/revisions"}],"wp:featuredmedia":[{"embeddable":true,"href":"https:\/\/www.europesays.com\/fr\/wp-json\/wp\/v2\/media\/133914"}],"wp:attachment":[{"href":"https:\/\/www.europesays.com\/fr\/wp-json\/wp\/v2\/media?parent=133913"}],"wp:term":[{"taxonomy":"category","embeddable":true,"href":"https:\/\/www.europesays.com\/fr\/wp-json\/wp\/v2\/categories?post=133913"},{"taxonomy":"post_tag","embeddable":true,"href":"https:\/\/www.europesays.com\/fr\/wp-json\/wp\/v2\/tags?post=133913"}],"curies":[{"name":"wp","href":"https:\/\/api.w.org\/{rel}","templated":true}]}}