{"id":133919,"date":"2025-05-28T09:02:08","date_gmt":"2025-05-28T09:02:08","guid":{"rendered":"https:\/\/www.europesays.com\/fr\/133919\/"},"modified":"2025-05-28T09:02:08","modified_gmt":"2025-05-28T09:02:08","slug":"hubert-falco-pourra-t-il-se-presenter-aux-municipales-de-toulon-en-2026-la-cour-de-cassation-doit-rendre-sa-decision","status":"publish","type":"post","link":"https:\/\/www.europesays.com\/fr\/133919\/","title":{"rendered":"Hubert Falco pourra-t-il se pr\u00e9senter aux municipales de Toulon en 2026 ? La Cour de cassation doit rendre sa d\u00e9cision"},"content":{"rendered":"<p>L&rsquo;arr\u00eat de la Cour de cassation est tr\u00e8s attendu <a href=\"https:\/\/www.laprovence.com\/article\/faits-divers-justice\/15749876962531\/espece-de-chien-connard-lex-maire-de-toulon-hubert-falco-condamne-pour-injures-contre-un-journaliste\" target=\"_blank\" rel=\"noopener\">par l&rsquo;ex-baron varois<\/a>, mais <a href=\"https:\/\/www.laprovence.com\/article\/politique\/1245619967422615\/condamnation-de-marine-le-pen-quelles-consequences-pour-la-cheffe-de-file-du-rn\" target=\"_blank\" rel=\"noopener\">il int\u00e9resse aussi la cheffe de file du RN<\/a>, elle aussi condamn\u00e9e \u00e0 une peine d&rsquo;in\u00e9ligibilit\u00e9 imm\u00e9diate dans l&rsquo;affaire des assistants d&rsquo;eurod\u00e9put\u00e9s.<\/p>\n<p>L&rsquo;ancien maire de Toulon a \u00e9t\u00e9 condamn\u00e9 par la cour d&rsquo;appel d&rsquo;Aix-en-Provence \u00e0 18 mois de prison avec sursis ainsi qu&rsquo;\u00e0 une amende de 30.000 euros. Mais surtout, il a vu sa peine de cinq ans d&rsquo;in\u00e9ligibilit\u00e9 confirm\u00e9e.<\/p>\n<p>En cause : des repas et des frais de pressing pay\u00e9s par le conseil d\u00e9partemental du Var alors qu&rsquo;il ne le dirigeait plus.<\/p>\n<p>Son in\u00e9ligibilit\u00e9 ayant \u00e9t\u00e9 assortie de l&rsquo;ex\u00e9cution provisoire, c&rsquo;est-\u00e0-dire s&rsquo;appliquant imm\u00e9diatement, Hubert Falco, ex-LR pass\u00e9 dans le camp macroniste, avait \u00e9t\u00e9 d\u00e9mis de ses mandats de maire de Toulon et de pr\u00e9sident de sa m\u00e9tropole dans les jours qui avaient suivi le jugement de premi\u00e8re instance en avril 2023.<\/p>\n<p>Fin mars, le Conseil constitutionnel a soulign\u00e9 dans une d\u00e9cision sur l&rsquo;in\u00e9ligibilit\u00e9 imm\u00e9diate qu&rsquo;il revient au juge \u00ab\u00a0d&rsquo;appr\u00e9cier le caract\u00e8re proportionn\u00e9 de l&rsquo;atteinte que cette mesure est susceptible de porter \u00e0 l&rsquo;exercice d&rsquo;un mandat en cours et \u00e0 la pr\u00e9servation de la libert\u00e9 de l&rsquo;\u00e9lecteur\u00a0\u00bb.<\/p>\n<p>Devant la Cour de cassation aupr\u00e8s de laquelle Hubert Falco a form\u00e9 un pourvoi, son avocate aux conseils, Me H\u00e9l\u00e8ne Farge, a ainsi plaid\u00e9 fin avril qu'\u00a0\u00bbaucun des motifs\u00a0\u00bb \u00e9nonc\u00e9s par la cour d&rsquo;appel d&rsquo;Aix-en-Provence n&rsquo;est \u00ab\u00a0conforme avec les crit\u00e8res (&#8230;) qui ont \u00e9t\u00e9 pos\u00e9s par le Conseil constitutionnel\u00a0\u00bb.<\/p>\n<p>Elle a donc demand\u00e9 \u00e0 la Cour une cassation de se prononcer \u00ab\u00a0au moins sur la peine\u00a0\u00bb contre son client, estimant que cette d\u00e9cision aurait une \u00ab\u00a0vertu p\u00e9dagogique\u00a0\u00bb quant aux exigences de la haute juridiction sur la mani\u00e8re dont les juges doivent motiver leur d\u00e9cision sur l&rsquo;in\u00e9ligibilit\u00e9 avec ex\u00e9cution provisoire.<\/p>\n<p>L&rsquo;avocat g\u00e9n\u00e9ral a quant \u00e0 lui estim\u00e9 que dans l&rsquo;arr\u00eat condamnant Hubert Falco, la cour d&rsquo;appel avait proc\u00e9d\u00e9 \u00ab\u00a0de mani\u00e8re implicite\u00a0\u00bb \u00e0 un \u00ab\u00a0contr\u00f4le de proportionnalit\u00e9\u00a0\u00bb et avait motiv\u00e9 l&rsquo;ex\u00e9cution provisoire de l&rsquo;in\u00e9ligibilit\u00e9 alors qu&rsquo;elle n&rsquo;y \u00e9tait pas oblig\u00e9e.<\/p>\n<p>Un arr\u00eat de la Cour de cassation favorable \u00e0 Hubert Falco l&rsquo;autoriserait \u00e0 reprendre sa carri\u00e8re politique.\u00a0<\/p>\n<p>Si la Cour mettait en cause les motivations des juges pour l&rsquo;ex\u00e9cution provisoire, le Rassemblement national y verrait un signe encourageant avant le proc\u00e8s en appel de Marine Le Pen, pr\u00e9vu au premier semestre 2026.\u00a0<\/p>\n","protected":false},"excerpt":{"rendered":"L&rsquo;arr\u00eat de la Cour de cassation est tr\u00e8s attendu par l&rsquo;ex-baron varois, mais il int\u00e9resse aussi la cheffe&hellip;\n","protected":false},"author":2,"featured_media":133920,"comment_status":"","ping_status":"","sticky":false,"template":"","format":"standard","meta":{"footnotes":""},"categories":[9619],"tags":[17,1111,11,1007,1777,674,274,22105,1011,27,22104,3554,12,25976,5032,882,25,2310],"class_list":{"0":"post-133919","1":"post","2":"type-post","3":"status-publish","4":"format-standard","5":"has-post-thumbnail","7":"category-toulon","8":"tag-17","9":"tag-actu","10":"tag-actualites","11":"tag-aux","12":"tag-eu","13":"tag-europe","14":"tag-faits-divers-justice","15":"tag-falco","16":"tag-fr","17":"tag-france","18":"tag-hubert","19":"tag-municipales","20":"tag-news","21":"tag-pourra-t-il","22":"tag-presenter","23":"tag-provence-alpes-cote-dazur","24":"tag-republique-francaise","25":"tag-toulon"},"share_on_mastodon":{"url":"https:\/\/pubeurope.com\/@fr\/114584652579276264","error":""},"_links":{"self":[{"href":"https:\/\/www.europesays.com\/fr\/wp-json\/wp\/v2\/posts\/133919","targetHints":{"allow":["GET"]}}],"collection":[{"href":"https:\/\/www.europesays.com\/fr\/wp-json\/wp\/v2\/posts"}],"about":[{"href":"https:\/\/www.europesays.com\/fr\/wp-json\/wp\/v2\/types\/post"}],"author":[{"embeddable":true,"href":"https:\/\/www.europesays.com\/fr\/wp-json\/wp\/v2\/users\/2"}],"replies":[{"embeddable":true,"href":"https:\/\/www.europesays.com\/fr\/wp-json\/wp\/v2\/comments?post=133919"}],"version-history":[{"count":0,"href":"https:\/\/www.europesays.com\/fr\/wp-json\/wp\/v2\/posts\/133919\/revisions"}],"wp:featuredmedia":[{"embeddable":true,"href":"https:\/\/www.europesays.com\/fr\/wp-json\/wp\/v2\/media\/133920"}],"wp:attachment":[{"href":"https:\/\/www.europesays.com\/fr\/wp-json\/wp\/v2\/media?parent=133919"}],"wp:term":[{"taxonomy":"category","embeddable":true,"href":"https:\/\/www.europesays.com\/fr\/wp-json\/wp\/v2\/categories?post=133919"},{"taxonomy":"post_tag","embeddable":true,"href":"https:\/\/www.europesays.com\/fr\/wp-json\/wp\/v2\/tags?post=133919"}],"curies":[{"name":"wp","href":"https:\/\/api.w.org\/{rel}","templated":true}]}}