{"id":13392,"date":"2025-04-09T19:33:30","date_gmt":"2025-04-09T19:33:30","guid":{"rendered":"https:\/\/www.europesays.com\/fr\/13392\/"},"modified":"2025-04-09T19:33:30","modified_gmt":"2025-04-09T19:33:30","slug":"cash-david-brecourt-explique-pourquoi-il-refuse-detre-recurrent-de-plus-belle-la-vie","status":"publish","type":"post","link":"https:\/\/www.europesays.com\/fr\/13392\/","title":{"rendered":"Cash, David Br\u00e9court explique pourquoi il refuse d&rsquo;\u00eatre r\u00e9current de Plus belle la vie"},"content":{"rendered":"<p>C&rsquo;est l&rsquo;\u00e9v\u00e8nement du moment dans Plus belle la vie sur TF1 ! Depuis le jeudi 3 avril 2025, David Br\u00e9court est \u00e0 l&rsquo;affiche du feuilleton quotidien. Un choix de revenir sous les feux de la rampe que le com\u00e9dien de 59 ans a expliqu\u00e9&#8230;<\/p>\n<p>Blanche (C\u00e9cilia Hornus) va-t-elle c\u00e9der dans Plus belle la vie ? Depuis son arriv\u00e9e, <a href=\"https:\/\/www.programme-tv.net\/news\/series-tv\/375030-plus-belle-la-vie-hector-decide-de-faire-un-livre-avec-blanche-marci-david-brecourt-se-confie-sur-son-personnage\/\" data-api-deeplink=\"teleloisirs:\/\/news\/375030\" target=\"_blank\" rel=\"noopener\">Hector (David Br\u00e9court) est bien d\u00e9cid\u00e9 \u00e0 publier ses r\u00e9cits de voyage<\/a>, et compte bien obtenir l&rsquo;aide de l&rsquo;ancienne professeure. Oui, mais voil\u00e0, la m\u00e8re de No\u00e9, elle, semble freiner des quatre fers. Vex\u00e9e par les commentaires du baroudeur sur son ouvrage dans <a href=\"https:\/\/www.programme-tv.net\/news\/series-tv\/375297-plus-belle-la-vie-en-avance-samuel-et-idriss-mettent-en-danger-lea-qui-s-effondre-le-resume-de-l-episode-306-du-mardi-8-avril-2025\/\" data-api-deeplink=\"teleloisirs:\/\/news\/375297\" target=\"_blank\" rel=\"noopener\">l&rsquo;\u00e9pisode de ce mardi 8 avril 2025<\/a>, la femme s&rsquo;est montr\u00e9e r\u00e9ticente quant au projet. Craindrait-elle <a href=\"https:\/\/www.programme-tv.net\/news\/series-tv\/375131-plus-belle-la-vie-ce-n-est-pas-une-tres-bonne-nouvelle-pour-vanessa-agathe-de-la-boulaye-se-confie-sur-le-rapprochement-entre-hector-david-brecourt-et-blanche-cecilia-hornus\/\" data-api-deeplink=\"teleloisirs:\/\/news\/375131\" target=\"_blank\" rel=\"noopener\">une \u00e9ni\u00e8me bataille dans la guerre qui l&rsquo;oppose \u00e0 Vanessa (Agathe de la Boulaye)<\/a> ?<\/p>\n<p>Plus belle la vie : \u00ab\u00a0Quand j&rsquo;ai re\u00e7u les premiers sc\u00e9narios&#8230; \u00a0\u00bb David Br\u00e9court (Hector) revient sur son arriv\u00e9e dans la s\u00e9rie de TF1<\/p>\n<p>En faisant son arriv\u00e9e dans Plus belle la vie sur TF1, c&rsquo;est un retour sur le devant de la sc\u00e8ne pour celui qui a incarn\u00e9 Baptiste Mondino dans Sous le soleil durant sept ann\u00e9es. Une arriv\u00e9e sur laquelle il est revenu pour nos confr\u00e8res de <a href=\"https:\/\/www.diverto.tv\/actualites\/series\/cest-plus-interessant-que-de-faire-un-pseudo-meurtrier-ce-qui-a-convaincu-david-brecourt-de-venir-dans-plus-belle-la-vie\" target=\"_blank\" rel=\"noopener\">Diverto<\/a>. \u00ab\u00a0J&rsquo;ai fonctionn\u00e9 instinctivement, comme souvent d&rsquo;ailleurs. On travaille sur une arche, elle est fournie de plein de choses. (&#8230;) On raconte par strates, on rajoute des choses&#8230; C&rsquo;est plus int\u00e9ressant que de faire un pseudo-meurtrier dans un t\u00e9l\u00e9film.\u00a0\u00bb explique-t-il avant d&rsquo;ajouter \u00ab\u00a0Quand j&rsquo;ai re\u00e7u les premiers sc\u00e9narios, j&rsquo;ai vu que Ulysse &#8211; jou\u00e9 par J\u00e9r\u00e9my Charvet &#8211; m&rsquo;appelait \u00ab\u00a0tonton\u00a0\u00bb, \u00e7a m&rsquo;a touch\u00e9, j&rsquo;ai trouv\u00e9 \u00e7a sympa, \u00e7a m&rsquo;a plu et \u00e7a m&rsquo;a aid\u00e9 pour le personnage\u00a0\u00bb.<\/p>\n<p>                        Plus belle la vie : David Br\u00e9court a refus\u00e9 de jouer dans Demain nous appartient !<\/p>\n<p>Si l&rsquo;acteur fait d\u00e9sormais partie de la distribution du feuilleton quotidien de TF1, il ne semble pas pr\u00eat \u00e0 devenir personnage r\u00e9current comme il l&rsquo;a confi\u00e9. \u00a0\u00bb Je ne pense pas. Si c&rsquo;est fourni tout le temps, oui, si c&rsquo;est une apparition de temps en temps, non. Je n&rsquo;ai pas envie de venir cachetonner, il faut que ce soit fourni, mais si c&rsquo;est le cas, pourquoi pas ?\u00a0\u00bb Des propos cash \u00e0 l&rsquo;\u00e9gard de ceux qu&rsquo;il avait eus concernant Demain nous appartient, autre s\u00e9rie quotidienne, dans laquelle il avait refus\u00e9 de jouer. \u00ab\u00a0J&rsquo;ai eu des propositions pour Demain nous appartient. On m&rsquo;a demand\u00e9 des essais, j&rsquo;ai dit non (&#8230;) Non, mais ils sont fous ! Ils sont malades !\u00a0\u00bb avait-il alors d\u00e9clar\u00e9 au micro de Jordan de Luxe en mai 2022.<\/p>\n","protected":false},"excerpt":{"rendered":"C&rsquo;est l&rsquo;\u00e9v\u00e8nement du moment dans Plus belle la vie sur TF1 ! Depuis le jeudi 3 avril 2025,&hellip;\n","protected":false},"author":2,"featured_media":13393,"comment_status":"","ping_status":"","sticky":false,"template":"","format":"standard","meta":{"footnotes":""},"categories":[1356],"tags":[244,6009,58,1367,59,1011,27,1368,6008,252,199,1364],"class_list":{"0":"post-13392","1":"post","2":"type-post","3":"status-publish","4":"format-standard","5":"has-post-thumbnail","7":"category-television","8":"tag-commentaire","9":"tag-david-bru00e9court","10":"tag-divertissement","11":"tag-encore-plus-belle","12":"tag-entertainment","13":"tag-fr","14":"tag-france","15":"tag-plus-belle-la-vie","16":"tag-sous-le-soleil","17":"tag-television","18":"tag-tf1","19":"tag-tv"},"share_on_mastodon":{"url":"https:\/\/pubeurope.com\/@fr\/114309680556420036","error":""},"_links":{"self":[{"href":"https:\/\/www.europesays.com\/fr\/wp-json\/wp\/v2\/posts\/13392","targetHints":{"allow":["GET"]}}],"collection":[{"href":"https:\/\/www.europesays.com\/fr\/wp-json\/wp\/v2\/posts"}],"about":[{"href":"https:\/\/www.europesays.com\/fr\/wp-json\/wp\/v2\/types\/post"}],"author":[{"embeddable":true,"href":"https:\/\/www.europesays.com\/fr\/wp-json\/wp\/v2\/users\/2"}],"replies":[{"embeddable":true,"href":"https:\/\/www.europesays.com\/fr\/wp-json\/wp\/v2\/comments?post=13392"}],"version-history":[{"count":0,"href":"https:\/\/www.europesays.com\/fr\/wp-json\/wp\/v2\/posts\/13392\/revisions"}],"wp:featuredmedia":[{"embeddable":true,"href":"https:\/\/www.europesays.com\/fr\/wp-json\/wp\/v2\/media\/13393"}],"wp:attachment":[{"href":"https:\/\/www.europesays.com\/fr\/wp-json\/wp\/v2\/media?parent=13392"}],"wp:term":[{"taxonomy":"category","embeddable":true,"href":"https:\/\/www.europesays.com\/fr\/wp-json\/wp\/v2\/categories?post=13392"},{"taxonomy":"post_tag","embeddable":true,"href":"https:\/\/www.europesays.com\/fr\/wp-json\/wp\/v2\/tags?post=13392"}],"curies":[{"name":"wp","href":"https:\/\/api.w.org\/{rel}","templated":true}]}}