{"id":133930,"date":"2025-05-28T09:08:11","date_gmt":"2025-05-28T09:08:11","guid":{"rendered":"https:\/\/www.europesays.com\/fr\/133930\/"},"modified":"2025-05-28T09:08:11","modified_gmt":"2025-05-28T09:08:11","slug":"pres-de-grenoble-evacuation-en-pleine-nuit-de-trois-immeubles-a-cause-dune-fuite-de-gaz","status":"publish","type":"post","link":"https:\/\/www.europesays.com\/fr\/133930\/","title":{"rendered":"Pr\u00e8s de Grenoble. \u00c9vacuation en pleine nuit de trois immeubles \u00e0 cause d&rsquo;une fuite de gaz"},"content":{"rendered":"<p>            Par<br \/>\n        <strong><br \/>\n            <a href=\"https:\/\/actu.fr\/auteur\/lisa-rodrigues\" title=\"Consulter tous les articles de Lisa Rodrigues\" rel=\"nofollow noopener\" target=\"_blank\">Lisa Rodrigues<\/a><br \/>\n        <\/strong><\/p>\n<p>        Publi\u00e9 le<\/p>\n<p>            28 mai 2025 \u00e0 9h03        <\/p>\n<p>Nuit agit\u00e9e pour les habitants de cet immeuble d\u2019habitation au 11 rue de la Portelle \u00e0 <a href=\"https:\/\/actu.fr\/auvergne-rhone-alpes\/voiron_38563\" rel=\"nofollow noopener\" target=\"_blank\">Voiron<\/a>, pr\u00e8s de Grenoble.<\/p>\n<p>    <a href=\"https:\/\/www.google.com\/maps\/embed?pb=!1m18!1m12!1m3!1d1401.515314049242!2d5.590924338834971!3d45.368376992768134!2m3!1f0!2f0!3f0!3m2!1i1024!2i768!4f13.1!3m3!1m2!1s0x478ae43e40de8c85%3A0xc2f0c172ec09b952!2s11%20Rue%20de%20la%20Portelle%2C%2038500%20Voiron!5e0!3m2!1sfr!2sfr!4v1748414938077!5m2!1sfr!2sfr\" title=\"Ouvrie le lien\" rel=\"nofollow noopener\" target=\"_blank\">Cliquez ici pour visualiser le contenu<\/a><\/p>\n<p class=\" wall-content\">Il \u00e9tait un peu plus de 4 heures du matin, mercredi 28 mai, quand les occupants d\u2019une dizaine d\u2019appartements, \u00e0 deux pas de l\u2019\u00e9glise Saint-Bruno, ont \u00e9t\u00e9 r\u00e9veill\u00e9s par les secours : une <strong>fuite de gaz a \u00e9t\u00e9 d\u00e9tect\u00e9e<\/strong> dans le b\u00e2timent.<\/p>\n<p>45 personnes \u00e9vacu\u00e9es<\/p>\n<p class=\" wall-content\">Au total, selon les forces de l\u2019ordre, trois immeubles ont \u00e9t\u00e9 \u00e9vacu\u00e9s au petit matin, par mesure de pr\u00e9caution. Environ 45 personnes ont ainsi <strong>trouv\u00e9 refuge dans une salle des f\u00eates<\/strong> ouverte le temps de l\u2019intervention.<\/p>\n<p>    <img   decoding=\"async\" loading=\"lazy\" src=\"https:\/\/www.europesays.com\/fr\/wp-content\/uploads\/2025\/05\/fuite-gaz-voiron-960x627.png\" alt=\"Une fuite de gaz dans cette petite rue du centre-ville de Voiron, pr\u00e8s de Grenoble, a provoqu\u00e9 l'\u00e9vacuation en pleine nuit de 45 habitants, t\u00f4t mercredi 28 mai.\" width=\"960\" height=\"627\"\/><br \/>\n    Une fuite de gaz dans cette petite rue du centre-ville de Voiron, pr\u00e8s de Grenoble, a provoqu\u00e9 l\u2019\u00e9vacuation en pleine nuit de 45 habitants, t\u00f4t mercredi 28 mai. (\u00a9Google Street View)Vid\u00e9os : en ce moment sur Actu<\/p>\n<p class=\" wall-content\">Les \u00e9quipes de GRDF sont intervenues dans la foul\u00e9e pour barrer la conduite de gaz \u00e0 l\u2019origine de l\u2019incident. Une fois que les v\u00e9rifications d\u2019usage ont \u00e9t\u00e9 effectu\u00e9es, les habitants ont \u00e9t\u00e9 autoris\u00e9s \u00e0 <strong>regagner leur domicile vers 8 heures<\/strong>. Aucun bless\u00e9 n\u2019est \u00e0 d\u00e9plorer.<\/p>\n<p class=\" wall-content\">Mercredi matin, une partie des logements \u00e9taient encore priv\u00e9s de gaz, le temps que GRDF enclenche les op\u00e9rations de r\u00e9paration.<\/p>\n<p class=\" wall-content\">Suivez toute l\u2019actualit\u00e9 de vos villes et m\u00e9dias favoris en vous inscrivant \u00e0 <a href=\"https:\/\/moncompte.actu.fr\" title=\"D\u00e9couvez Mon Actu\" rel=\"nofollow noopener\" data-trk=\"{&quot;cta&quot;:{&quot;action&quot;:&quot;https:\\\/\\\/moncompte.actu.fr&quot;,&quot;category&quot;:&quot;mon compte&quot;,&quot;from&quot;:&quot;article footer&quot;,&quot;name&quot;:&quot;Mon actu&quot;,&quot;type&quot;:&quot;cta&quot;}}\" target=\"_blank\">Mon Actu<\/a>.<\/p>\n","protected":false},"excerpt":{"rendered":"Par Lisa Rodrigues Publi\u00e9 le 28 mai 2025 \u00e0 9h03 Nuit agit\u00e9e pour les habitants de cet immeuble&hellip;\n","protected":false},"author":2,"featured_media":133931,"comment_status":"","ping_status":"","sticky":false,"template":"","format":"standard","meta":{"footnotes":""},"categories":[9566],"tags":[1111,11,2430,1777,674,118,1011,27,843,2731,12,1311,25],"class_list":{"0":"post-133930","1":"post","2":"type-post","3":"status-publish","4":"format-standard","5":"has-post-thumbnail","7":"category-grenoble","8":"tag-actu","9":"tag-actualites","10":"tag-auvergne-rhone-alpes","11":"tag-eu","12":"tag-europe","13":"tag-faits-divers","14":"tag-fr","15":"tag-france","16":"tag-gaz","17":"tag-grenoble","18":"tag-news","19":"tag-pompiers","20":"tag-republique-francaise"},"share_on_mastodon":{"url":"https:\/\/pubeurope.com\/@fr\/114584676267330973","error":""},"_links":{"self":[{"href":"https:\/\/www.europesays.com\/fr\/wp-json\/wp\/v2\/posts\/133930","targetHints":{"allow":["GET"]}}],"collection":[{"href":"https:\/\/www.europesays.com\/fr\/wp-json\/wp\/v2\/posts"}],"about":[{"href":"https:\/\/www.europesays.com\/fr\/wp-json\/wp\/v2\/types\/post"}],"author":[{"embeddable":true,"href":"https:\/\/www.europesays.com\/fr\/wp-json\/wp\/v2\/users\/2"}],"replies":[{"embeddable":true,"href":"https:\/\/www.europesays.com\/fr\/wp-json\/wp\/v2\/comments?post=133930"}],"version-history":[{"count":0,"href":"https:\/\/www.europesays.com\/fr\/wp-json\/wp\/v2\/posts\/133930\/revisions"}],"wp:featuredmedia":[{"embeddable":true,"href":"https:\/\/www.europesays.com\/fr\/wp-json\/wp\/v2\/media\/133931"}],"wp:attachment":[{"href":"https:\/\/www.europesays.com\/fr\/wp-json\/wp\/v2\/media?parent=133930"}],"wp:term":[{"taxonomy":"category","embeddable":true,"href":"https:\/\/www.europesays.com\/fr\/wp-json\/wp\/v2\/categories?post=133930"},{"taxonomy":"post_tag","embeddable":true,"href":"https:\/\/www.europesays.com\/fr\/wp-json\/wp\/v2\/tags?post=133930"}],"curies":[{"name":"wp","href":"https:\/\/api.w.org\/{rel}","templated":true}]}}