{"id":133938,"date":"2025-05-28T09:12:16","date_gmt":"2025-05-28T09:12:16","guid":{"rendered":"https:\/\/www.europesays.com\/fr\/133938\/"},"modified":"2025-05-28T09:12:16","modified_gmt":"2025-05-28T09:12:16","slug":"neuf-jours-durant-laccordeon-mene-la-danse","status":"publish","type":"post","link":"https:\/\/www.europesays.com\/fr\/133938\/","title":{"rendered":"neuf jours durant, l\u2019accord\u00e9on m\u00e8ne la danse"},"content":{"rendered":"<p>Dans un format d\u00e9sormais plus modeste, mais en pariant sur la gratuit\u00e9 pour en faciliter l\u2019acc\u00e8s \u00e0 tous, <a href=\"https:\/\/www.dna.fr\/culture-loisirs\/2024\/06\/06\/printemps-des-bretelles-les-airs-lusophones-d-ayom-parlent-au-coeur\" target=\"_blank\" rel=\"noopener\">le festival d\u00e9di\u00e9 \u00e0 l\u2019accord\u00e9on<\/a> conserve ses fondamentaux\u00a0: accueillant les musiques du monde, le Printemps des bretelles cultive le partage et la convivialit\u00e9. Les concerts du soir auront lieu dans les jardins de l\u2019Illiade, dont les espaces int\u00e9rieurs offriront une solution de repli en cas de pluie. Le bar musical sous chapiteau sera dress\u00e9 sur le parvis, tandis que des d\u00e9ambulations musicales sont pr\u00e9vues entre les jardins de l\u2019Illiade et de la Villa, et m\u00eame sur le forum de l\u2019Ill (les samedis \u00e0 11\u00a0h).<\/p>\n<p>  Une programmation \u00ab dense et familiale \u00bb<\/p>\n<p>Les organisateurs &#8211; l\u2019Illiade et la ville d\u2019Illkirch-Graffenstaden &#8211; ont pari\u00e9 ce jeudi 29\u00a0mai (Ascension) \u00ab\u00a0sur une programmation dense et familiale\u00a0\u00bb, insiste le maire, <a href=\"http:\/\/www.dna.fr\/p\/thibaud-philipps\" target=\"_blank\" rel=\"noopener\">Thibaud Philipps<\/a>. Jeux en bois, prestation de l\u2019orchestre Turbul\u2019anches (qui r\u00e9unit des musiciens de 8 \u00e0 15 ans) et concert pour les petits par Timoun S\u00f4, avec balafon, tambour ka et accord\u00e9on (\u00e0 15\u00a0h\u00a030). Rebelote le mercredi 4\u00a0juin, avec le bal des familles anim\u00e9 par Ma Petite (16\u00a0h, sous le chapiteau).<\/p>\n<p>Pour le plus grand plaisir du public, l\u2019Amsterdam Klezmer Band, une valeur s\u00fbre, revient au Printemps des Bretelles le samedi 31\u00a0mai (20\u00a0h\u00a030)\u00a0: l\u2019\u00e9nergie et la virtuosit\u00e9 du groupe <a href=\"https:\/\/www.dna.fr\/culture\/2018\/03\/27\/et-maintenant-dansez\" target=\"_blank\" rel=\"noopener\">avaient fait l\u2019unanimit\u00e9 en 2018<\/a>. Les sept musiciens puisent dans les musiques klezmer et balkanique, s\u2019ouvrent \u00e0 l\u2019\u00e9lectro, au jazz, aux musiques manouches, orientales et m\u00eame au hip-hop. <\/p>\n<p>Autre t\u00eate d\u2019affiche, pour la soir\u00e9e de cl\u00f4ture le samedi 7\u00a0juin\u00a0: Marcel Loeffler offrira avec Lisa Doby une \u00ab\u00a0soul celebration\u00a0\u00bb. Les incontournables de Ray Charles, Aretha Franklin, Tina Turner ou Stevie Wonder sont annonc\u00e9s. On citera encore, parmi les artistes \u00e0 ne pas manquer, le groupe Faut qu\u2019\u00e7a guinche, et son \u00ab\u00a0rock guinguette\u00a0\u00bb \u00e0 l\u2019\u00e9nergie d\u00e9bordante (vendredi 6\u00a0juin \u00e0 21\u00a0h\u00a030).<\/p>\n<p>  Influences celtiques ou carib\u00e9ennes<\/p>\n<p>Figure impos\u00e9e du Printemps des bretelles, la musique celtique sera repr\u00e9sent\u00e9e par The Celtic Tramps (jeudi 29\u00a0mai), qui distille une musique vivifiante comme la galerne. Dans le m\u00eame registre \u2013 ou presque \u2013 voici T\u00e9ada (dimanche 1er \u00a0juin)\u00a0: valeur s\u00fbre de la musique irlandaise, le groupe va de festival en festival depuis une vingtaine d\u2019ann\u00e9es.<\/p>\n<p>Avec Soustra Politiki (vendredi 30\u00a0mai), le Printemps des bretelles ira \u00e9couter du c\u00f4t\u00e9 de l\u2019Asie Mineure, d\u2019Istanbul et de la Gr\u00e8ce. Le m\u00eame soir, la plus strasbourgeoise des fanfares balkaniques, le Duna Orkestar, fera danser les festivaliers, entre rythmes traditionnels et sonorit\u00e9s plus modernes.<\/p>\n<p>On quitte le vieux continent avec Kumbia Boruka (jeudi 29\u00a0mai \u00e0 20\u00a0h\u00a015) et ses rythmes afro-cara\u00efb\u00e9ens\u00a0: les huit musiciens font dialoguer accord\u00e9on, chant, cuivres, percussions, guitare et basse \u00e9lectriques au rythme de la cumbia. Mercredi 4\u00a0juin (20\u00a0h), cap vers le Nordeste avec le trio d\u2019accord\u00e9onistes Avexe.<\/p>\n<p>\u00c0 noter, enfin, un concert propos\u00e9 par l\u2019Orchestre philharmonique de Strasbourg jeudi 5\u00a0juin\u00a0: une formation originale, r\u00e9unissant un quintet \u00e0 cordes et un accord\u00e9oniste, se produira \u00e0 l\u2019\u00e9glise Saint-Symphorien (19\u00a0h\u00a045). \u00c0 son r\u00e9pertoire\u00a0: des \u0153uvres du XVIIe au XXIe \u00a0si\u00e8cle.<\/p>\n<p>Pour l\u2019anecdote, le festival est l\u2019occasion pour la ville de lancer \u00ab\u00a0sa\u00a0\u00bb bi\u00e8re, baptis\u00e9e L\u2019Illkirchoise et brass\u00e9e par Storig. Ce breuvage fleuri (parfum\u00e9 au sureau) sera vendu \u00e0 la pression, au bar musical tenu par l\u2019Apavig.<\/p>\n<p class=\"note\">Gratuit. Du jeudi 29\u00a0mai au samedi 7\u00a0juin autour de l\u2019Illiade et de la Villa. Pause lundi\u00a02 et mardi 3\u00a0juin, sauf dans les bars et les restaurants accueillant des musiciens. Le programme d\u00e9taill\u00e9 sur\u00a0: https:\/\/lilliade.illkirch.eu<\/p>\n","protected":false},"excerpt":{"rendered":"Dans un format d\u00e9sormais plus modeste, mais en pariant sur la gratuit\u00e9 pour en faciliter l\u2019acc\u00e8s \u00e0 tous,&hellip;\n","protected":false},"author":2,"featured_media":133939,"comment_status":"","ping_status":"","sticky":false,"template":"","format":"standard","meta":{"footnotes":""},"categories":[2820],"tags":[1111,11,1687,2880,1777,674,107,1011,27,775,3088,873,12,25,640,3089],"class_list":{"0":"post-133938","1":"post","2":"type-post","3":"status-publish","4":"format-standard","5":"has-post-thumbnail","7":"category-strasbourg","8":"tag-actu","9":"tag-actualites","10":"tag-culture-loisirs","11":"tag-edition-strasbourg","12":"tag-eu","13":"tag-europe","14":"tag-fil-info","15":"tag-fr","16":"tag-france","17":"tag-grand-est","18":"tag-illkirch-graffenstaden","19":"tag-musique","20":"tag-news","21":"tag-republique-francaise","22":"tag-strasbourg","23":"tag-strasbourg-sud"},"share_on_mastodon":{"url":"https:\/\/pubeurope.com\/@fr\/114584691886534758","error":""},"_links":{"self":[{"href":"https:\/\/www.europesays.com\/fr\/wp-json\/wp\/v2\/posts\/133938","targetHints":{"allow":["GET"]}}],"collection":[{"href":"https:\/\/www.europesays.com\/fr\/wp-json\/wp\/v2\/posts"}],"about":[{"href":"https:\/\/www.europesays.com\/fr\/wp-json\/wp\/v2\/types\/post"}],"author":[{"embeddable":true,"href":"https:\/\/www.europesays.com\/fr\/wp-json\/wp\/v2\/users\/2"}],"replies":[{"embeddable":true,"href":"https:\/\/www.europesays.com\/fr\/wp-json\/wp\/v2\/comments?post=133938"}],"version-history":[{"count":0,"href":"https:\/\/www.europesays.com\/fr\/wp-json\/wp\/v2\/posts\/133938\/revisions"}],"wp:featuredmedia":[{"embeddable":true,"href":"https:\/\/www.europesays.com\/fr\/wp-json\/wp\/v2\/media\/133939"}],"wp:attachment":[{"href":"https:\/\/www.europesays.com\/fr\/wp-json\/wp\/v2\/media?parent=133938"}],"wp:term":[{"taxonomy":"category","embeddable":true,"href":"https:\/\/www.europesays.com\/fr\/wp-json\/wp\/v2\/categories?post=133938"},{"taxonomy":"post_tag","embeddable":true,"href":"https:\/\/www.europesays.com\/fr\/wp-json\/wp\/v2\/tags?post=133938"}],"curies":[{"name":"wp","href":"https:\/\/api.w.org\/{rel}","templated":true}]}}