{"id":133946,"date":"2025-05-28T09:16:36","date_gmt":"2025-05-28T09:16:36","guid":{"rendered":"https:\/\/www.europesays.com\/fr\/133946\/"},"modified":"2025-05-28T09:16:36","modified_gmt":"2025-05-28T09:16:36","slug":"letat-condamne-pour-avoir-mis-deux-ans-a-trouver-une-place-en-ime-a-un-enfant-autiste","status":"publish","type":"post","link":"https:\/\/www.europesays.com\/fr\/133946\/","title":{"rendered":"l&rsquo;\u00c9tat condamn\u00e9 pour avoir mis deux ans \u00e0 trouver une place en IME \u00e0 un enfant autiste"},"content":{"rendered":"<p>            Par<br \/>\n        <strong><br \/>\n            <a href=\"https:\/\/actu.fr\/auteur\/laurent-fortin\" title=\"Consulter tous les articles de Laurent Fortin\" rel=\"nofollow noopener\" target=\"_blank\">Laurent Fortin<\/a><br \/>\n        <\/strong><\/p>\n<p>        Publi\u00e9 le<\/p>\n<p>            27 mai 2025 \u00e0 18h39        <\/p>\n<p>Alors que la <a href=\"https:\/\/www.monparcourshandicap.gouv.fr\/glossaire\/cdaph\" rel=\"nofollow noopener\" target=\"_blank\">Commission des droits et de l\u2019autonomie des personnes handicap\u00e9es<\/a> (CDAPH) de <b>Loire-Atlantique<\/b> avait pourtant orient\u00e9 le fils de ce<b> couple en IME <\/b>d\u00e8s <b>le 1er juin 2018 <\/b>pour la p\u00e9riode 2018-2023, le petit gar\u00e7on avait en effet d\u00fb attendre <b>septembre 2020<\/b> pour int\u00e9grer <a href=\"https:\/\/www.cenro.fr\/lime\/\" rel=\"nofollow noopener\" target=\"_blank\">l\u2019IME du Cenro <\/a>\u00e0 <a href=\"https:\/\/actu.fr\/pays-de-la-loire\/vertou_44215\" rel=\"nofollow noopener\" target=\"_blank\"><b>Vertou<\/b><\/a>.<\/p>\n<p class=\" wall-content\">Entre-temps, le jeune avait \u00e9t\u00e9 \u00ab scolaris\u00e9 en milieu ordinaire en grande section de maternelle et accompagn\u00e9 par une assistante de vie scolaire (AVS) pendant quinze heures par semaine \u00bb, relate <b>le tribunal administratif de Nantes <\/b>dans un jugement qui vient d\u2019\u00eatre rendu public. Il souffre pourtant du<a href=\"https:\/\/www.orpha.net\/pdfs\/data\/patho\/Pub\/fr\/Dravet-FRfrPub10307v01.pdf\" rel=\"nofollow noopener\" target=\"_blank\"> syndrome de Dravet<\/a> (SD), une \u00ab <b>forme rare et grave d\u2019\u00e9pilepsie <\/b>\u00bb, mais aussi de \u00ab <b>troubles autistiques<\/b> \u00bb et d\u2019une \u00ab <b>d\u00e9ficience intellectuelle<\/b> importante \u00bb.<\/p>\n<p class=\" wall-content\"><b>Faute de \u00ab place disponible \u00bb, <\/b>l\u2019enfant avait ainsi \u00e9t\u00e9 plac\u00e9 sur \u00ab liste d\u2019attente \u00bb d\u2019une dizaine d\u2019\u00e9tablissements. Ses parents avaient alors saisi le tribunal administratif de Nantes : <b>ils r\u00e9clamaient pr\u00e8s de 233 000\u00a0\u20ac de d\u00e9dommagements <\/b>\u00e0 l\u2019<a href=\"https:\/\/www.pays-de-la-loire.ars.sante.fr\/\" rel=\"nofollow noopener\" target=\"_blank\">Agence r\u00e9gionale de sant\u00e9 (ARS) des Pays de la Loire <\/a>en \u00ab r\u00e9paration \u00bb des \u00ab pr\u00e9judices \u00bb de leur famille.<\/p>\n<p>La \u00ab prodigieuse mauvaise foi \u00bb de l\u2019ARS<\/p>\n<blockquote class=\"ac-article-quote wall-content\">\n<p>Ce n\u2019est pas la seule famille dans cette situation, de nombreux autres parents sont dans le m\u00eame cas de figure.<\/p>\n<p>Leur avocat lors de l\u2019audience publique.<\/p><\/blockquote>\n<blockquote class=\"ac-article-quote wall-content\">\n<p>Il manque 10 000 places en IME en France\u2026 Avec cette carence syst\u00e9mique, l\u2019\u00c9tat fait des \u00e9conomies sur le dos des enfants de l\u2019ordre de 40 000 \u20ac par an par rapport au co\u00fbt annuel d\u2019une prise en charge en IME, soit 120 000 \u20ac sur trois ans. Il a donc tout int\u00e9r\u00eat \u00e0 ne pas ouvrir de places en IME puisqu\u2019il gagne de l\u2019argent.<\/p>\n<p>Emmanuel Cheneval.<\/p><\/blockquote>\n<p class=\" wall-content\">L\u2019avocat de la famille avait rappel\u00e9 \u00e0 cette occasion le \u00ab r\u00f4le majeur \u00bb <b>des juridictions administratives pour faire respecter les \u00ab politiques publiques \u00bb<\/b> en mati\u00e8re de scolarisation des enfants handicap\u00e9s.<\/p>\n<blockquote class=\"ac-article-quote wall-content\">\n<p>Tout pendant que l\u2019\u00c9tat ne sera pas davantage condamn\u00e9, il continuera ainsi. Il ne s\u2019agit donc pas de battre monnaie \u2013 cela ne va pas changer le quotidien de mes clients et le handicap de leur fils \u2013 mais de sanctionner la prodigieuse mauvaise foi de l\u2019Agence r\u00e9gionale de sant\u00e9 dans ce dossier.l leur a d\u2019ailleurs fallu un courage \u00e9norme et une \u00e9nergie colossale pour mener \u00e0 bien cette proc\u00e9dure. Et \u00e9trangement, c\u2019est quand ils ont fait une demande d\u2019expertise que l\u2019ARS \u2013 bim ! \u2013 leur a trouv\u00e9 une place en IME.<\/p>\n<p>Emmanuel Cheneval qui en est convaincu<\/p><\/blockquote>\n<blockquote class=\"ac-article-quote wall-content\">\n<p>Ces parents \u00e9tablissent leurs multiples d\u00e9marches destin\u00e9es \u00e0 trouver un lieu d\u2019accueil pour leur fils, en produisant notamment les courriers de r\u00e9ponse que leur ont adress\u00e9s au moins neuf IME. Ils produisent \u00e9galement les courriers qu\u2019ils ont envoy\u00e9s \u00e0 diff\u00e9rents acteurs politiques et administratifs intervenant \u00e0 l\u2019\u00e9chelle d\u00e9partementale et nationale.<\/p>\n<p>Le tribunal administratif de Nantes dans son jugement.<\/p><\/blockquote>\n<p>Un \u00ab fort sentiment d\u2019impuissance \u00bb<\/p>\n<blockquote class=\"ac-article-quote wall-content\">\n<p>Cette absence de prise en charge a eu des r\u00e9percussions sur la qualit\u00e9 de vue des parents et fr\u00e8re et s\u0153ur du jeune et, par cons\u00e9quent, sur celle de l\u2019int\u00e9ress\u00e9. Il ne r\u00e9sulte toutefois pas que l\u2019absence de prise en charge de cet enfant en IME se serait traduite par une perte de chance (ndlr. de voir son \u00e9tat de sant\u00e9 \u00e9voluer favorablement) en d\u00e9pit des \u00e9l\u00e9ments mettant au jour les progr\u00e8s r\u00e9alis\u00e9s \u00e0 la suite de sa prise en charge au sein d\u2019un IME.<\/p>\n<p>Les juges nantais.\u00a0<\/p><\/blockquote>\n<p class=\" wall-content\">En revanche, <b>sa m\u00e8re <\/b>\u2013 praticienne hospitali\u00e8re au CHU de Nantes \u2013 <b>a \u00ab subi un \u00e9puisement moral li\u00e9 \u00e0 l\u2019incertitude quant \u00e0 l\u2019accueil de son fils<\/b>, aux d\u00e9marches r\u00e9alis\u00e9es et aux nombreux refus rencontr\u00e9s \u00bb.<\/p>\n<blockquote class=\"ac-article-quote wall-content\">\n<p>Madame a subi une fatigue intense en lien avec des d\u00e9marches et la frustration li\u00e9es \u00e0 l\u2019absence de prise en charge<\/p>\n<p>Le tribunal.<\/p><\/blockquote>\n<p class=\" wall-content\">Alors qu\u2019elle s\u2019\u00e9tait mise \u00e0 temps partiel \u00e0 60 % avant la d\u00e9cision de la CDAPH, <b>elle n\u2019avait pu repasser \u00e0 80 % qu\u2019une fois son fils pris en charge \u00e0 l\u2019IME de Vertou.<\/b><\/p>\n<blockquote class=\"ac-article-quote wall-content\">\n<p>Le p\u00e8re a souffert d\u2019anxi\u00e9t\u00e9. Il a connu un fort sentiment d\u2019impuissance face \u00e0 l\u2019absence de placement de son fils et a particip\u00e9 \u00e0 compenser l\u2019absence de prise en charge au sein d\u2019un IME.<\/p>\n<p>Le tribunal administratif de Nantes.<\/p><\/blockquote>\n<p class=\" wall-content\">Le fr\u00e8re et la s\u0153ur du jeune gar\u00e7on ont aussi \u00ab exprim\u00e9 de mani\u00e8re diff\u00e9rente \u00bb leurs propres \u00ab pr\u00e9judices \u00bb : ils sont \u00ab li\u00e9s \u00e0<b> l\u2019absence de disponibilit\u00e9 des parents et<\/b><b> la situation de tension et d\u2019angoisse familiale <\/b>\u00bb.<\/p>\n<p class=\" wall-content\">Tout compte fait, <b>l\u2019\u00c9tat a donc \u00e9t\u00e9 condamn\u00e9 \u00e0 verser 8 000\u00a0\u20ac au petit gar\u00e7on, 7 500\u00a0\u20ac \u00e0 sa s\u0153ur, 4 000\u00a0\u20ac \u00e0 son fr\u00e8re, 33 000\u00a0\u20ac \u00e0 sa m\u00e8re et 7 500\u00a0\u20ac \u00e0 son p\u00e8re. <\/b>L\u2019administration devra aussi prendre \u00e0 sa charge les 5 700\u00a0\u20ac d\u2019honoraires de l\u2019expert et rajouter 2 000\u00a0\u20ac suppl\u00e9mentaires, cette fois-ci pour les frais de justice de la famille.<\/p>\n<p class=\" wall-content\">Suivez toute l\u2019actualit\u00e9 de vos villes et m\u00e9dias favoris en vous inscrivant \u00e0 <a href=\"https:\/\/moncompte.actu.fr\" title=\"D\u00e9couvez Mon Actu\" rel=\"nofollow noopener\" data-trk=\"{&quot;cta&quot;:{&quot;action&quot;:&quot;https:\\\/\\\/moncompte.actu.fr&quot;,&quot;category&quot;:&quot;mon compte&quot;,&quot;from&quot;:&quot;article footer&quot;,&quot;name&quot;:&quot;Mon actu&quot;,&quot;type&quot;:&quot;cta&quot;}}\" target=\"_blank\">Mon Actu<\/a>.<\/p>\n","protected":false},"excerpt":{"rendered":"Par Laurent Fortin Publi\u00e9 le 27 mai 2025 \u00e0 18h39 Alors que la Commission des droits et de&hellip;\n","protected":false},"author":2,"featured_media":133947,"comment_status":"","ping_status":"","sticky":false,"template":"","format":"standard","meta":{"footnotes":""},"categories":[2818],"tags":[1111,11,1777,674,118,1011,27,1943,303,766,12,2636,25,2900],"class_list":{"0":"post-133946","1":"post","2":"type-post","3":"status-publish","4":"format-standard","5":"has-post-thumbnail","7":"category-nantes","8":"tag-actu","9":"tag-actualites","10":"tag-eu","11":"tag-europe","12":"tag-faits-divers","13":"tag-fr","14":"tag-france","15":"tag-handicap","16":"tag-justice","17":"tag-nantes","18":"tag-news","19":"tag-pays-de-la-loire","20":"tag-republique-francaise","21":"tag-vignoble-nantais"},"share_on_mastodon":{"url":"https:\/\/pubeurope.com\/@fr\/114584707688230704","error":""},"_links":{"self":[{"href":"https:\/\/www.europesays.com\/fr\/wp-json\/wp\/v2\/posts\/133946","targetHints":{"allow":["GET"]}}],"collection":[{"href":"https:\/\/www.europesays.com\/fr\/wp-json\/wp\/v2\/posts"}],"about":[{"href":"https:\/\/www.europesays.com\/fr\/wp-json\/wp\/v2\/types\/post"}],"author":[{"embeddable":true,"href":"https:\/\/www.europesays.com\/fr\/wp-json\/wp\/v2\/users\/2"}],"replies":[{"embeddable":true,"href":"https:\/\/www.europesays.com\/fr\/wp-json\/wp\/v2\/comments?post=133946"}],"version-history":[{"count":0,"href":"https:\/\/www.europesays.com\/fr\/wp-json\/wp\/v2\/posts\/133946\/revisions"}],"wp:featuredmedia":[{"embeddable":true,"href":"https:\/\/www.europesays.com\/fr\/wp-json\/wp\/v2\/media\/133947"}],"wp:attachment":[{"href":"https:\/\/www.europesays.com\/fr\/wp-json\/wp\/v2\/media?parent=133946"}],"wp:term":[{"taxonomy":"category","embeddable":true,"href":"https:\/\/www.europesays.com\/fr\/wp-json\/wp\/v2\/categories?post=133946"},{"taxonomy":"post_tag","embeddable":true,"href":"https:\/\/www.europesays.com\/fr\/wp-json\/wp\/v2\/tags?post=133946"}],"curies":[{"name":"wp","href":"https:\/\/api.w.org\/{rel}","templated":true}]}}