{"id":133956,"date":"2025-05-28T09:21:08","date_gmt":"2025-05-28T09:21:08","guid":{"rendered":"https:\/\/www.europesays.com\/fr\/133956\/"},"modified":"2025-05-28T09:21:08","modified_gmt":"2025-05-28T09:21:08","slug":"voici-quand-reprendra-le-chantier-selon-le-ministre-des-transports","status":"publish","type":"post","link":"https:\/\/www.europesays.com\/fr\/133956\/","title":{"rendered":"voici quand reprendra le chantier selon le ministre des Transports"},"content":{"rendered":"<p>            Par<br \/>\n        <strong><br \/>\n            <a href=\"https:\/\/actu.fr\/auteur\/pascal-pallas\" title=\"Consulter tous les articles de Pascal Pallas\" target=\"_blank\" rel=\"noopener\">Pascal Pallas<\/a><br \/>\n        <\/strong><\/p>\n<p>        Publi\u00e9 le<\/p>\n<p>            28 mai 2025 \u00e0 11h05        <\/p>\n<p>Le chantier de l\u2019<a href=\"https:\/\/actu.fr\/occitanie\/castres_81065\/autoroute-a69-comment-deux-senateurs-du-tarn-esperent-faire-reprendre-les-travaux-entre-castres-et-toulouse_62465163.html\" target=\"_blank\" rel=\"noopener\">autoroute A69 Castres-Toulouse<\/a> va reprendre. C\u2019est act\u00e9 par la justice apr\u00e8s <a href=\"https:\/\/actu.fr\/occitanie\/toulouse_31555\/autoroute-a69-castres-toulouse-c-est-officiel-la-justice-autorise-la-reprise-du-chantier_62697937.html\" target=\"_blank\" rel=\"noopener\">un jugement<\/a> de la cour d\u2019appel administrative mercredi 28\u00a0mai 2025. Jugement venant sursoir \u00e0 l\u2019ex\u00e9cution des d\u00e9cisions du 27\u00a0f\u00e9vrier 2025 du tribunal administratif de Toulouse, lesquels avaient stopp\u00e9 net le chantier de cette infrastructure routi\u00e8re contest\u00e9e localement, pour des motifs \u00e9cologiques notamment. Le ministre des Transports <strong>Philippe Tabarot<\/strong> se f\u00e9licite de cette d\u00e9cision et annonce, d\u2019ores et d\u00e9j\u00e0, un calendrier de reprise des travaux.<\/p>\n<p>Reprise progressive du chantier \u00e0 partir de mi-juin<\/p>\n<p class=\" wall-content\">\u00ab\u2009La d\u00e9cision de reprise des travaux constitue un v\u00e9ritable soulagement. L\u2019interruption du chantier en cours de r\u00e9alisation de l\u2019A69 faisait peser des risques sur la s\u00e9curit\u00e9 des installations et des personnes aux abords du site. Elle avait \u00e9galement des r\u00e9percussions lourdes sur le tissu \u00e9conomique local, en provoquant l\u2019arr\u00eat brutal de l\u2019ensemble des activit\u00e9s\u2009\u00bb, d\u00e9clare Philippe Tabarot, par communiqu\u00e9 de presse.<\/p>\n<blockquote class=\"ac-article-quote wall-content\">\n<p>Je souhaite que la reprise des travaux se fasse au plus vite tout en restant vigilants \u00e0 ce qu\u2019il reste irr\u00e9prochable sur la prise en compte des enjeux de protection de l\u2019environnement.<\/p>\n<p>    <strong>Philippe Tabarrot<\/strong><br \/>\n        Ministre des Transports    <\/p><\/blockquote>\n<p class=\" wall-content\">Compte-tenu de l\u2019ampleur des \u00e9tapes n\u00e9cessaires \u00e0 cette reprise, les travaux reprendront \u00e0 partir de mi-juin de mani\u00e8re progressive, assure le ministre.<\/p>\n<p>Vers une nouvelle date de mise en service<\/p>\n<p class=\" wall-content\">Les prochaines semaines permettront, outre la reprise des travaux, une nouvelle planification des op\u00e9rations permettant de d\u00e9finir, dans les meilleurs d\u00e9lais, <strong>une nouvelle date de mise en service<\/strong>.<\/p>\n<p class=\" wall-content\">Rappelons que l\u2019\u00c9tat demeure dans l\u2019attente de la d\u00e9cision au fond que rendra la cour administrative d\u2019appel de Toulouse, saisie dans le cadre du recours contre le jugement du tribunal administratif. D\u00e9cision \u00e0 la fin de l\u2019ann\u00e9e.<\/p>\n<p class=\" wall-content\">Suivez toute l\u2019actualit\u00e9 de vos villes et m\u00e9dias favoris en vous inscrivant \u00e0 <a href=\"https:\/\/moncompte.actu.fr\" title=\"D\u00e9couvez Mon Actu\" rel=\"nofollow noopener\" data-trk=\"{&quot;cta&quot;:{&quot;action&quot;:&quot;https:\\\/\\\/moncompte.actu.fr&quot;,&quot;category&quot;:&quot;mon compte&quot;,&quot;from&quot;:&quot;article footer&quot;,&quot;name&quot;:&quot;Mon actu&quot;,&quot;type&quot;:&quot;cta&quot;}}\" target=\"_blank\">Mon Actu<\/a>.<\/p>\n<ul class=\"ac-article-tag wall-content\">\n<li><a href=\"https:\/\/actu.fr\/tag\/autoroute-castres-toulouse-a69\" data-trk=\"{&quot;cta&quot;:{&quot;action&quot;:&quot;Autoroute Castres-Toulouse (A69)&quot;,&quot;category&quot;:&quot;tag&quot;,&quot;from&quot;:&quot;article footer&quot;,&quot;name&quot;:&quot;Autoroute Castres-Toulouse (A69)&quot;,&quot;type&quot;:&quot;cta&quot;}}\" target=\"_blank\" rel=\"noopener\">#Autoroute Castres-Toulouse (A69)<\/a><\/li>\n<\/ul>\n","protected":false},"excerpt":{"rendered":"Par Pascal Pallas Publi\u00e9 le 28 mai 2025 \u00e0 11h05 Le chantier de l\u2019autoroute A69 Castres-Toulouse va reprendre.&hellip;\n","protected":false},"author":2,"featured_media":133957,"comment_status":"","ping_status":"","sticky":false,"template":"","format":"standard","meta":{"footnotes":""},"categories":[2816],"tags":[1111,11,5728,1777,674,1011,27,12,2680,25,104,2312],"class_list":{"0":"post-133956","1":"post","2":"type-post","3":"status-publish","4":"format-standard","5":"has-post-thumbnail","7":"category-toulouse","8":"tag-actu","9":"tag-actualites","10":"tag-autoroute-castres-toulouse-a69","11":"tag-eu","12":"tag-europe","13":"tag-fr","14":"tag-france","15":"tag-news","16":"tag-occitanie","17":"tag-republique-francaise","18":"tag-societe","19":"tag-toulouse"},"share_on_mastodon":{"url":"https:\/\/pubeurope.com\/@fr\/114584727356356190","error":""},"_links":{"self":[{"href":"https:\/\/www.europesays.com\/fr\/wp-json\/wp\/v2\/posts\/133956","targetHints":{"allow":["GET"]}}],"collection":[{"href":"https:\/\/www.europesays.com\/fr\/wp-json\/wp\/v2\/posts"}],"about":[{"href":"https:\/\/www.europesays.com\/fr\/wp-json\/wp\/v2\/types\/post"}],"author":[{"embeddable":true,"href":"https:\/\/www.europesays.com\/fr\/wp-json\/wp\/v2\/users\/2"}],"replies":[{"embeddable":true,"href":"https:\/\/www.europesays.com\/fr\/wp-json\/wp\/v2\/comments?post=133956"}],"version-history":[{"count":0,"href":"https:\/\/www.europesays.com\/fr\/wp-json\/wp\/v2\/posts\/133956\/revisions"}],"wp:featuredmedia":[{"embeddable":true,"href":"https:\/\/www.europesays.com\/fr\/wp-json\/wp\/v2\/media\/133957"}],"wp:attachment":[{"href":"https:\/\/www.europesays.com\/fr\/wp-json\/wp\/v2\/media?parent=133956"}],"wp:term":[{"taxonomy":"category","embeddable":true,"href":"https:\/\/www.europesays.com\/fr\/wp-json\/wp\/v2\/categories?post=133956"},{"taxonomy":"post_tag","embeddable":true,"href":"https:\/\/www.europesays.com\/fr\/wp-json\/wp\/v2\/tags?post=133956"}],"curies":[{"name":"wp","href":"https:\/\/api.w.org\/{rel}","templated":true}]}}