{"id":133958,"date":"2025-05-28T09:22:08","date_gmt":"2025-05-28T09:22:08","guid":{"rendered":"https:\/\/www.europesays.com\/fr\/133958\/"},"modified":"2025-05-28T09:22:08","modified_gmt":"2025-05-28T09:22:08","slug":"quels-magasins-seront-ouverts-dans-la-metropole-de-lille","status":"publish","type":"post","link":"https:\/\/www.europesays.com\/fr\/133958\/","title":{"rendered":"quels magasins seront ouverts dans la m\u00e9tropole de Lille\u00a0?"},"content":{"rendered":"<p>            Par<br \/>\n        <strong><br \/>\n            <a href=\"https:\/\/actu.fr\/auteur\/hervine-mahaud\" title=\"Consulter tous les articles de Hervine Mahaud\" rel=\"nofollow noopener\" target=\"_blank\">Hervine Mahaud<\/a><br \/>\n        <\/strong><\/p>\n<p>        Publi\u00e9 le<\/p>\n<p>            28 mai 2025 \u00e0 11h10        <\/p>\n<p>Vous avez pr\u00e9vu de profiter de votre <b>jeudi de l\u2019Ascension<\/b> pour faire du <b>shopping<\/b> ou quelques <b>courses<\/b> ? Comme bien souvent lors des <b>jours f\u00e9ri\u00e9s<\/b>, de nombreux <b>magasins<\/b>, <b>boutiques<\/b> et <b>centres commerciaux<\/b> sont ouverts dans la <b>m\u00e9tropole de Lille<\/b>. On fait le point sur les <b>commerces<\/b> pr\u00eats \u00e0 vous accueillir ce <b>29 mai 2025<\/b>.<\/p>\n<p>Les magasins ouverts \u00e0 Lille<\/p>\n<p class=\" wall-content\">\u00c0 <a href=\"https:\/\/actu.fr\/lille\/\" rel=\"nofollow noopener\" target=\"_blank\">Lille<\/a>, voici les magasins qui seront ouverts :\u00a0<\/p>\n<ul class=\" wall-content\">\n<li><a href=\"https:\/\/actu.fr\/hauts-de-france\/lille_59350\/lille-victorias-secret-deploie-ses-ailes-a-westfield-euralille-pour-proposer-sa-lingerie-glamour_62649820.html\" rel=\"nofollow noopener\" target=\"_blank\">Westfield Euralille<\/a>\u00a0: les boutiques de 10h \u00e0 19h, Carrefour de 9h \u00e0 20h ;<\/li>\n<li><a href=\"https:\/\/actu.fr\/hauts-de-france\/lille_59350\/lille-on-a-teste-jurassic-safari-lattraction-avec-des-dinosaures-voici-ce-quon-en-pense_62581025.html\" rel=\"nofollow noopener\" target=\"_blank\">Lillenium<\/a>\u00a0: les boutiques de 10h \u00e0 19h, Leclerc de 9h \u00e0 19h ;<\/li>\n<li><b>Les Tanneurs<\/b> : de 10h \u00e0 18h ;<\/li>\n<li><b>Printemps<\/b>\u00a0: de 10h30 \u00e0 19h30 ;<\/li>\n<li><b>Fnac<\/b> : de 11h \u00e0 19h ;<\/li>\n<li><b>Furet du Nord<\/b> : de 10h \u00e0 19h.<\/li>\n<\/ul>\n<p class=\" wall-content\">Dans le centre-ville (<b>rue de B\u00e9thune, rue Faidherbe, rue Pierre Mauroy, rue du Molinel<\/b>\u2026) et dans le\u00a0<b>Vieux-Lille<\/b>, plusieurs boutiques devraient aussi \u00eatre ouvertes.\u00a0<\/p>\n<p>Ailleurs dans la m\u00e9tropole<\/p>\n<p class=\" wall-content\">\u00c0 la recherche de bonnes affaires ? Alors direction\u00a0<a href=\"https:\/\/actu.fr\/hauts-de-france\/roubaix_59512\" rel=\"nofollow noopener\" target=\"_blank\">Roubaix<\/a>\u00a0et ses <b>magasins d\u2019usine<\/b>. Les deux <b>centres outlet<\/b> seront ouverts.\u00a0<a href=\"https:\/\/actu.fr\/hauts-de-france\/roubaix_59512\/roubaix-ces-deux-nouvelles-enseignes-ouvrent-tres-bientot-dans-le-centre-commercial-mcarthurglen_62397750.html\" rel=\"nofollow noopener\" target=\"_blank\">McArthurGlen<\/a>\u00a0sera ouvert de 10h \u00e0 19h, tout comme <b>L\u2019Usine<\/b>.<\/p>\n<p>Vid\u00e9os : en ce moment sur Actu<\/p>\n<p class=\" wall-content\">Voici les horaires des autres centres commerciaux de la m\u00e9tropole lilloise :<\/p>\n<ul class=\" wall-content\">\n<li><b>Centre commercial V2\u00a0Villeneuve-d\u2019Ascq<\/b>\u00a0: Auchan ouvert de 8h30 \u00e0 20h. Les boutiques seront ouvertes de 10h \u00e0 19h ;<\/li>\n<li><b>Espace Grand Rue \u00e0 Roubaix<\/b> : le centre sera ouvert de 10h \u00e0 18h ;<\/li>\n<li><b>Espace Saint-Christophe \u00e0 Tourcoing<\/b>\u00a0: Auchan ouvert de 9h \u00e0 13h. Le centre sera ouvert de 10h \u00e0 18h ;<\/li>\n<li><b>Centre commercial Englos Les G\u00e9ants<\/b>\u00a0: Auchan ouvert de 8h30 \u00e0 20h. La galerie sera ouverte de 9h30 \u00e0 19h ;<\/li>\n<li><b>Centre commercial Faches-Thumesnil<\/b> : Auchan ouvert de 8h30 \u00e0 20h. La galerie sera ouverte de 10h \u00e0 19h ;<\/li>\n<li><b>Centre commercial Leers<\/b>\u00a0: Auchan ouvert de 8h30 \u00e0 20h. Le centre sera ouvert de 9h30 \u00e0 19h ;<\/li>\n<li><b>Centre commercial Promenade de Flandre<\/b>\u00a0: Auchan Roncq ouvert de 8h30 \u00e0 20h. La galerie et la promenade seront ouvertes de 10h \u00e0 19h ;<\/li>\n<li><b>Centre commercial Carrefour Wasquehal<\/b>\u00a0: hypermarch\u00e9 ouvert de 8h30 \u00e0 20h. Les boutiques seront ouvertes.<\/li>\n<\/ul>\n<p class=\" wall-content\">Par ailleurs, le\u00a0<b>B\u2019twin Village<\/b>\u00a0de Lille sera ouvert de 10h \u00e0 19h, tandis que\u00a0<b>Famiflora \u00e0 Mouscron<\/b>\u00a0(Belgique) sera ouvert de 8h \u00e0 19h. Bon shopping !<\/p>\n<p class=\" wall-content\">Suivez toute l\u2019actualit\u00e9 de vos villes et m\u00e9dias favoris en vous inscrivant \u00e0 <a href=\"https:\/\/moncompte.actu.fr\" title=\"D\u00e9couvez Mon Actu\" rel=\"nofollow noopener\" data-trk=\"{&quot;cta&quot;:{&quot;action&quot;:&quot;https:\\\/\\\/moncompte.actu.fr&quot;,&quot;category&quot;:&quot;mon compte&quot;,&quot;from&quot;:&quot;article footer&quot;,&quot;name&quot;:&quot;Mon actu&quot;,&quot;type&quot;:&quot;cta&quot;}}\" target=\"_blank\">Mon Actu<\/a>.<\/p>\n","protected":false},"excerpt":{"rendered":"Par Hervine Mahaud Publi\u00e9 le 28 mai 2025 \u00e0 11h10 Vous avez pr\u00e9vu de profiter de votre jeudi&hellip;\n","protected":false},"author":2,"featured_media":133959,"comment_status":"","ping_status":"","sticky":false,"template":"","format":"standard","meta":{"footnotes":""},"categories":[2815],"tags":[1111,11,215,33,1777,674,1011,27,811,1307,12,25],"class_list":{"0":"post-133958","1":"post","2":"type-post","3":"status-publish","4":"format-standard","5":"has-post-thumbnail","7":"category-lille","8":"tag-actu","9":"tag-actualites","10":"tag-commerce","11":"tag-economie","12":"tag-eu","13":"tag-europe","14":"tag-fr","15":"tag-france","16":"tag-hauts-de-france","17":"tag-lille","18":"tag-news","19":"tag-republique-francaise"},"share_on_mastodon":{"url":"https:\/\/pubeurope.com\/@fr\/114584731197618841","error":""},"_links":{"self":[{"href":"https:\/\/www.europesays.com\/fr\/wp-json\/wp\/v2\/posts\/133958","targetHints":{"allow":["GET"]}}],"collection":[{"href":"https:\/\/www.europesays.com\/fr\/wp-json\/wp\/v2\/posts"}],"about":[{"href":"https:\/\/www.europesays.com\/fr\/wp-json\/wp\/v2\/types\/post"}],"author":[{"embeddable":true,"href":"https:\/\/www.europesays.com\/fr\/wp-json\/wp\/v2\/users\/2"}],"replies":[{"embeddable":true,"href":"https:\/\/www.europesays.com\/fr\/wp-json\/wp\/v2\/comments?post=133958"}],"version-history":[{"count":0,"href":"https:\/\/www.europesays.com\/fr\/wp-json\/wp\/v2\/posts\/133958\/revisions"}],"wp:featuredmedia":[{"embeddable":true,"href":"https:\/\/www.europesays.com\/fr\/wp-json\/wp\/v2\/media\/133959"}],"wp:attachment":[{"href":"https:\/\/www.europesays.com\/fr\/wp-json\/wp\/v2\/media?parent=133958"}],"wp:term":[{"taxonomy":"category","embeddable":true,"href":"https:\/\/www.europesays.com\/fr\/wp-json\/wp\/v2\/categories?post=133958"},{"taxonomy":"post_tag","embeddable":true,"href":"https:\/\/www.europesays.com\/fr\/wp-json\/wp\/v2\/tags?post=133958"}],"curies":[{"name":"wp","href":"https:\/\/api.w.org\/{rel}","templated":true}]}}