{"id":133960,"date":"2025-05-28T09:23:09","date_gmt":"2025-05-28T09:23:09","guid":{"rendered":"https:\/\/www.europesays.com\/fr\/133960\/"},"modified":"2025-05-28T09:23:09","modified_gmt":"2025-05-28T09:23:09","slug":"les-quartiers-de-lille-sur-whatsapp-actualites","status":"publish","type":"post","link":"https:\/\/www.europesays.com\/fr\/133960\/","title":{"rendered":"Les quartiers de Lille sur WhatsApp \/ Actualit\u00e9s"},"content":{"rendered":"<p>\u00c9v\u00e9nements, travaux, vie du quartier\u2026 Les 10 quartiers de Lille d\u00e9barquent sur WhatsApp pour vous tenir au courant de tout ce qu&rsquo;il se passe autour de vous !<\/p>\n<p>            <img loading=\"lazy\" decoding=\"async\" src=\"\/var\/www\/storage\/images\/mediatheque\/mairie-de-lille\/mon-quartier\/moulins\/images\/whatsapp\/3720063-1-fre-FR\/whatsApp_news_image_top.jpg\" width=\"779\" height=\"518\" alt=\"\"\/><\/p>\n<p>Vous cherchez quoi faire dans le quartier ce week-end ? \u00c0 en savoir plus sur les initiatives locales ? Ou \u00e0 \u00eatre inform\u00e9 des travaux, modifications de stationnement ou de circulation qui peuvent vous impacter ?<\/p>\n<p><strong>Chaque semaine, recevez toute l&rsquo;actu tr\u00e8s, tr\u00e8s locale directement sur votre t\u00e9l\u00e9phone, en rejoignant sa cha\u00eene WhatsApp !<\/strong><\/p>\n<p>Pourquoi une cha\u00eene WhatsApp ?<\/p>\n<ul class=\"listPuce\">\n<li><strong>Parce que c&rsquo;est plus rapide :<\/strong>\u00a0un message chaque semaine, et toute l&rsquo;actu en 5min !<\/li>\n<li><strong>Parce que c&rsquo;est plus pratique :<\/strong>\u00a0vous recevez toutes les infos directement dans l&rsquo;application<\/li>\n<li><strong>Parce que vous pouvez r\u00e9agir<\/strong>\u00a0\u00e0 ce qui vous pla\u00eet ou \u00e0 des sondages<\/li>\n<\/ul>\n<p>8 quartiers ont d\u00e9j\u00e0 lanc\u00e9 leur cha\u00eene. Inscrivez-vous en cliquant sur le lien depuis votre t\u00e9l\u00e9phone :\u00a0<\/p>\n<p>&#8230; Les cha\u00eenes de Fives et Vauban-Esquermes arrivent tr\u00e8s bient\u00f4t !<\/p>\n<p>Comment faire ? Exemple pour Moulins<\/p>\n<p>            <img src-full=\"\/var\/www\/storage\/images\/mediatheque\/mairie-de-lille\/mon-quartier\/moulins\/images\/whatsapp-lm\/3722255-1-fre-FR\/WhatsApp-LM.jpg\" width=\"328\" height=\"465\" alt=\"WhatsApp LM\" title=\"WhatsApp LM\" class=\"align-\"\/>\n    <\/p>\n","protected":false},"excerpt":{"rendered":"\u00c9v\u00e9nements, travaux, vie du quartier\u2026 Les 10 quartiers de Lille d\u00e9barquent sur WhatsApp pour vous tenir au courant&hellip;\n","protected":false},"author":2,"featured_media":133961,"comment_status":"","ping_status":"","sticky":false,"template":"","format":"standard","meta":{"footnotes":""},"categories":[2815],"tags":[1111,11,4763,1777,674,1011,27,811,1307,5415,12,25],"class_list":{"0":"post-133960","1":"post","2":"type-post","3":"status-publish","4":"format-standard","5":"has-post-thumbnail","7":"category-lille","8":"tag-actu","9":"tag-actualites","10":"tag-agenda","11":"tag-eu","12":"tag-europe","13":"tag-fr","14":"tag-france","15":"tag-hauts-de-france","16":"tag-lille","17":"tag-mairie","18":"tag-news","19":"tag-republique-francaise"},"share_on_mastodon":{"url":"https:\/\/pubeurope.com\/@fr\/114584735779412066","error":""},"_links":{"self":[{"href":"https:\/\/www.europesays.com\/fr\/wp-json\/wp\/v2\/posts\/133960","targetHints":{"allow":["GET"]}}],"collection":[{"href":"https:\/\/www.europesays.com\/fr\/wp-json\/wp\/v2\/posts"}],"about":[{"href":"https:\/\/www.europesays.com\/fr\/wp-json\/wp\/v2\/types\/post"}],"author":[{"embeddable":true,"href":"https:\/\/www.europesays.com\/fr\/wp-json\/wp\/v2\/users\/2"}],"replies":[{"embeddable":true,"href":"https:\/\/www.europesays.com\/fr\/wp-json\/wp\/v2\/comments?post=133960"}],"version-history":[{"count":0,"href":"https:\/\/www.europesays.com\/fr\/wp-json\/wp\/v2\/posts\/133960\/revisions"}],"wp:featuredmedia":[{"embeddable":true,"href":"https:\/\/www.europesays.com\/fr\/wp-json\/wp\/v2\/media\/133961"}],"wp:attachment":[{"href":"https:\/\/www.europesays.com\/fr\/wp-json\/wp\/v2\/media?parent=133960"}],"wp:term":[{"taxonomy":"category","embeddable":true,"href":"https:\/\/www.europesays.com\/fr\/wp-json\/wp\/v2\/categories?post=133960"},{"taxonomy":"post_tag","embeddable":true,"href":"https:\/\/www.europesays.com\/fr\/wp-json\/wp\/v2\/tags?post=133960"}],"curies":[{"name":"wp","href":"https:\/\/api.w.org\/{rel}","templated":true}]}}