{"id":133964,"date":"2025-05-28T09:25:13","date_gmt":"2025-05-28T09:25:13","guid":{"rendered":"https:\/\/www.europesays.com\/fr\/133964\/"},"modified":"2025-05-28T09:25:13","modified_gmt":"2025-05-28T09:25:13","slug":"un-vaste-trafic-de-voitures-volees-demantele-au-port","status":"publish","type":"post","link":"https:\/\/www.europesays.com\/fr\/133964\/","title":{"rendered":"un vaste trafic de voitures vol\u00e9es d\u00e9mantel\u00e9 au port"},"content":{"rendered":"<p itemprop=\"description\">Vaste coup de filet du c\u00f4t\u00e9 du port de Marseille. Plusieurs individus ont \u00e9t\u00e9 interpell\u00e9s concernant un trafic de voitures voil\u00e9es qui transitaient de la cit\u00e9 phoc\u00e9enne \u00e0 l&rsquo;Alg\u00e9rie.<\/p>\n<p>EN BREF<\/p>\n<ul class=\"bloc_resume_post_list\">\n<li>\n<p>\t\t\t\t\t\t\t\tLe 22 mai, dix personnes ont \u00e9t\u00e9 arr\u00eat\u00e9es pour un trafic de v\u00e9hicules vol\u00e9s entre Marseille et l&rsquo;Alg\u00e9rie.\n\t\t\t\t\t\t<\/li>\n<li>\n<p>\t\t\t\t\t\t\t\tL&rsquo;organisation criminelle ciblait des voitures de location \u00e9trang\u00e8res, les maquillait et les exp\u00e9diait vers l&rsquo;Afrique du Nord via le port de Marseille.\n\t\t\t\t\t\t<\/li>\n<li>\n<p>\t\t\t\t\t\t\t\tPlusieurs employ\u00e9s du port de Marseille ont \u00e9t\u00e9 inculp\u00e9s dans ce trafic.\n\t\t\t\t\t\t<\/li>\n<\/ul>\n<p data-pm-slice=\"0 0 []\">Un r\u00e9seau international de <strong>trafic de <a href=\"https:\/\/www.autojournal.fr\/reportage\/vols-cambriolage-voitures-techniques-france-380900.html\" target=\"_blank\" rel=\"noopener nofollow\">v\u00e9hicules vol\u00e9s<\/a><\/strong>, op\u00e9rant depuis le port de Marseille-Fos en direction de l\u00a0\u00bbAlg\u00e9rie, a \u00e9t\u00e9 mis \u00e0 jour par les autorit\u00e9s fran\u00e7aises.<\/p>\n<p data-pm-slice=\"0 0 []\">Selon un communiqu\u00e9 publi\u00e9 par le parquet de Marseille, dix individus ont \u00e9t\u00e9 mis en examen dans le cadre de cette affaire, qui aurait caus\u00e9 un pr\u00e9judice estim\u00e9 \u00e0 pr\u00e8s de <strong>30 millions d\u2019euros<\/strong>.<\/p>\n<p> Un trafic bien rod\u00e9 <\/p>\n<p>L\u2019organisation criminelle, active depuis au moins quatre ans, avait mis en place un syst\u00e8me bien rod\u00e9, visant principalement <strong>des v\u00e9hicules de location \u00e9trangers<\/strong>. Ces voitures \u00e9taient d\u00e9tourn\u00e9es avant m\u00eame d\u2019\u00eatre signal\u00e9es comme <a href=\"https:\/\/www.autoplus.fr\/actualite\/insolite\/vol-vehicules-luxe-envoyer-afrique-ouest-1378438.html\" rel=\"nofollow noopener\" target=\"_blank\">vol\u00e9es<\/a> aupr\u00e8s des autorit\u00e9s fran\u00e7aises, laissant aux trafiquants une fen\u00eatre suffisante pour les acheminer vers la France, les maquiller, leur attribuer des plaques d&rsquo;immatriculation provisoires, puis les exp\u00e9dier vers l\u2019Afrique du Nord.<\/p>\n<p>L\u2019enqu\u00eate, confi\u00e9e \u00e0 la Division de la criminalit\u00e9 territoriale des Bouches-du-Rh\u00f4ne, avec le soutien du Groupe interminist\u00e9riel de recherche, a permis de reconstituer le circuit de ces v\u00e9hicules et de mettre \u00e0 jour l\u2019implication d\u2019employ\u00e9s travaillant sur le port de <a href=\"https:\/\/www.autoplus.fr\/pratique\/zfe\/marseille-zfe-fracture-sociale-1296795.html\" rel=\"nofollow noopener\" target=\"_blank\">Marseille<\/a>. Ces derniers, selon le procureur Nicolas Bessone, auraient facilit\u00e9 l\u2019entr\u00e9e des voitures et leur entreposage dans un hangar en \u00e9change de r\u00e9tributions financi\u00e8res.<\/p>\n<p>\u00ab\u00a0Des personnes occupant des postes cl\u00e9s au sein du port ont activement collabor\u00e9 avec le r\u00e9seau, en autorisant l\u2019acc\u00e8s au terminal et en fournissant des infrastructures logistiques\u00a0\u00bb, a soulign\u00e9 le magistrat.<\/p>\n<p>    La fin d&rsquo;une organisation active depuis des ann\u00e9es <\/p>\n<p>Les dix personnes interpell\u00e9es le 22 mai ont \u00e9t\u00e9 mises en examen pour <strong>des faits de recel de vol en bande organis\u00e9e, blanchiment d\u2019argent et usage de faux<\/strong>. Cinq d\u2019entre elles ont \u00e9t\u00e9 plac\u00e9es en d\u00e9tention provisoire, tandis que les autres sont actuellement sous contr\u00f4le judiciaire.<\/p>\n<p>Selon des informations de la radio Ici Provence, les complices travailleraient pour une entreprise gestionnaire d\u2019un terminal roulier d\u00e9di\u00e9 aux liaisons maritimes avec l\u2019Afrique du Nord. Le parquet n\u2019a pas souhait\u00e9 fournir davantage de d\u00e9tails \u00e0 ce stade de l\u2019enqu\u00eate.<\/p>\n","protected":false},"excerpt":{"rendered":"Vaste coup de filet du c\u00f4t\u00e9 du port de Marseille. Plusieurs individus ont \u00e9t\u00e9 interpell\u00e9s concernant un trafic&hellip;\n","protected":false},"author":2,"featured_media":133965,"comment_status":"","ping_status":"","sticky":false,"template":"","format":"standard","meta":{"footnotes":""},"categories":[2814],"tags":[1111,11,1777,674,1011,27,1638,884,12,882,25],"class_list":{"0":"post-133964","1":"post","2":"type-post","3":"status-publish","4":"format-standard","5":"has-post-thumbnail","7":"category-marseille","8":"tag-actu","9":"tag-actualites","10":"tag-eu","11":"tag-europe","12":"tag-fr","13":"tag-france","14":"tag-has_diapo","15":"tag-marseille","16":"tag-news","17":"tag-provence-alpes-cote-dazur","18":"tag-republique-francaise"},"share_on_mastodon":{"url":"https:\/\/pubeurope.com\/@fr\/114584743076981162","error":""},"_links":{"self":[{"href":"https:\/\/www.europesays.com\/fr\/wp-json\/wp\/v2\/posts\/133964","targetHints":{"allow":["GET"]}}],"collection":[{"href":"https:\/\/www.europesays.com\/fr\/wp-json\/wp\/v2\/posts"}],"about":[{"href":"https:\/\/www.europesays.com\/fr\/wp-json\/wp\/v2\/types\/post"}],"author":[{"embeddable":true,"href":"https:\/\/www.europesays.com\/fr\/wp-json\/wp\/v2\/users\/2"}],"replies":[{"embeddable":true,"href":"https:\/\/www.europesays.com\/fr\/wp-json\/wp\/v2\/comments?post=133964"}],"version-history":[{"count":0,"href":"https:\/\/www.europesays.com\/fr\/wp-json\/wp\/v2\/posts\/133964\/revisions"}],"wp:featuredmedia":[{"embeddable":true,"href":"https:\/\/www.europesays.com\/fr\/wp-json\/wp\/v2\/media\/133965"}],"wp:attachment":[{"href":"https:\/\/www.europesays.com\/fr\/wp-json\/wp\/v2\/media?parent=133964"}],"wp:term":[{"taxonomy":"category","embeddable":true,"href":"https:\/\/www.europesays.com\/fr\/wp-json\/wp\/v2\/categories?post=133964"},{"taxonomy":"post_tag","embeddable":true,"href":"https:\/\/www.europesays.com\/fr\/wp-json\/wp\/v2\/tags?post=133964"}],"curies":[{"name":"wp","href":"https:\/\/api.w.org\/{rel}","templated":true}]}}