{"id":133966,"date":"2025-05-28T09:26:12","date_gmt":"2025-05-28T09:26:12","guid":{"rendered":"https:\/\/www.europesays.com\/fr\/133966\/"},"modified":"2025-05-28T09:26:12","modified_gmt":"2025-05-28T09:26:12","slug":"vaste-operation-de-gendarmerie-dans-ces-communes-voici-pourquoi","status":"publish","type":"post","link":"https:\/\/www.europesays.com\/fr\/133966\/","title":{"rendered":"vaste op\u00e9ration de gendarmerie dans ces communes, voici pourquoi"},"content":{"rendered":"<p>            Par<br \/>\n        <strong><br \/>\n            <a href=\"https:\/\/actu.fr\/auteur\/julien-damboise\" title=\"Consulter tous les articles de Julien Damboise\" target=\"_blank\" rel=\"noopener\">Julien Damboise<\/a><br \/>\n        <\/strong><\/p>\n<p>        Publi\u00e9 le<\/p>\n<p>            28 mai 2025 \u00e0 10h16        <\/p>\n<p>Une nouvelle op\u00e9ration anti-d\u00e9linquance a \u00e9t\u00e9 men\u00e9e par la <a href=\"https:\/\/actu.fr\/auvergne-rhone-alpes\/tassin-la-demi-lune_69244\/pres-de-lyon-les-gendarmes-cernent-cette-commune-et-font-carton-plein-affligeant_62671518.html\" target=\"_blank\" rel=\"noopener\">gendarmerie<\/a> du Rh\u00f4ne jeudi 22 mai 2025. L\u2019intervention, r\u00e9alis\u00e9e en coordination et en simultan\u00e9 avec plusieurs unit\u00e9s, a mobilis\u00e9 environ <strong>trente militaires<\/strong>.<\/p>\n<p class=\" wall-content\">Une <strong>pr\u00e9sence exceptionnelle<\/strong> sur le terrain, r\u00e9partie sur un vaste p\u00e9rim\u00e8tre de l\u2019ouest de <a href=\"https:\/\/actu.fr\/auvergne-rhone-alpes\/lyon_69123\" target=\"_blank\" rel=\"noopener\">Lyon<\/a>. Des chauffards ont encore une fois \u00e9t\u00e9 d\u00e9busqu\u00e9s par les militaires.<\/p>\n<p>Six points de contr\u00f4le en m\u00eame temps<\/p>\n<p class=\" wall-content\">Ce sont donc six points de contr\u00f4le qui ont \u00e9t\u00e9 mis en place simultan\u00e9ment, \u00e0 des endroits strat\u00e9giques du r\u00e9seau routier, sur les communes de Francheville, Craponne, <a href=\"https:\/\/actu.fr\/auvergne-rhone-alpes\/tassin-la-demi-lune_69244\" target=\"_blank\" rel=\"noopener\">Tassin-la-Demi-Lune<\/a> et enfin Gr\u00e9zieu-la-Varenne.<\/p>\n<p class=\" wall-content\">En seulement deux heures, entre 12 h et 14 h, <strong>240 v\u00e9hicules<\/strong> ont \u00e9t\u00e9 stopp\u00e9s. Et les gendarmes n\u2019ont pas ch\u00f4m\u00e9 avec de nombreux manquements relev\u00e9s.<\/p>\n<p>Un bilan inqui\u00e9tant<\/p>\n<p class=\" wall-content\">Malgr\u00e9 le laps de temps plut\u00f4t court, les infractions et d\u00e9lits se sont encha\u00een\u00e9s :<\/p>\n<p>Vid\u00e9os : en ce moment sur Actu<\/p>\n<ul class=\" wall-content\">\n<li>6 v\u00e9hicules en <strong>d\u00e9faut d\u2019assurance<\/strong><\/li>\n<li>8 v\u00e9hicules avec <strong>contr\u00f4le technique<\/strong> non \u00e0 jour<\/li>\n<li>3 conduites <strong>sans permis<\/strong> ou malgr\u00e9 suspension<\/li>\n<li>3 conducteurs sous l\u2019emprise de <strong>stup\u00e9fiants<\/strong><\/li>\n<li>2 personnes sans <strong>ceinture<\/strong> de s\u00e9curit\u00e9<\/li>\n<li>4 usages d\u2019<strong>oreillettes<\/strong> au volant<\/li>\n<li>1 franchissement de <strong>ligne blanche<\/strong><\/li>\n<\/ul>\n<p class=\" wall-content\">Les automobilistes, qui ont sans doute rep\u00e9r\u00e9 les militaires sur les applications comme Waze, n\u2019ont pas \u00e9t\u00e9 nombreux \u00e0 rouler trop vite puisqu\u2019une seule vitesse excessive a \u00e9t\u00e9 enregistr\u00e9e.<\/p>\n<p class=\" wall-content\">Des op\u00e9rations similaires seront reconduites prochainement, indiquent les gendarmes.<\/p>\n<p class=\" wall-content\">Suivez toute l\u2019actualit\u00e9 de vos villes et m\u00e9dias favoris en vous inscrivant \u00e0 <a href=\"https:\/\/moncompte.actu.fr\" title=\"D\u00e9couvez Mon Actu\" rel=\"nofollow noopener\" data-trk=\"{&quot;cta&quot;:{&quot;action&quot;:&quot;https:\\\/\\\/moncompte.actu.fr&quot;,&quot;category&quot;:&quot;mon compte&quot;,&quot;from&quot;:&quot;article footer&quot;,&quot;name&quot;:&quot;Mon actu&quot;,&quot;type&quot;:&quot;cta&quot;}}\" target=\"_blank\">Mon Actu<\/a>.<\/p>\n","protected":false},"excerpt":{"rendered":"Par Julien Damboise Publi\u00e9 le 28 mai 2025 \u00e0 10h16 Une nouvelle op\u00e9ration anti-d\u00e9linquance a \u00e9t\u00e9 men\u00e9e par&hellip;\n","protected":false},"author":2,"featured_media":133967,"comment_status":"","ping_status":"","sticky":false,"template":"","format":"standard","meta":{"footnotes":""},"categories":[1889],"tags":[1111,11,2430,3542,1777,674,5915,118,1011,27,3381,2428,12,25],"class_list":{"0":"post-133966","1":"post","2":"type-post","3":"status-publish","4":"format-standard","5":"has-post-thumbnail","7":"category-lyon","8":"tag-actu","9":"tag-actualites","10":"tag-auvergne-rhone-alpes","11":"tag-circulation","12":"tag-eu","13":"tag-europe","14":"tag-exces-de-vitesse","15":"tag-faits-divers","16":"tag-fr","17":"tag-france","18":"tag-gendarmerie","19":"tag-lyon","20":"tag-news","21":"tag-republique-francaise"},"share_on_mastodon":{"url":"https:\/\/pubeurope.com\/@fr\/114584747142149143","error":""},"_links":{"self":[{"href":"https:\/\/www.europesays.com\/fr\/wp-json\/wp\/v2\/posts\/133966","targetHints":{"allow":["GET"]}}],"collection":[{"href":"https:\/\/www.europesays.com\/fr\/wp-json\/wp\/v2\/posts"}],"about":[{"href":"https:\/\/www.europesays.com\/fr\/wp-json\/wp\/v2\/types\/post"}],"author":[{"embeddable":true,"href":"https:\/\/www.europesays.com\/fr\/wp-json\/wp\/v2\/users\/2"}],"replies":[{"embeddable":true,"href":"https:\/\/www.europesays.com\/fr\/wp-json\/wp\/v2\/comments?post=133966"}],"version-history":[{"count":0,"href":"https:\/\/www.europesays.com\/fr\/wp-json\/wp\/v2\/posts\/133966\/revisions"}],"wp:featuredmedia":[{"embeddable":true,"href":"https:\/\/www.europesays.com\/fr\/wp-json\/wp\/v2\/media\/133967"}],"wp:attachment":[{"href":"https:\/\/www.europesays.com\/fr\/wp-json\/wp\/v2\/media?parent=133966"}],"wp:term":[{"taxonomy":"category","embeddable":true,"href":"https:\/\/www.europesays.com\/fr\/wp-json\/wp\/v2\/categories?post=133966"},{"taxonomy":"post_tag","embeddable":true,"href":"https:\/\/www.europesays.com\/fr\/wp-json\/wp\/v2\/tags?post=133966"}],"curies":[{"name":"wp","href":"https:\/\/api.w.org\/{rel}","templated":true}]}}