{"id":133968,"date":"2025-05-28T09:27:09","date_gmt":"2025-05-28T09:27:09","guid":{"rendered":"https:\/\/www.europesays.com\/fr\/133968\/"},"modified":"2025-05-28T09:27:09","modified_gmt":"2025-05-28T09:27:09","slug":"de-faux-pv-glisses-sur-les-pare-brises-dautomobilistes","status":"publish","type":"post","link":"https:\/\/www.europesays.com\/fr\/133968\/","title":{"rendered":"de faux PV gliss\u00e9s sur les pare-brises d\u2019automobilistes"},"content":{"rendered":"<p>La m\u00e9tropole de Lyon a lanc\u00e9 une mise en garde apr\u00e8s avoir \u00e9t\u00e9 alert\u00e9e sur une escroquerie aux fausses amendes pour infractions aux r\u00e8gles Crit\u2019Air sur la Zone \u00e0 faibles \u00e9missions locale.<\/p>\n<p class=\"fig-paragraph\">\u00abUne infraction \u00e0 la r\u00e9glementation du stationnement ZFE de Lyon a \u00e9t\u00e9 relev\u00e9e \u00e0 votre encontre\u00bb. Plusieurs habitants de la m\u00e9tropole de Lyon ont fait remonter aux services du Grand Lyon la pr\u00e9sence de flyers \u00e0 en-t\u00eate de la\u00a0<a href=\"http:\/\/www.lefigaro.fr\/lyon\/zfe-a-lyon-un-quart-des-vehicules-exclus-en-2025-selon-l-insee-20240717\" data-fig-type=\"NewsFlash\" data-gtm-custom-categorie=\"navigation\" data-gtm-custom-action=\"crossclick\" data-gtm-custom-label=\"Contextuel\" data-gtm-event=\"customEventSPE\" data-fig-domain=\"LEFIGARO\" rel=\"nofollow noopener\" target=\"_blank\">ville de Lyon et affubl\u00e9s du logo ZFE<\/a>, gliss\u00e9s sous leurs essuie-glaces leur demandant de r\u00e9gler une amende de 68 euros. Une arnaque bien ficel\u00e9e qui concerne pr\u00e8s de 55% du parc automobile local. Les victimes sont ainsi invit\u00e9es \u00e0 scanner un QR code pour r\u00e9gler la fausse amende.<\/p>\n<p class=\"fig-paragraph\">La m\u00e9tropole indique\u00a0<a href=\"http:\/\/www.lefigaro.fr\/lyon\/zfe-a-lyon-une-derogation-pour-les-travailleurs-en-horaires-decales-a-partir-du-1er-janvier-20241223\" data-fig-type=\"NewsFlash\" data-gtm-custom-categorie=\"navigation\" data-gtm-custom-action=\"crossclick\" data-gtm-custom-label=\"Contextuel\" data-gtm-event=\"customEventSPE\" data-fig-domain=\"LEFIGARO\" rel=\"nofollow noopener\" target=\"_blank\">que les contr\u00f4les des vignettes Crit\u2019Air<\/a>\u00a0\u00absont r\u00e9alis\u00e9s par les polices municipales de chaque commune, ainsi que par la police nationale, aussi bien sur les v\u00e9hicules en stationnement qu\u2019en circulation\u00bb. Et que les \u00e9ventuelles amendes ne seront pas \u00e0 r\u00e9gler en scannant un QR code.<\/p>\n<p class=\"fig-paragraph\">Actuellement, seuls les v\u00e9hicules Crit\u2019Air 2, 1 et Z\u00e9ro \u00e9mission sont autoris\u00e9s dans la ZFE lyonnaise. Les automobilistes contrevenants s\u2019exposent \u00e0 des amendes de 68 euros.<\/p>\n","protected":false},"excerpt":{"rendered":"La m\u00e9tropole de Lyon a lanc\u00e9 une mise en garde apr\u00e8s avoir \u00e9t\u00e9 alert\u00e9e sur une escroquerie aux&hellip;\n","protected":false},"author":2,"featured_media":133969,"comment_status":"","ping_status":"","sticky":false,"template":"","format":"standard","meta":{"footnotes":""},"categories":[1889],"tags":[1111,11,5273,2430,5299,5272,5312,5296,5285,25977,1777,674,5293,1011,27,5303,5311,5301,5279,5275,5313,5276,5300,5302,5280,5298,5281,5306,5305,5308,5309,5284,5294,5297,5269,5271,5268,5270,5267,2428,5295,5307,5277,5304,5283,12,978,5274,25,2431,5314,5288,5292,5289,5291,5290,5315,5282,5286,5310,5287,5278,3748],"class_list":{"0":"post-133968","1":"post","2":"type-post","3":"status-publish","4":"format-standard","5":"has-post-thumbnail","7":"category-lyon","8":"tag-actu","9":"tag-actualites","10":"tag-ainay","11":"tag-auvergne-rhone-alpes","12":"tag-bellecombe","13":"tag-bellecour","14":"tag-champvert-nord","15":"tag-champvert-sud","16":"tag-clos-jouve","17":"tag-contraventions","18":"tag-eu","19":"tag-europe","20":"tag-fourviere","21":"tag-fr","22":"tag-france","23":"tag-gerland","24":"tag-gorge-de-loup","25":"tag-jean-mace","26":"tag-la-buire","27":"tag-la-confluence","28":"tag-la-duchere","29":"tag-la-guillotiere-nord-prefecture","30":"tag-la-guillotiere-sud","31":"tag-la-mouche","32":"tag-la-part-dieu","33":"tag-la-tete-dor","34":"tag-la-villette","35":"tag-laennec","36":"tag-le-bachut","37":"tag-le-grand-trou","38":"tag-le-moulin-a-vent","39":"tag-le-plateau-de-la-croix-rousse","40":"tag-le-point-du-jour","41":"tag-les-brotteaux","42":"tag-les-chartreux","43":"tag-les-cordeliers","44":"tag-les-pentes-de-la-croix-rousse","45":"tag-les-terreaux","46":"tag-les-traboules","47":"tag-lyon","48":"tag-menival","49":"tag-mermoz","50":"tag-moncey","51":"tag-monplaisir","52":"tag-montchat","53":"tag-news","54":"tag-olympique-lyonnais","55":"tag-perrache","56":"tag-republique-francaise","57":"tag-rhone-alpes","58":"tag-rochecardon-industrie","59":"tag-saint-georges","60":"tag-saint-irenee","61":"tag-saint-jean","62":"tag-saint-just","63":"tag-saint-paul","64":"tag-saint-rambert-lile-barbe","65":"tag-sans-souci-dauphine","66":"tag-serin-saint-charles","67":"tag-vaise","68":"tag-vieux-lyon","69":"tag-voltaire","70":"tag-zfe-m-zones-a-faibles-emissions-mobilite"},"share_on_mastodon":{"url":"","error":"Validation failed: Text character limit of 500 exceeded"},"_links":{"self":[{"href":"https:\/\/www.europesays.com\/fr\/wp-json\/wp\/v2\/posts\/133968","targetHints":{"allow":["GET"]}}],"collection":[{"href":"https:\/\/www.europesays.com\/fr\/wp-json\/wp\/v2\/posts"}],"about":[{"href":"https:\/\/www.europesays.com\/fr\/wp-json\/wp\/v2\/types\/post"}],"author":[{"embeddable":true,"href":"https:\/\/www.europesays.com\/fr\/wp-json\/wp\/v2\/users\/2"}],"replies":[{"embeddable":true,"href":"https:\/\/www.europesays.com\/fr\/wp-json\/wp\/v2\/comments?post=133968"}],"version-history":[{"count":0,"href":"https:\/\/www.europesays.com\/fr\/wp-json\/wp\/v2\/posts\/133968\/revisions"}],"wp:featuredmedia":[{"embeddable":true,"href":"https:\/\/www.europesays.com\/fr\/wp-json\/wp\/v2\/media\/133969"}],"wp:attachment":[{"href":"https:\/\/www.europesays.com\/fr\/wp-json\/wp\/v2\/media?parent=133968"}],"wp:term":[{"taxonomy":"category","embeddable":true,"href":"https:\/\/www.europesays.com\/fr\/wp-json\/wp\/v2\/categories?post=133968"},{"taxonomy":"post_tag","embeddable":true,"href":"https:\/\/www.europesays.com\/fr\/wp-json\/wp\/v2\/tags?post=133968"}],"curies":[{"name":"wp","href":"https:\/\/api.w.org\/{rel}","templated":true}]}}