{"id":133970,"date":"2025-05-28T09:28:10","date_gmt":"2025-05-28T09:28:10","guid":{"rendered":"https:\/\/www.europesays.com\/fr\/133970\/"},"modified":"2025-05-28T09:28:10","modified_gmt":"2025-05-28T09:28:10","slug":"deluge-de-grele-en-ile-de-france-on-connait-le-montant-de-la-facture","status":"publish","type":"post","link":"https:\/\/www.europesays.com\/fr\/133970\/","title":{"rendered":"D\u00e9luge de gr\u00eale en Ile-de-France, on conna\u00eet le montant de la facture"},"content":{"rendered":"<p class=\"articleHead-lead\">\n            A peine un mois apr\u00e8s l\u2019orage intense de gr\u00eale qui a frapp\u00e9 l\u2019Ile-de-France, mais aussi la Champagne et le Rh\u00f4ne, les assureurs chiffrent d\u00e9j\u00e0 les d\u00e9g\u00e2ts en millions d\u2019euros. Plus de la moiti\u00e9 des dommages concernent l\u2019automobile.\n        <\/p>\n<p>            <img decoding=\"async\"  src=\"https:\/\/www.europesays.com\/fr\/wp-content\/uploads\/2025\/05\/1748424490_208_picture.jpg\"  class=\"apply-ratio\" alt=\"L'orage de gr\u00eale du 3 mai 2025 va co\u00fbter tr\u00e8s cher aux assureurs.\"\/><\/p>\n<p>\n                                            \u00a9 Lucky pics\/Adobe Stock<\/p>\n<p>                                             &#8211; L&rsquo;orage de gr\u00eale du 3 mai 2025 va co\u00fbter tr\u00e8s cher aux assureurs.\n                                    <\/p>\n<ul class=\"articleMainFollow-list\">\n<li class=\"articleMainFollow-item\">\n<p>                        Sauvegarder<\/p>\n<p>                        Sauvegard\u00e9<\/p>\n<\/li>\n<li class=\"articleMainFollow-item\">\n<\/li>\n<\/ul>\n<p>\n                    Recevoir les alertes Assurance\n                <\/p>\n<p>C\u2019\u00e9tait il y a \u00e0 peine un mois. Samedi 3 mai, un <a href=\"https:\/\/www.capital.fr\/economie-politique\/un-orage-de-grele-arrache-lavant-dun-airbus-a320-cetait-tres-fort-1498033\" target=\"_blank\" rel=\"noopener\">orage de gr\u00eale<\/a> supercellulaire frappait Paris et l\u2019Ile-de-France. Sur de nombreuses vid\u00e9os, les rues de la capitale et des bouches de m\u00e9tro \u00e9taient remplies de gr\u00ealons, perturbant aussi bien la circulation que les transports en commun. Un orage bref, provoquant \u00e9galement des <strong>chutes d\u2019arbres<\/strong>, des <strong>infiltrations<\/strong>, brisant des vitres ou <strong>endommageant des voitures<\/strong>, qui co\u00fbte tr\u00e8s cher aujourd\u2019hui aux assureurs. Comme l\u2019a appris <a href=\"https:\/\/www.leparisien.fr\/economie\/334-millions-deuros-la-gigantesque-facture-de-la-grele-du-3-mai-en-ile-de-france-27-05-2025-RRM47DGZNZHWNAY6OCRZXOKXDY.php?xtor=AD-366%20334%C2%A0millions%20d%E2%80%99euros%C2%A0:%20la%20gigantesque%20facture%20de%20la%20gr%C3%AAle%20du%203%C2%A0mai%20en%20%C3%8Ele-de-France%20via%20@le_Parisien\" target=\"_blank\" rel=\"nofollow noopener\">Le Parisien<\/a>, la facture est tr\u00e8s sal\u00e9e.<\/p>\n<p>D\u2019apr\u00e8s les chiffres de France Assureurs, les compagnies vont devoir r\u00e9gler pas moins de <strong>334 millions d\u2019euros<\/strong>. En un peu plus de deux semaines, plus de <strong>61 600 sinistres<\/strong> ont \u00e9t\u00e9 d\u00e9clar\u00e9s aupr\u00e8s de toutes les compagnies, pour la tr\u00e8s grande majorit\u00e9, <a href=\"https:\/\/www.capital.fr\/auto\/voiture-grelee-1374415\" target=\"_blank\" rel=\"noopener\">li\u00e9s \u00e0 l\u2019automobile<\/a>. Ainsi, sur les 334 millions d\u2019ardoises, <strong>196 millions<\/strong> ont trait \u00e0 des d\u00e9g\u00e2ts sur les voitures. \u00ab196 millions d\u2019euros, c&rsquo;est la moiti\u00e9 du co\u00fbt annuel de la gr\u00eale en assurance auto en moyenne sur la derni\u00e8re d\u00e9cennie\u00bb, pr\u00e9cise au Parisien le directeur de France Assureurs, Paul Esmein.<\/p>\n<p>        \u00c0 lire aussi :<br \/>\n        <a class=\"articleToRead-link\" href=\"https:\/\/www.capital.fr\/economie-politique\/deluge-de-grele-a-paris-victime-de-degats-quelle-indemnisation-attendre-de-votre-assurance-1513412\" data-wide=\"\" target=\"_blank\" rel=\"noopener\"><br \/>\n            D\u00e9luge de gr\u00eale \u00e0 Paris : victime de d\u00e9g\u00e2ts, quelle indemnisation attendre de votre assurance ?<br \/>\n        <\/a><\/p>\n<p>De nombreuses voitures \u00e9taient gar\u00e9es en ext\u00e9rieur<\/p>\n<p>Pourquoi une telle facture sur un simple \u00e9pisode comme celui-ci ? Parce que l\u2019orage de gr\u00eale a frapp\u00e9 une r\u00e9gion o\u00f9 de nombreux v\u00e9hicules \u00absont gar\u00e9s en ext\u00e9rieur\u00bb, d\u00e9taille l\u2019assureur. A noter que d\u2019autres d\u00e9g\u00e2ts ont \u00e9t\u00e9 constat\u00e9s pr\u00e8s de Lyon, en Lorraine ou en Champagne. Pire, selon ces chiffres d\u00e9voil\u00e9s, ces montants ne concernent que les v\u00e9hicules assur\u00e9s.<\/p>\n<p>Les automobilistes b\u00e9n\u00e9ficiant de contrats <strong>au tiers ne sont pas couverts<\/strong> pour les orages de gr\u00eale. En g\u00e9n\u00e9ral, les <a href=\"https:\/\/www.capital.fr\/votre-argent\/assurance-tous-risques-indispensable-ou-superflue-pour-vos-voyages-telephones-et-spectacles-1493504\" target=\"_blank\" rel=\"noopener\">assurances tous risques<\/a> permettent une prise en charge totale, avec toutefois un paiement de la franchise \u00e0 pr\u00e9voir. Selon le directeur prestataires indemnisation d\u2019Allianz, les r\u00e9parations pourraient s\u2019\u00e9taler lors des prochains mois \u00e0 cause d\u2019un r\u00e9seau de r\u00e9parateurs pas forc\u00e9ment disponible.<\/p>\n<p>        \u00c0 lire aussi :<br \/>\n        <a class=\"articleToRead-link\" href=\"https:\/\/www.capital.fr\/auto\/comment-resilier-son-assurance-auto-1426547\" data-wide=\"\" target=\"_blank\" rel=\"noopener\"><br \/>\n            R\u00e9siliation d\u2019une assurance auto : comment proc\u00e9der ?<br \/>\n        <\/a><\/p>\n<p>Dans tous les cas, ces co\u00fbts de r\u00e9paration automobile sont bien plus importants que ceux li\u00e9s \u00e0 l\u2019habitation, qui repr\u00e9sentent un peu plus d\u2019un tiers du total (116,9 millions d\u2019euros). Les dommages en biens professionnels et les pertes agricoles sont les deux derni\u00e8res cat\u00e9gories touch\u00e9es, avec une facture respectivement \u00e9valu\u00e9e \u00e0 <strong>quatorze et sept millions d\u2019euros<\/strong>.<\/p>\n<p>    <a class=\"cta  medium  primary\" href=\"https:\/\/www.capital.fr\/page\/comparateur-assurance-auto\" rel=\"noopener\" target=\"_blank\"><\/p>\n<p>                &gt;&gt; Notre service &#8211; Faites des \u00e9conomies en testant notre comparateur d&rsquo;assurances auto <\/p>\n<p>    <\/a><\/p>\n<p>        Recevez nos derni\u00e8res news<\/p>\n<p>        Tous les jours, la s\u00e9lection des <b>principales infos<\/b> de la journ\u00e9e.<\/p>\n","protected":false},"excerpt":{"rendered":"A peine un mois apr\u00e8s l\u2019orage intense de gr\u00eale qui a frapp\u00e9 l\u2019Ile-de-France, mais aussi la Champagne et&hellip;\n","protected":false},"author":2,"featured_media":133971,"comment_status":"","ping_status":"","sticky":false,"template":"","format":"standard","meta":{"footnotes":""},"categories":[1592],"tags":[1111,11,1117,25978,17389,1777,674,1011,27,662,13753,12,626,25],"class_list":{"0":"post-133970","1":"post","2":"type-post","3":"status-publish","4":"format-standard","5":"has-post-thumbnail","7":"category-ile-de-france","8":"tag-actu","9":"tag-actualites","10":"tag-assurance","11":"tag-assurance-auto","12":"tag-assurance-habitation","13":"tag-eu","14":"tag-europe","15":"tag-fr","16":"tag-france","17":"tag-ile-de-france","18":"tag-indemnisation","19":"tag-news","20":"tag-paris","21":"tag-republique-francaise"},"share_on_mastodon":{"url":"https:\/\/pubeurope.com\/@fr\/114584755020938155","error":""},"_links":{"self":[{"href":"https:\/\/www.europesays.com\/fr\/wp-json\/wp\/v2\/posts\/133970","targetHints":{"allow":["GET"]}}],"collection":[{"href":"https:\/\/www.europesays.com\/fr\/wp-json\/wp\/v2\/posts"}],"about":[{"href":"https:\/\/www.europesays.com\/fr\/wp-json\/wp\/v2\/types\/post"}],"author":[{"embeddable":true,"href":"https:\/\/www.europesays.com\/fr\/wp-json\/wp\/v2\/users\/2"}],"replies":[{"embeddable":true,"href":"https:\/\/www.europesays.com\/fr\/wp-json\/wp\/v2\/comments?post=133970"}],"version-history":[{"count":0,"href":"https:\/\/www.europesays.com\/fr\/wp-json\/wp\/v2\/posts\/133970\/revisions"}],"wp:featuredmedia":[{"embeddable":true,"href":"https:\/\/www.europesays.com\/fr\/wp-json\/wp\/v2\/media\/133971"}],"wp:attachment":[{"href":"https:\/\/www.europesays.com\/fr\/wp-json\/wp\/v2\/media?parent=133970"}],"wp:term":[{"taxonomy":"category","embeddable":true,"href":"https:\/\/www.europesays.com\/fr\/wp-json\/wp\/v2\/categories?post=133970"},{"taxonomy":"post_tag","embeddable":true,"href":"https:\/\/www.europesays.com\/fr\/wp-json\/wp\/v2\/tags?post=133970"}],"curies":[{"name":"wp","href":"https:\/\/api.w.org\/{rel}","templated":true}]}}