{"id":133995,"date":"2025-05-28T09:41:09","date_gmt":"2025-05-28T09:41:09","guid":{"rendered":"https:\/\/www.europesays.com\/fr\/133995\/"},"modified":"2025-05-28T09:41:09","modified_gmt":"2025-05-28T09:41:09","slug":"nous-sommes-prets-au-format-trump-poutine-moi-zelensky-propose-une-rencontre-trilaterale-avec-trump-et-poutine","status":"publish","type":"post","link":"https:\/\/www.europesays.com\/fr\/133995\/","title":{"rendered":"\u00abNous sommes pr\u00eats au format Trump-Poutine-moi\u00bb, Zelensky propose une rencontre trilat\u00e9rale avec Trump et Poutine"},"content":{"rendered":"<p>Le pr\u00e9sident ukrainien a par ailleurs affirm\u00e9 que Moscou massait plus de 50.000 soldats pr\u00e8s de la r\u00e9gion de Soumy, o\u00f9 Moscou dit vouloir cr\u00e9er \u00abune zone tampon\u00bb pour pr\u00e9venir des incursions de Kiev.<\/p>\n<p class=\"fig-paragraph\"><a href=\"http:\/\/www.lefigaro.fr\/international\/combattants-chinois-en-ukraine-volodymyr-zelensky-appelle-a-une-reponse-de-l-occident-20250409\" target=\"_blank\" data-fig-type=\"Article\" rel=\"noopener nofollow\" data-gtm-custom-categorie=\"navigation\" data-gtm-custom-action=\"crossclick\" data-gtm-custom-label=\"Contextuel\" data-gtm-event=\"customEventSPE\" data-fig-domain=\"LEFIGARO\">Volodymyr Zelensky<\/a>\u00a0a propos\u00e9 une rencontre trilat\u00e9rale avec ses homologues am\u00e9ricain Donald Trump et russe Vladimir Poutine pour faire avancer les discussions de paix sur\u00a0<a href=\"http:\/\/www.lefigaro.fr\/flash-actu\/guerre-en-ukraine-pres-de-150-drones-interceptes-par-la-russie-dans-la-nuit-20250528\" target=\"_blank\" data-fig-type=\"NewsFlash\" rel=\"noopener nofollow\" data-gtm-custom-categorie=\"navigation\" data-gtm-custom-action=\"crossclick\" data-gtm-custom-label=\"Contextuel\" data-gtm-event=\"customEventSPE\" data-fig-domain=\"LEFIGARO\">la guerre en Ukraine<\/a>, tout en appelant Washington \u00e0 imposer de nouvelles sanctions contre Moscou.<\/p>\n<p class=\"fig-paragraph\">\u00abNous sommes pr\u00eats au format Trump-Poutine-moi\u00bb, a d\u00e9clar\u00e9 ce mardi le pr\u00e9sident ukrainien lors d\u2019une conf\u00e9rence de presse sous embargo jusqu\u2019\u00e0 ce mercredi matin. \u00abSi Poutine n\u2019est pas \u00e0 l\u2019aise avec une r\u00e9union bilat\u00e9rale, ou si tout le monde souhaite une r\u00e9union trilat\u00e9rale, cela ne me d\u00e9range pas. Je suis pr\u00eat \u00e0 tout format\u00bb, a-t-il ajout\u00e9. \u00abNous attendons des sanctions des \u00c9tats-Unis\u00bb, surtout contre \u00able secteur \u00e9nerg\u00e9tique et le syst\u00e8me bancaire\u00bb russes,\u00a0<a href=\"http:\/\/www.lefigaro.fr\/international\/appel-trump-poutine-pour-kiev-washington-fait-le-jeu-de-moscou-20250520\" target=\"_blank\" data-fig-type=\"Article\" rel=\"noopener nofollow\" data-gtm-custom-categorie=\"navigation\" data-gtm-custom-action=\"crossclick\" data-gtm-custom-label=\"Contextuel\" data-gtm-event=\"customEventSPE\" data-fig-domain=\"LEFIGARO\">Moscou<\/a>\u00a0n\u2019ayant toujours pas accept\u00e9 la proposition d\u2019un cessez-le-feu, a encore poursuivi M. Zelensky.<\/p>\n<p>De nouvelles sanctions<\/p>\n<p class=\"fig-paragraph\">Le pr\u00e9sident ukrainien a par ailleurs exhort\u00e9 Washington \u00e0 imposer de nouvelles sanctions contre la Russie, qui a rejet\u00e9 jusqu\u2019\u00e0 pr\u00e9sent l\u2019id\u00e9e d\u2019un cessez-le-feu g\u00e9n\u00e9ral et inconditionnel de 30 jours avec l\u2019Ukraine, propos\u00e9e par les \u00c9tats-Unis et soutenue par Kiev. \u00abNous attendons des sanctions des \u00c9tats-Unis\u00bb, surtout contre \u00able secteur \u00e9nerg\u00e9tique et le syst\u00e8me bancaire\u00bb russes, a d\u00e9clar\u00e9 M. Zelensky.<\/p>\n<p class=\"fig-paragraph\">Il a pr\u00e9cis\u00e9 que Kiev n\u2019avait pas encore re\u00e7u de Moscou le \u00abm\u00e9morandum\u00bb \u00e9voqu\u00e9 la semaine derni\u00e8re par la Russie et cens\u00e9 exposer les conditions russes pour un accord de paix durable, apr\u00e8s trois ans d\u2019invasion russe de l\u2019Ukraine. \u00abNous lirons leurs propositions et nous y r\u00e9pondrons certainement\u00bb une fois qu\u2019on les aura re\u00e7ues, a d\u00e9clar\u00e9 M. Zelensky. Pr\u00e9c\u00e9demment, la diplomatie russe avait dit qu\u2019elle transmettrait ce document \u00e0 Kiev une fois finalis\u00e9 le vaste \u00e9change de prisonniers du week-end dernier.<\/p>\n<p class=\"fig-paragraph\">Le pr\u00e9sident Zelensky a par ailleurs affirm\u00e9 que Moscou massait plus de 50.000 soldats pr\u00e8s de la r\u00e9gion ukrainienne de\u00a0<a href=\"http:\/\/www.lefigaro.fr\/international\/deuil-et-colere-a-soumy-en-ukraine-apres-la-double-frappe-russe-meurtriere-le-recit-de-l-envoyee-speciale-du-figaro-20250414\" target=\"_blank\" data-fig-type=\"Article\" rel=\"noopener nofollow\" data-gtm-custom-categorie=\"navigation\" data-gtm-custom-action=\"crossclick\" data-gtm-custom-label=\"Contextuel\" data-gtm-event=\"customEventSPE\" data-fig-domain=\"LEFIGARO\">Soumy\u00a0<\/a>(nord-est), en vue d\u2019une possible offensive contre ce territoire frontalier o\u00f9 Moscou dit vouloir cr\u00e9er \u00abune zone tampon\u00bb pour pr\u00e9venir des incursions de Kiev. \u00abActuellement, ils massent des troupes dans la direction de Soumy. Plus de 50.000\u00bb, a-t-il d\u00e9clar\u00e9. La Russie veut \u00abrepousser nos troupes de (sa) r\u00e9gion de Koursk\u00bb situ\u00e9e en face, de l\u2019autre c\u00f4t\u00e9 de la fronti\u00e8re, \u00abet pr\u00e9parer une offensive sur celle de Soumy\u00bb, a-t-il soulign\u00e9.<\/p>\n","protected":false},"excerpt":{"rendered":"Le pr\u00e9sident ukrainien a par ailleurs affirm\u00e9 que Moscou massait plus de 50.000 soldats pr\u00e8s de la r\u00e9gion&hellip;\n","protected":false},"author":2,"featured_media":133996,"comment_status":"","ping_status":"","sticky":false,"template":"","format":"standard","meta":{"footnotes":""},"categories":[2],"tags":[259,11,260,1011,27,14,261,12,262,25,132,220,135,134],"class_list":{"0":"post-133995","1":"post","2":"type-post","3":"status-publish","4":"format-standard","5":"has-post-thumbnail","7":"category-actualites","8":"tag-actualite-internationale","9":"tag-actualites","10":"tag-affaires-etrangeres","11":"tag-fr","12":"tag-france","13":"tag-international","14":"tag-ministere-des-affaires-etrangeres","15":"tag-news","16":"tag-politique-etrangere","17":"tag-republique-francaise","18":"tag-russie","19":"tag-ukraine","20":"tag-vladimir-poutine","21":"tag-volodymyr-zelensky"},"share_on_mastodon":{"url":"https:\/\/pubeurope.com\/@fr\/114584806092437145","error":""},"_links":{"self":[{"href":"https:\/\/www.europesays.com\/fr\/wp-json\/wp\/v2\/posts\/133995","targetHints":{"allow":["GET"]}}],"collection":[{"href":"https:\/\/www.europesays.com\/fr\/wp-json\/wp\/v2\/posts"}],"about":[{"href":"https:\/\/www.europesays.com\/fr\/wp-json\/wp\/v2\/types\/post"}],"author":[{"embeddable":true,"href":"https:\/\/www.europesays.com\/fr\/wp-json\/wp\/v2\/users\/2"}],"replies":[{"embeddable":true,"href":"https:\/\/www.europesays.com\/fr\/wp-json\/wp\/v2\/comments?post=133995"}],"version-history":[{"count":0,"href":"https:\/\/www.europesays.com\/fr\/wp-json\/wp\/v2\/posts\/133995\/revisions"}],"wp:featuredmedia":[{"embeddable":true,"href":"https:\/\/www.europesays.com\/fr\/wp-json\/wp\/v2\/media\/133996"}],"wp:attachment":[{"href":"https:\/\/www.europesays.com\/fr\/wp-json\/wp\/v2\/media?parent=133995"}],"wp:term":[{"taxonomy":"category","embeddable":true,"href":"https:\/\/www.europesays.com\/fr\/wp-json\/wp\/v2\/categories?post=133995"},{"taxonomy":"post_tag","embeddable":true,"href":"https:\/\/www.europesays.com\/fr\/wp-json\/wp\/v2\/tags?post=133995"}],"curies":[{"name":"wp","href":"https:\/\/api.w.org\/{rel}","templated":true}]}}