{"id":13400,"date":"2025-04-09T19:37:10","date_gmt":"2025-04-09T19:37:10","guid":{"rendered":"https:\/\/www.europesays.com\/fr\/13400\/"},"modified":"2025-04-09T19:37:10","modified_gmt":"2025-04-09T19:37:10","slug":"kevin-vauquelin-reprendre-davantage-de-plaisir-actualite","status":"publish","type":"post","link":"https:\/\/www.europesays.com\/fr\/13400\/","title":{"rendered":"K\u00e9vin Vauquelin : \u00ab Reprendre davantage de plaisir \u00bb &#8211; Actualit\u00e9"},"content":{"rendered":"<p style=\"text-align: justify;\">En difficult\u00e9 au plus haut niveau mondial, la formation Ark\u00e9a-B&amp;B H\u00f4tels se pr\u00e9sente en revanche au d\u00e9part du R\u00e9gion Pays de la Loire Tour avec de grandes ambitions. Avec la paire Ewen Costiou et K\u00e9vin Vauquelin, c\u2019est ni plus ni moins que la victoire finale qui est esp\u00e9r\u00e9e pour vendredi soir. \u201cOn va essayer de jouer le g\u00e9n\u00e9ral \u00e0 deux. C\u2019est bien d\u2019avoir deux cartes, \u00e7a permet de faire des mouvements de course avec un parcours assez difficile cette ann\u00e9e. Il y a de longues \u00e9tapes, celle du Mans a \u00e9t\u00e9 durcie, \u00e7a va \u00eatre int\u00e9ressant\u201d, synth\u00e9tise K\u00e9vin Vauquelin aupr\u00e8s de DirectVelo au d\u00e9part de la premi\u00e8re \u00e9tape. Apr\u00e8s un Tirreno-Adriatico et un Milan-San Remo \u201cd\u00e9cevants\u201d, la faute \u00e0 des tensions physiques, un mal de genou et \u201cdes sensations un peu bizarres\u201d (<strong><a href=\"https:\/\/www.directvelo.com\/actualite\/119399\/kevin-vauquelin-une-belle-partition-puis-la-fausse-note\" target=\"_blank\" rel=\"nofollow noopener\">lire ici<\/a><\/strong>), le Normand est \u00e0 la relance. \u201cJe viens ici pour essayer de reprendre davantage de plaisir et jouer au v\u00e9lo, comme on dit. On a envie de faire une belle semaine\u201d.<br \/>Depuis le week-end parfait de ce m\u00eame K\u00e9vin Vauquelin lors de l\u2019Etoile de Bess\u00e8ges en tout d\u00e9but de saison &#8211; trois victoires le dernier week-end, deux \u00e9tapes et le g\u00e9n\u00e9ral -, les rouge-et-noir n\u2019ont plus rien gagn\u00e9. Alors forc\u00e9ment, on s\u2019impatiente du c\u00f4t\u00e9 du staff comme des athl\u00e8tes et l\u2019ancien nomm\u00e9 Circuit de la Sarthe semble, sur le papier, une tr\u00e8s belle occasion d\u2019y parvenir avec pas moins de quatre occasions jusqu\u2019\u00e0 vendredi. \u201cC\u2019est un objectif comme toutes les courses le sont, puisqu\u2019on est \u00e0 la recherche de points UCI comme tout le monde le sait\u201d, conc\u00e8de Roger Tr\u00e9hin, le directeur sportif de l\u2019\u00e9quipe cette semaine.<\/p>\n<p><strong>CL\u00c9MENT VENTURINI FORFAIT<\/strong><\/p>\n<p>\u201cLe d\u00e9but de saison est mitig\u00e9. On \u00e9tait bien partis mais depuis\u2026 On va essayer de se recentrer sur les ProSeries et les Classe 1\u00a0de fa\u00e7on \u00e0\u00a0redresser la situation\u201d, indique le technicien, qui se f\u00e9licite des diff\u00e9rents accessits des derniers d\u00e9placements, dont la 4e place d\u2019Ewen Costiou lors de Paris-Camembert. \u201cDepuis quinze jours, on a vu que l\u2019\u00e9quipe avait repris un peu plus de vie. On est dans la bonne direction\u201d.<br \/>Pour cette premi\u00e8re journ\u00e9e, le collectif des rouge-et-noir ne pourra malheureusement pas compter sur la pointe de vitesse de Cl\u00e9ment Venturini, 4e de la Roue tourangelle puis de la Route Ad\u00e9lie ces derni\u00e8res semaines mais diminu\u00e9 physiquement et remplac\u00e9 de derni\u00e8re minute par Donavan Grondin. \u201cOn va essayer \u00e0 minima de ne pas perdre de temps pour le g\u00e9n\u00e9ral aujourd\u2019hui mais on n\u2019a personne pour v\u00e9ritablement faire le sprint\u201d. Ark\u00e9a-B&amp;B H\u00f4tels mise surtout sur les \u00e9tapes de jeudi et vendredi pour tenter d\u2019enrichir son palmar\u00e8s 2025 d\u2019au moins un succ\u00e8s suppl\u00e9mentaire. \u201cIl faudra quand m\u00eame \u00eatre vigilant aujourd\u2019hui car l\u2019\u00e9tape est longue, pense K\u00e9vin Vauquelin. Il faudra aussi \u00eatre attentif aux bonifications\u201d. Il est vrai que sur de telles \u00e9preuves, la moindre seconde peut compter. En 2017 par exemple, trois secondes avaient s\u00e9par\u00e9 le laur\u00e9at Lilian Calmejane de son dauphin Arthur Vichot, tandis qu&rsquo;Olav Kooij avait devanc\u00e9 Beno\u00eet Cosnefroy de huit secondes il y a trois ans. Sait-on jamais.\u00a0<\/p>\n<p>\u00a0<\/p>\n","protected":false},"excerpt":{"rendered":"En difficult\u00e9 au plus haut niveau mondial, la formation Ark\u00e9a-B&amp;B H\u00f4tels se pr\u00e9sente en revanche au d\u00e9part du&hellip;\n","protected":false},"author":2,"featured_media":13401,"comment_status":"","ping_status":"","sticky":false,"template":"","format":"standard","meta":{"footnotes":""},"categories":[9],"tags":[834,828,836,829,837,827,83,826,824,823,207,814,817,815,816,822,821,832,211,839,1011,27,820,818,819,835,831,830,833,838,60,212,208,825],"class_list":{"0":"post-13400","1":"post","2":"type-post","3":"status-publish","4":"format-standard","5":"has-post-thumbnail","7":"category-sports","8":"tag-attaque","9":"tag-belgique","10":"tag-braquet","11":"tag-bretagne","12":"tag-chute","13":"tag-competition","14":"tag-coupe-de-france","15":"tag-coureur","16":"tag-course-cyclisme","17":"tag-course-cycliste","18":"tag-cyclisme","19":"tag-direct","20":"tag-direct-velo","21":"tag-directvelo","22":"tag-directvelo-com","23":"tag-epreuve","24":"tag-epreuve-cycliste","25":"tag-federation-francaise-de-cyclisme","26":"tag-ffc","27":"tag-flandres","28":"tag-fr","29":"tag-france","30":"tag-live","31":"tag-live-course","32":"tag-live-epreuve","33":"tag-peloton","34":"tag-radio-peloton","35":"tag-radio-tour","36":"tag-ravitaillement","37":"tag-relance","38":"tag-sports","39":"tag-uci","40":"tag-velo","41":"tag-velos"},"share_on_mastodon":{"url":"https:\/\/pubeurope.com\/@fr\/114309696286195364","error":""},"_links":{"self":[{"href":"https:\/\/www.europesays.com\/fr\/wp-json\/wp\/v2\/posts\/13400","targetHints":{"allow":["GET"]}}],"collection":[{"href":"https:\/\/www.europesays.com\/fr\/wp-json\/wp\/v2\/posts"}],"about":[{"href":"https:\/\/www.europesays.com\/fr\/wp-json\/wp\/v2\/types\/post"}],"author":[{"embeddable":true,"href":"https:\/\/www.europesays.com\/fr\/wp-json\/wp\/v2\/users\/2"}],"replies":[{"embeddable":true,"href":"https:\/\/www.europesays.com\/fr\/wp-json\/wp\/v2\/comments?post=13400"}],"version-history":[{"count":0,"href":"https:\/\/www.europesays.com\/fr\/wp-json\/wp\/v2\/posts\/13400\/revisions"}],"wp:featuredmedia":[{"embeddable":true,"href":"https:\/\/www.europesays.com\/fr\/wp-json\/wp\/v2\/media\/13401"}],"wp:attachment":[{"href":"https:\/\/www.europesays.com\/fr\/wp-json\/wp\/v2\/media?parent=13400"}],"wp:term":[{"taxonomy":"category","embeddable":true,"href":"https:\/\/www.europesays.com\/fr\/wp-json\/wp\/v2\/categories?post=13400"},{"taxonomy":"post_tag","embeddable":true,"href":"https:\/\/www.europesays.com\/fr\/wp-json\/wp\/v2\/tags?post=13400"}],"curies":[{"name":"wp","href":"https:\/\/api.w.org\/{rel}","templated":true}]}}