{"id":134006,"date":"2025-05-28T09:49:13","date_gmt":"2025-05-28T09:49:13","guid":{"rendered":"https:\/\/www.europesays.com\/fr\/134006\/"},"modified":"2025-05-28T09:49:13","modified_gmt":"2025-05-28T09:49:13","slug":"je-devais-forcer-sur-la-moto","status":"publish","type":"post","link":"https:\/\/www.europesays.com\/fr\/134006\/","title":{"rendered":"Je devais forcer sur la moto"},"content":{"rendered":"<p>Pendant que <a href=\"https:\/\/fr.motorsport.com\/driver\/fabio-quartararo\/109400\/\" target=\"_blank\" rel=\"noopener\">Fabio Quartararo<\/a> croyait \u00e0 la victoire avant de finalement devoir abandonner en raison d&rsquo;une panne de son variateur de hauteur \u00e0 l&rsquo;arri\u00e8re, <a href=\"https:\/\/fr.motorsport.com\/driver\/jack-miller\/96423\/\" target=\"_blank\" rel=\"noopener\">Jack Miller<\/a> a, dans une moindre mesure, \u00e9galement brill\u00e9 avec la Yamaha \u00e0 Silverstone. L&rsquo;Australien a m\u00eame r\u00e9alis\u00e9 sa deuxi\u00e8me plus grosse moisson de points sur l&rsquo;ensemble d&rsquo;un week-end cette saison, apr\u00e8s sa cinqui\u00e8me place \u00e0 Austin.<\/p>\n<p>Auteur de performances prometteuses en d\u00e9but de saison, Miller a ensuite eu du mal \u00e0 confirmer et restait sur trois week-ends sans aucun point et sur trois abandons le dimanche. \u00c0 Silverstone, la premi\u00e8re satisfaction est venue de sa qualification directe en Q2 suivie de la sixi\u00e8me place sur la grille, l\u00e0 encore son deuxi\u00e8me meilleur r\u00e9sultat de l&rsquo;ann\u00e9e apr\u00e8s la quatri\u00e8me position de Buriram.<\/p>\n<p>Lors du sprint, Miller a \u00e9t\u00e9 doubl\u00e9 par <a href=\"https:\/\/fr.motorsport.com\/driver\/fabio-di-giannantonio\/289538\/\" target=\"_blank\" rel=\"noopener\">Fabio di Giannantonio<\/a> au d\u00e9part, avant de profiter d&rsquo;une erreur de <a href=\"https:\/\/fr.motorsport.com\/driver\/fermin-aldeguer\/945314\/\" target=\"_blank\" rel=\"noopener\">Ferm\u00edn Aldeguer<\/a>. Il a pass\u00e9 la moiti\u00e9 de la course \u00e0 la sixi\u00e8me place mais <a href=\"https:\/\/fr.motorsport.com\/motogp\/news\/quartararo-desillusion-attendais-plus-rapide-silverstone\/10726245\/\" target=\"_blank\" rel=\"noopener\">comme Quartararo<\/a>, il a souffert de la d\u00e9gradation de ses gommes. Le pilote Pramac a ressenti \u00ab\u00a0probablement les pires\u00a0\u00bb difficult\u00e9s qu&rsquo;il avait connues avec la Yamaha en motricit\u00e9, alors qu&rsquo;il n&rsquo;avait \u00ab\u00a0pas l&rsquo;impression de faire quoi que ce soit de diff\u00e9rent.\u00a0\u00bb<\/p>\n<p>Miller a ainsi \u00e9t\u00e9 \u00ab\u00a0doubl\u00e9 par presque tout le monde \u00e0 la sortie du virage 9\u00a0\u00bb, ce qui l&rsquo;a fait d\u00e9gringoler en dixi\u00e8me position&#8230; avant de finalement profiter d&rsquo;une nouvelle erreur d&rsquo;Aldeguer pour sauver un point, son premier dans un sprint cette ann\u00e9e.<\/p>\n<p>\u00ab\u00a0Une journ\u00e9e acceptable\u00a0\u00bb, r\u00e9sumait Miller apr\u00e8s sa neuvi\u00e8me place. \u00ab\u00a0On va prendre \u00e7a, c&rsquo;est positif. Mais on a souffert d\u00e8s le d\u00e9but. Les conditions \u00e9taient diff\u00e9rentes. La moto bougeait un peu plus que pr\u00e9vu. Je pense que toutes les Yamaha ont un eu un peu souffert que dans la matin\u00e9e et m\u00eame [vendredi] apr\u00e8s-midi, apr\u00e8s la gomme Pirelli [du Moto2 et Moto3] ou autre chose, je ne sais pas exactement.\u00a0\u00bb<\/p>\n<p>\u00ab\u00a0Je me sentais bien pour le rythme, c&rsquo;est juste que je n&rsquo;ai pas pu le montrer d\u00e8s le d\u00e9but. [&#8230;] On va continuer \u00e0 travailler et je suis content d&rsquo;avoir eu une course acceptable o\u00f9 on a au moins pu se battre un peu.\u00a0\u00bb<\/p>\n<p>   <img decoding=\"async\" draggable=\"false\" src=\"https:\/\/www.europesays.com\/fr\/wp-content\/uploads\/2025\/05\/jack-miller-pramac-racing-joha.jpg\" alt=\"Jack Miller, Pramac Racing, Johann Zarco, Team LCR Honda\" width=\"1200\" height=\"800\" loading=\"lazy\"\/> <\/p>\n<p class=\"title\">Jack Miller<\/p>\n<p class=\"photographer\">Photo de: Pramac Racing<\/p>\n<p>Miller \u00e9tait plus confiant pour la course, avec le pneu medium, et il a montr\u00e9 des signes tr\u00e8s encourageants en d\u00e9but d&rsquo;\u00e9preuve. Pendant que Quartararo dominait les premiers tours dans la foul\u00e9e du deuxi\u00e8me d\u00e9part, il a pu profiter des difficult\u00e9s des pilotes Ducati et remonter assez vite jusqu&rsquo;\u00e0 la deuxi\u00e8me place.<\/p>\n<p>\u00ab\u00a0Le premier d\u00e9part a \u00e9t\u00e9 bon, l&rsquo;envol \u00e9tait propre, la moto fonctionnait bien. C&rsquo;\u00e9tait plut\u00f4t bien d&rsquo;\u00eatre l\u00e0 mais malheureusement, il y a eu un drapeau rouge et tout \u00e9tait \u00e0 refaire. Le deuxi\u00e8me [d\u00e9part] a \u00e9t\u00e9 bon aussi, j&rsquo;ai eu un bon envol, des premiers virages propres, et j&rsquo;ai pu me lancer dans le travail ! Je peux vous dire que les pilotes Ducati avaient du mal \u00e0 faire chauffer le pneu avant. On avait le tendre donc \u00e7a fonctionnait assez bien d\u00e8s le d\u00e9but.\u00a0\u00bb<\/p>\n<p>\u00ab\u00a0J&rsquo;ai essay\u00e9 de rouler \u00e0 un rythme similaire \u00e0 celui de Fabio au d\u00e9but mais sinc\u00e8rement, j&rsquo;ai compris apr\u00e8s trois ou quatre tours que \u00e7a ne serait pas faisable sur la dur\u00e9e de la course. Pour garder de la vitesse en courbe, je devais forcer sur la moto pour tourner, dans des virages comme le 5, j&rsquo;usais vraiment le bord et je me suis dit &lsquo;On n&rsquo;ira pas loin comme \u00e7a&rsquo;.\u00a0\u00bb<\/p>\n<p>\u00ab\u00a0On essayait de ne pas avoir trop de sous-virage, de ne pas trop forcer sur l&rsquo;angle\u00a0\u00bb, a d\u00e9taill\u00e9 Miller. \u00ab\u00a0J&rsquo;ai juste essay\u00e9 de laisser rouler un peu plus, au lieu\u00a0d&rsquo;insister pour tourner et de forcer sur le pneu.\u00a0\u00bb<\/p>\n<p>Quartararo \u00e9tait \u00ab\u00a0un cran devant tout le monde\u00a0\u00bb<\/p>\n<p>Miller a ainsi pr\u00e9f\u00e9r\u00e9 ralentir, ce qui a permis \u00e0 <a href=\"https:\/\/fr.motorsport.com\/driver\/marco-bezzecchi\/441839\/\" target=\"_blank\" rel=\"noopener\">Marco Bezzecchi<\/a>, <a href=\"https:\/\/fr.motorsport.com\/driver\/johann-zarco\/96107\/\" target=\"_blank\" rel=\"noopener\">Johann Zarco<\/a>, <a href=\"https:\/\/fr.motorsport.com\/driver\/franco-morbidelli\/109417\/\" target=\"_blank\" rel=\"noopener\">Franco Morbidelli<\/a> et Marc Marquez de le doubler\u00a0: \u00ab\u00a0J&rsquo;ai un peu trouv\u00e9 mon rythme, j&rsquo;\u00e9tais \u00e0 l&rsquo;aise derri\u00e8re Marc et, \u00e0 environ quatre tours de la fin, j&rsquo;ai vu que Marc perdait un peu en rythme et je me suis dis que je pouvais tenter une man\u0153uvre sur lui, et j&rsquo;ai vu que les pilotes de derri\u00e8re commen\u00e7aient \u00e0 avoir leur chance.\u00a0\u00bb<\/p>\n<p>   <img decoding=\"async\" draggable=\"false\" src=\"https:\/\/www.europesays.com\/fr\/wp-content\/uploads\/2025\/05\/1748425753_380_jack-miller-pramac-racing.jpg\" alt=\"Jack Miller, Pramac Racing\" width=\"1200\" height=\"800\" loading=\"lazy\"\/> <\/p>\n<p class=\"title\">Jack Miller<\/p>\n<p class=\"photographer\">Photo de: Gold and Goose Photography \/ LAT Images \/ via Getty Images<\/p>\n<p>Jack Miller se sentait \u00e9galement limit\u00e9 en \u00e9tant \u00e0 la lutte face \u00e0 d&rsquo;autres pilotes, alors que Fabio Quartararo pouvait rouler \u00e0 son rythme en t\u00eate, avec moins de perturbations :\u00a0\u00ab\u00a0Je pense qu&rsquo;avec le vent, on avait un peu plus de mal \u00e0 tourner en suivant les Ducati. C&rsquo;est le c\u00f4t\u00e9 n\u00e9gatif d&rsquo;avoir autant d&rsquo;ailerons sur la moto. Comme je l&rsquo;ai dit, [Fabio] a juste pu attaquer d\u00e8s le d\u00e9but avec le pneu tendre. Il avait ses r\u00e9f\u00e9rences et il a roul\u00e9 dans sa zone de confort, disons. Sa zone de confort \u00e9tait un cran devant tout le monde.\u00a0\u00bb<\/p>\n<p>\u00ab\u00a0Je suis d\u00e9vast\u00e9 pour lui\u00a0\u00bb, a pr\u00e9cis\u00e9 Miller, en r\u00e9f\u00e9rence \u00e0 l&rsquo;abandon du Fran\u00e7ais. \u00ab\u00a0C&rsquo;\u00e9tait dans la poche pour lui aujourd&rsquo;hui. Il est parti en un \u00e9clair. Je ne pouvais absolument rien faire.\u00a0\u00bb<\/p>\n<p>Miller a donc surtout d\u00fb regarder derri\u00e8re lui. Il avait repris l&rsquo;avantage sur Morbidelli mais n&rsquo;a pas pu lui r\u00e9sister, puis <a href=\"https:\/\/fr.motorsport.com\/driver\/alex-marquez\/96324\/\" target=\"_blank\" rel=\"noopener\">\u00c1lex M\u00e1rquez<\/a> et <a href=\"https:\/\/fr.motorsport.com\/driver\/pedro-acosta\/840236\/\" target=\"_blank\" rel=\"noopener\">Pedro Acosta<\/a> ont eux aussi pris l&rsquo;avantage, le rel\u00e9guant en septi\u00e8me position\u00a0: \u00ab\u00a0J&rsquo;ai fait ce que j&rsquo;ai pu pour les contenir mais c&rsquo;est dur quand on se bat face \u00e0 eux. On avait un tr\u00e8s bon package mais il faut rouler avec nos trajectoires et rester sur notre dynamique.\u00a0\u00bb<\/p>\n<p>\u00ab\u00a0Si on a quelque chose qui se passe \u00e0 mi-courbe, [&#8230;] c&rsquo;est dur de retrouver cette dynamique : pour la s\u00e9quence qui suit, ou la ligne droite ou les virages qui suivent, il faut un peu de temps pour se regrouper et se relancer. Alors qu&rsquo;ils arrivent \u00e0 tourner sans perdre trop de temps. On va travailler sur \u00e7a mais c&rsquo;\u00e9tait un week-end positif pour les Yamaha.\u00a0\u00bb<\/p>\n<p>\u00ab\u00a0C&rsquo;\u00e9tait sympa de me battre \u00e0 nouveau avec ces gars\u00a0\u00bb, a insist\u00e9 Miller. \u00ab\u00a0C&rsquo;\u00e9tait vraiment une course fun.\u00a0\u00bb<\/p>\n<p>Lire aussi :<\/p>\n<p>Dans cet article<\/p>\n<p>    Vincent Lalanne-Sicaud\n<\/p>\n<p>    MotoGP\n<\/p>\n<p>    Jack Miller\n<\/p>\n<p>    Pramac Racing\n<\/p>\n<p>Soyez le premier inform\u00e9 et souscrivez aux alertes mails pour recevoir les infos en temps r\u00e9el<\/p>\n<p>    S&rsquo;abonner aux alertes de news<\/p>\n","protected":false},"excerpt":{"rendered":"Pendant que Fabio Quartararo croyait \u00e0 la victoire avant de finalement devoir abandonner en raison d&rsquo;une panne de&hellip;\n","protected":false},"author":2,"featured_media":134007,"comment_status":"","ping_status":"","sticky":false,"template":"","format":"standard","meta":{"footnotes":""},"categories":[1413],"tags":[1011,27,23124,12836,1457,1456,1458,3593,23125,60],"class_list":{"0":"post-134006","1":"post","2":"type-post","3":"status-publish","4":"format-standard","5":"has-post-thumbnail","7":"category-moto","8":"tag-fr","9":"tag-france","10":"tag-gp-de-grande-bretagne","11":"tag-jack-miller","12":"tag-moto","13":"tag-motocycle","14":"tag-motogp","15":"tag-pramac-racing","16":"tag-silverstone","17":"tag-sports"},"share_on_mastodon":{"url":"https:\/\/pubeurope.com\/@fr\/114584837332265915","error":""},"_links":{"self":[{"href":"https:\/\/www.europesays.com\/fr\/wp-json\/wp\/v2\/posts\/134006","targetHints":{"allow":["GET"]}}],"collection":[{"href":"https:\/\/www.europesays.com\/fr\/wp-json\/wp\/v2\/posts"}],"about":[{"href":"https:\/\/www.europesays.com\/fr\/wp-json\/wp\/v2\/types\/post"}],"author":[{"embeddable":true,"href":"https:\/\/www.europesays.com\/fr\/wp-json\/wp\/v2\/users\/2"}],"replies":[{"embeddable":true,"href":"https:\/\/www.europesays.com\/fr\/wp-json\/wp\/v2\/comments?post=134006"}],"version-history":[{"count":0,"href":"https:\/\/www.europesays.com\/fr\/wp-json\/wp\/v2\/posts\/134006\/revisions"}],"wp:featuredmedia":[{"embeddable":true,"href":"https:\/\/www.europesays.com\/fr\/wp-json\/wp\/v2\/media\/134007"}],"wp:attachment":[{"href":"https:\/\/www.europesays.com\/fr\/wp-json\/wp\/v2\/media?parent=134006"}],"wp:term":[{"taxonomy":"category","embeddable":true,"href":"https:\/\/www.europesays.com\/fr\/wp-json\/wp\/v2\/categories?post=134006"},{"taxonomy":"post_tag","embeddable":true,"href":"https:\/\/www.europesays.com\/fr\/wp-json\/wp\/v2\/tags?post=134006"}],"curies":[{"name":"wp","href":"https:\/\/api.w.org\/{rel}","templated":true}]}}