{"id":134018,"date":"2025-05-28T09:55:08","date_gmt":"2025-05-28T09:55:08","guid":{"rendered":"https:\/\/www.europesays.com\/fr\/134018\/"},"modified":"2025-05-28T09:55:08","modified_gmt":"2025-05-28T09:55:08","slug":"a-combrit-sainte-marine-lassociation-mein-ha-dour-publie-un-nouveau-livre-le-tourisme-en-heritage","status":"publish","type":"post","link":"https:\/\/www.europesays.com\/fr\/134018\/","title":{"rendered":"\u00c0 Combrit-Sainte-Marine, l\u2019association Mein ha dour publie un nouveau livre, \u00ab\u00a0Le tourisme en h\u00e9ritage\u00a0\u00bb"},"content":{"rendered":"<p>L\u2019atelier g\u00e9n\u00e9alogie et histoire de l\u2019association Mein ha dour publie son sixi\u00e8me ouvrage, \u00ab\u00a0Le Tourisme en h\u00e9ritage, An Douristelezh evit herezh\u00a0\u00bb, 165 pages retra\u00e7ant l\u2019histoire du tourisme \u00e0 Combrit-Sainte-Marine de 1850 si\u00e8cle \u00e0 nos jours.<\/p>\n<p>Le livre, issu de trois ans de travail, a \u00e9t\u00e9 \u00e9crit par neuf membres de l\u2019atelier\u00a0: Yolande Biger, Fran\u00e7oise Dosso Greggia, Pascale Goenvec, Jo\u00eblle Tirilly, Joseph Le Floc\u2019h, G\u00e9rard Gallic, Herv\u00e9 Queff\u00e9lec, Jean-Yves Scotet et Jacky Wargnier. \u00ab\u00a0Tous ensemble, nous avons appris, cherch\u00e9, questionn\u00e9, particip\u00e9 \u00e0 des forums, fr\u00e9quent\u00e9 les archives, fouill\u00e9 dans le pass\u00e9\u00a0\u00bb, explique G\u00e9rard Gallic, co-pr\u00e9sident de Mein ha dour. \u00ab\u00a0Le livre explore une grande diversit\u00e9 de sujets, de l\u2019arriv\u00e9e des vill\u00e9giateurs aux animations culturelles estivales, il visite le tourisme sous l\u2019angle commercial, communal mais aussi soci\u00e9tal\u00a0\u00bb, ajoute-t-il.<\/p>\n<p>Enrichi de nombreuses photographies, de documents d\u2019archives, de reproductions de peinture, de cartes postales, le livre, en grand format comme les pr\u00e9c\u00e9dents, peut se consulter par th\u00e8me ou par p\u00e9riode. Le lecteur d\u00e9couvrira par exemple qu\u2019en 1920, la municipalit\u00e9 envisageait d\u00e9j\u00e0 une taxe sur les logements inoccup\u00e9s\u00a0!<\/p>\n<p><b>Pratique<\/b><\/p>\n<p class=\"note\">En vente \u00e0 Super U, sur le march\u00e9 de Saint-Joseph le vendredi 6 juin en pr\u00e9sence des auteurs. Tarif\u00a0: 20 \u20ac.<\/p>\n","protected":false},"excerpt":{"rendered":"L\u2019atelier g\u00e9n\u00e9alogie et histoire de l\u2019association Mein ha dour publie son sixi\u00e8me ouvrage, \u00ab\u00a0Le Tourisme en h\u00e9ritage, An&hellip;\n","protected":false},"author":2,"featured_media":134019,"comment_status":"","ping_status":"","sticky":false,"template":"","format":"standard","meta":{"footnotes":""},"categories":[1357],"tags":[1379,25991,251,58,59,1011,27,1351,1380,602],"class_list":{"0":"post-134018","1":"post","2":"type-post","3":"status-publish","4":"format-standard","5":"has-post-thumbnail","7":"category-livres","8":"tag-books","9":"tag-combrit","10":"tag-culture","11":"tag-divertissement","12":"tag-entertainment","13":"tag-fr","14":"tag-france","15":"tag-litterature","16":"tag-livres","17":"tag-tourisme"},"share_on_mastodon":{"url":"https:\/\/pubeurope.com\/@fr\/114584860947312047","error":""},"_links":{"self":[{"href":"https:\/\/www.europesays.com\/fr\/wp-json\/wp\/v2\/posts\/134018","targetHints":{"allow":["GET"]}}],"collection":[{"href":"https:\/\/www.europesays.com\/fr\/wp-json\/wp\/v2\/posts"}],"about":[{"href":"https:\/\/www.europesays.com\/fr\/wp-json\/wp\/v2\/types\/post"}],"author":[{"embeddable":true,"href":"https:\/\/www.europesays.com\/fr\/wp-json\/wp\/v2\/users\/2"}],"replies":[{"embeddable":true,"href":"https:\/\/www.europesays.com\/fr\/wp-json\/wp\/v2\/comments?post=134018"}],"version-history":[{"count":0,"href":"https:\/\/www.europesays.com\/fr\/wp-json\/wp\/v2\/posts\/134018\/revisions"}],"wp:featuredmedia":[{"embeddable":true,"href":"https:\/\/www.europesays.com\/fr\/wp-json\/wp\/v2\/media\/134019"}],"wp:attachment":[{"href":"https:\/\/www.europesays.com\/fr\/wp-json\/wp\/v2\/media?parent=134018"}],"wp:term":[{"taxonomy":"category","embeddable":true,"href":"https:\/\/www.europesays.com\/fr\/wp-json\/wp\/v2\/categories?post=134018"},{"taxonomy":"post_tag","embeddable":true,"href":"https:\/\/www.europesays.com\/fr\/wp-json\/wp\/v2\/tags?post=134018"}],"curies":[{"name":"wp","href":"https:\/\/api.w.org\/{rel}","templated":true}]}}