{"id":134020,"date":"2025-05-28T09:56:17","date_gmt":"2025-05-28T09:56:17","guid":{"rendered":"https:\/\/www.europesays.com\/fr\/134020\/"},"modified":"2025-05-28T09:56:17","modified_gmt":"2025-05-28T09:56:17","slug":"pierre-et-fred-de-lamour-est-dans-le-pre-face-a-un-enorme-drame-familial","status":"publish","type":"post","link":"https:\/\/www.europesays.com\/fr\/134020\/","title":{"rendered":"Pierre et Fred de \u00ab\u00a0L\u2019amour est dans le pr\u00e9\u00a0\u00bb face \u00e0 un \u00e9norme drame familial"},"content":{"rendered":"<p>      R\u00e9sum\u00e9<\/p>\n<p>Pierre et Fr\u00e9d\u00e9rique, anciens candidats de \u00ab\u00a0L\u2019amour est dans le pr\u00e9\u00a0\u00bb, ont partag\u00e9 une triste nouvelle familiale en rendant hommage \u00e0 leur neveu r\u00e9cemment d\u00e9c\u00e9d\u00e9.<\/p>\n<p>        Sommaire<\/p>\n<p>Terrible nouvelle partag\u00e9e par Pierre et Fr\u00e9d\u00e9rique. Alors que nombre de leurs abonn\u00e9s auraient pr\u00e9f\u00e9r\u00e9 apprendre que tout se passait bien dans leur vie et au niveau de l\u2019agriculteur, les deux anciens candidats de <strong><a href=\"https:\/\/www.public.fr\/tag\/l-amour-est-dans-le-pre\" target=\"_blank\" rel=\"noopener\">\u00ab\u00a0L\u2019amour est dans le pr\u00e9\u00a0\u00bb<\/a><\/strong> ont pris la parole sur Instagram pour annoncer un d\u00e9c\u00e8s.<\/p>\n<p>Pour rappel, le couple qui file le parfait amour, se rencontrait lors de la septi\u00e8me saison du programme de dating de M6 pr\u00e9sent\u00e9 par <a href=\"https:\/\/www.public.fr\/tag\/karine-le-marchand\" target=\"_blank\" rel=\"noopener\">Karine Le Marchand<\/a>. L\u2019amour a tout de suite frapp\u00e9 \u00e0 leur porte et depuis, il ne les quitte plus.<\/p>\n<p>Des agriculteurs tr\u00e8s investis<\/p>\n<p>La preuve, avec la naissance de Gabriel en 2013, fruit de leur amour depuis leur rencontre dans <strong>\u00ab\u00a0L\u2019amour est dans le pr\u00e9<\/strong>\u00ab\u00a0. Un petit gar\u00e7on que les fans des deux candidats de <a href=\"https:\/\/vsd.fr\/tag\/lamour-est-dans-le-pre\/\" target=\"_blank\" rel=\"noopener\"><strong>\u00ab\u00a0L\u2019amour est dans le pr\u00e9\u00a0\u00bb<\/strong> <\/a>peuvent r\u00e9guli\u00e8rement \u00ab\u00a0retrouver\u00a0\u00bb sur le compte Instagram des tourtereaux.<\/p>\n<p>En effet, tr\u00e8s pr\u00e9sents sur les r\u00e9seaux sociaux, Pierre et Fr\u00e9d\u00e9rique ont pour habitude de partager de nombreuses nouvelles \u00e0 leur communaut\u00e9. Notamment des informations sur l\u2019ADP Tour qu\u2019ils ont fond\u00e9. Mais si les internautes ont pour habitude d\u2019apprendre des nouvelles r\u00e9jouissantes sur le compte Instagram du couple, cela n\u2019a pas \u00e9t\u00e9 le cas ce mardi 27 mai 2025.<\/p>\n<p>Les anciens candidats de \u00ab\u00a0L&rsquo;amour est dans le pr\u00e9\u00a0\u00bb annoncent une terrible nouvelle<\/p>\n<p>Comme \u00e9voqu\u00e9, c\u2019est bel et bien pour annoncer une terrible nouvelle que l\u2019ancien candidat de \u00ab\u00a0L\u2019amour est dans le pr\u00e9\u00a0\u00bb a d\u00fb se saisir de son compte Instagram. Pierre et Fr\u00e9d\u00e9rique, suivis par pr\u00e8s de 138.000 abonn\u00e9s, leur ont annonc\u00e9 le d\u00e9c\u00e8s d\u2019un neveu.\u00a0<\/p>\n<p>Dans la story du compte, nous pouvons retrouver plusieurs clich\u00e9s du jeune neveu de Pierre. \u00ab\u00a0<strong>Charles, je t&rsquo;ai vu na\u00eetre et grandir, tu vas retrouver mamie B\u00e9a&#8230; Au revoir mon neveu<\/strong>\u00ab\u00a0, a-t-il en effet \u00e9crit en l\u00e9gende pour rendre hommage \u00e0 son neveu.<\/p>\n<p>Un message similaire \u00e0 celui post\u00e9 en 2019 par l\u2019ancien candidat de <strong>\u00ab\u00a0L\u2019amour est dans le pr\u00e9\u00a0\u00bb.<\/strong> \u00c0 l\u2019\u00e9poque, il annon\u00e7ait un autre d\u00e9c\u00e8s, celui de sa maman\u2026 \u00ab\u00a0B\u00e9atrice, ma maman s\u2019en est all\u00e9e vers les anges et la sainte vierge qu\u2019elle a pri\u00e9e si souvent. Dans sa vie, toujours joyeuse et positive, toujours aimante, tu t\u2019en es all\u00e9e rejoindre mon cher papa, ton Jacques, ton amour\u00a0\u00bb, \u00e9crivait-il en effet, deux ans apr\u00e8s la perte de son p\u00e8re.<\/p>\n<p><img loading=\"lazy\" decoding=\"async\" width=\"473\" height=\"1024\" src=\"data:image\/svg+xml,%3Csvg%20xmlns=\" http:=\"\" alt=\"Pierre et Fred de &quot;L\u2019amour est dans le pr\u00e9&quot; face \u00e0 un \u00e9norme drame familial\" data-lazy- data-lazy- data-lazy-src=\"https:\/\/www.europesays.com\/fr\/wp-content\/uploads\/2025\/05\/WhatsApp-Image-2025-05-27-at-22.38.25-473x1024.jpeg\"\/><\/p>\n<p>      Mentionn\u00e9s dans cet article<\/p>\n<p>\u00c0 lire aussi<\/p>\n","protected":false},"excerpt":{"rendered":"R\u00e9sum\u00e9 Pierre et Fr\u00e9d\u00e9rique, anciens candidats de \u00ab\u00a0L\u2019amour est dans le pr\u00e9\u00a0\u00bb, ont partag\u00e9 une triste nouvelle familiale&hellip;\n","protected":false},"author":2,"featured_media":134021,"comment_status":"","ping_status":"","sticky":false,"template":"","format":"standard","meta":{"footnotes":""},"categories":[1356],"tags":[58,59,1011,27,5413,9307,494,252,1364],"class_list":{"0":"post-134020","1":"post","2":"type-post","3":"status-publish","4":"format-standard","5":"has-post-thumbnail","7":"category-television","8":"tag-divertissement","9":"tag-entertainment","10":"tag-fr","11":"tag-france","12":"tag-karine-le-marchand","13":"tag-lamour-est-dans-le-pre","14":"tag-m6","15":"tag-television","16":"tag-tv"},"share_on_mastodon":{"url":"https:\/\/pubeurope.com\/@fr\/114584864897859817","error":""},"_links":{"self":[{"href":"https:\/\/www.europesays.com\/fr\/wp-json\/wp\/v2\/posts\/134020","targetHints":{"allow":["GET"]}}],"collection":[{"href":"https:\/\/www.europesays.com\/fr\/wp-json\/wp\/v2\/posts"}],"about":[{"href":"https:\/\/www.europesays.com\/fr\/wp-json\/wp\/v2\/types\/post"}],"author":[{"embeddable":true,"href":"https:\/\/www.europesays.com\/fr\/wp-json\/wp\/v2\/users\/2"}],"replies":[{"embeddable":true,"href":"https:\/\/www.europesays.com\/fr\/wp-json\/wp\/v2\/comments?post=134020"}],"version-history":[{"count":0,"href":"https:\/\/www.europesays.com\/fr\/wp-json\/wp\/v2\/posts\/134020\/revisions"}],"wp:featuredmedia":[{"embeddable":true,"href":"https:\/\/www.europesays.com\/fr\/wp-json\/wp\/v2\/media\/134021"}],"wp:attachment":[{"href":"https:\/\/www.europesays.com\/fr\/wp-json\/wp\/v2\/media?parent=134020"}],"wp:term":[{"taxonomy":"category","embeddable":true,"href":"https:\/\/www.europesays.com\/fr\/wp-json\/wp\/v2\/categories?post=134020"},{"taxonomy":"post_tag","embeddable":true,"href":"https:\/\/www.europesays.com\/fr\/wp-json\/wp\/v2\/tags?post=134020"}],"curies":[{"name":"wp","href":"https:\/\/api.w.org\/{rel}","templated":true}]}}