{"id":134026,"date":"2025-05-28T09:59:08","date_gmt":"2025-05-28T09:59:08","guid":{"rendered":"https:\/\/www.europesays.com\/fr\/134026\/"},"modified":"2025-05-28T09:59:08","modified_gmt":"2025-05-28T09:59:08","slug":"renoncer-a-se-soigner-devient-banal-ce-que-revele-une-enquete-inquietante-sur-lacces-aux-soins-en-france","status":"publish","type":"post","link":"https:\/\/www.europesays.com\/fr\/134026\/","title":{"rendered":"Renoncer \u00e0 se soigner devient banal : ce que r\u00e9v\u00e8le une enqu\u00eate inqui\u00e9tante sur l\u2019acc\u00e8s aux soins en France"},"content":{"rendered":"<p>\t\t\t\t\t Une part croissante de la population concern\u00e9e<\/p>\n<p data-start=\"971\" data-end=\"1368\">Selon cette enqu\u00eate, <strong data-start=\"992\" data-end=\"1097\">pr\u00e8s d\u2019un Fran\u00e7ais sur trois a d\u00e9clar\u00e9 avoir renonc\u00e9 \u00e0 au moins un soin au cours des 12 derniers mois<\/strong>, que ce soit une consultation m\u00e9dicale, un examen, des soins dentaires ou ophtalmologiques. Parmi eux, <strong data-start=\"1201\" data-end=\"1259\">plus d\u2019un quart \u00e9voque des d\u00e9lais d\u2019attente trop longs<\/strong>, et pr\u00e8s d\u2019un sur cinq cite <strong data-start=\"1288\" data-end=\"1342\">le co\u00fbt des soins ou des d\u00e9passements d\u2019honoraires<\/strong> comme principal obstacle.<\/p>\n<p data-start=\"1370\" data-end=\"1735\">Le ph\u00e9nom\u00e8ne n\u2019\u00e9pargne aucune tranche d\u2019\u00e2ge, mais touche <strong data-start=\"1427\" data-end=\"1557\">davantage les jeunes adultes, les familles pr\u00e9caires, les retrait\u00e9s modestes et les habitants de zones rurales ou p\u00e9riurbaines<\/strong>. Ce sont les soins dentaires, les consultations de sp\u00e9cialistes (ophtalmologistes, dermatologues, gyn\u00e9cologues) et les examens radiologiques qui sont le plus souvent abandonn\u00e9s.<\/p>\n<p>D\u00e9lais, d\u00e9sertification et barri\u00e8res financi\u00e8res<\/p>\n<p data-start=\"1790\" data-end=\"1864\">Parmi les causes identifi\u00e9es, <strong data-start=\"1820\" data-end=\"1862\">trois tendances se d\u00e9tachent nettement<\/strong> :<\/p>\n<ul data-start=\"1866\" data-end=\"2351\">\n<li data-start=\"1866\" data-end=\"2016\"><strong data-start=\"1868\" data-end=\"1919\">Les d\u00e9lais d\u2019attente, parfois de plusieurs mois<\/strong>, pour obtenir un rendez-vous chez un sp\u00e9cialiste ou un m\u00e9decin g\u00e9n\u00e9raliste dans certaines zones.<\/li>\n<li data-start=\"1866\" data-end=\"2016\"><strong data-start=\"2019\" data-end=\"2050\">La d\u00e9sertification m\u00e9dicale<\/strong>, qui rend l\u2019acc\u00e8s \u00e0 un professionnel de sant\u00e9 tout simplement impossible dans certaines r\u00e9gions, faute de praticiens disponibles.<\/li>\n<li data-start=\"1866\" data-end=\"2016\"><strong data-start=\"2183\" data-end=\"2204\">Le co\u00fbt des soins<\/strong>, en hausse, avec des d\u00e9passements d\u2019honoraires de plus en plus fr\u00e9quents et un reste \u00e0 charge non n\u00e9gligeable, m\u00eame avec une compl\u00e9mentaire sant\u00e9.<\/li>\n<\/ul>\n<p data-start=\"2353\" data-end=\"2593\">La situation est d\u2019autant plus pr\u00e9occupante que <strong data-start=\"2401\" data-end=\"2498\">les personnes concern\u00e9es ne renoncent pas \u00e0 des soins de confort, mais \u00e0 des soins essentiels<\/strong> : traitements dentaires, consultations pour douleurs chroniques, suivi de pathologies connues.<\/p>\n<p> Un impact sanitaire et social mesurable<\/p>\n<p data-start=\"2639\" data-end=\"2915\">Les cons\u00e9quences de ces renoncements ne se limitent pas \u00e0 l\u2019individu. <strong data-start=\"2709\" data-end=\"2774\">Elles p\u00e8sent \u00e0 long terme sur l\u2019ensemble du syst\u00e8me de sant\u00e9.<\/strong> Des maladies non prises en charge \u00e0 temps peuvent s\u2019aggraver, n\u00e9cessiter des soins plus lourds, ou entra\u00eener des hospitalisations \u00e9vitables.<\/p>\n<p data-start=\"2917\" data-end=\"3265\">Sur le plan social, le renoncement aux soins renforce <strong data-start=\"2971\" data-end=\"2998\">les in\u00e9galit\u00e9s de sant\u00e9<\/strong>, d\u00e9j\u00e0 marqu\u00e9es par le niveau d\u2019\u00e9tude, de revenus ou la zone de r\u00e9sidence. Ce cercle vicieux alimente la d\u00e9fiance envers le syst\u00e8me de soins et pousse certains \u00e0 se tourner vers <strong data-start=\"3176\" data-end=\"3228\">des solutions alternatives ou \u00e0 l\u2019autom\u00e9dication<\/strong>, avec les risques que cela comporte.<\/p>\n<p> Principales causes du renoncement aux soins en France (enqu\u00eate Insee\/Drees \u2013 2025)<\/p>\n<tr data-start=\"3359\" data-end=\"3507\">\n<strong data-start=\"3361\" data-end=\"3378\">Cause \u00e9voqu\u00e9e<\/strong><br \/>\n<strong data-start=\"3404\" data-end=\"3441\">Part des personnes concern\u00e9es (%)<\/strong><br \/>\n<strong data-start=\"3444\" data-end=\"3465\">Exemples typiques<\/strong><br \/>\n<\/tr>\n<tr data-start=\"3656\" data-end=\"3803\">\n<td data-start=\"3656\" data-end=\"3698\" data-col-size=\"sm\">D\u00e9lais trop longs<\/td>\n<td data-start=\"3698\" data-end=\"3738\" data-col-size=\"sm\">27 %<\/td>\n<td data-start=\"3738\" data-end=\"3803\" data-col-size=\"md\">Rendez-vous ophtalmologique dans 4 mois<\/td>\n<\/tr>\n<tr data-start=\"3804\" data-end=\"3951\">\n<td data-start=\"3804\" data-end=\"3846\" data-col-size=\"sm\">Co\u00fbt trop \u00e9lev\u00e9 \/ d\u00e9passements<\/td>\n<td data-start=\"3846\" data-end=\"3886\" data-col-size=\"sm\">19 %<\/td>\n<td data-start=\"3886\" data-end=\"3951\" data-col-size=\"md\">Couronne dentaire \u00e0 450 \u20ac, non rembours\u00e9e<\/td>\n<\/tr>\n<tr data-start=\"3952\" data-end=\"4099\">\n<td data-start=\"3952\" data-end=\"3994\" data-col-size=\"sm\">Pas de professionnel disponible<\/td>\n<td data-start=\"3994\" data-end=\"4034\" data-col-size=\"sm\">15 %<\/td>\n<td data-start=\"4034\" data-end=\"4099\" data-col-size=\"md\">Absence de gyn\u00e9cologue dans un rayon de 50 km<\/td>\n<\/tr>\n<tr data-start=\"4100\" data-end=\"4247\">\n<td data-start=\"4100\" data-end=\"4142\" data-col-size=\"sm\">Difficult\u00e9 de transport ou de mobilit\u00e9<\/td>\n<td data-start=\"4142\" data-end=\"4182\" data-col-size=\"sm\">11 %<\/td>\n<td data-start=\"4182\" data-end=\"4247\" data-col-size=\"md\">Personne \u00e2g\u00e9e sans moyen de transport<\/td>\n<\/tr>\n<tr data-start=\"4248\" data-end=\"4395\">\n<td data-start=\"4248\" data-end=\"4290\" data-col-size=\"sm\">Motifs personnels (emploi, enfants&#8230;)<\/td>\n<td data-start=\"4290\" data-end=\"4330\" data-col-size=\"sm\">10 %<\/td>\n<td data-start=\"4330\" data-end=\"4395\" data-col-size=\"md\">Impossibilit\u00e9 de se lib\u00e9rer pour une consultation<\/td>\n<\/tr>\n<tr data-start=\"4396\" data-end=\"4547\">\n<td data-start=\"4396\" data-end=\"4438\" data-col-size=\"sm\">Appr\u00e9hension, crainte du diagnostic<\/td>\n<td data-start=\"4438\" data-end=\"4478\" data-col-size=\"sm\">6 %<\/td>\n<td data-start=\"4478\" data-end=\"4547\" data-col-size=\"md\">Sympt\u00f4mes ignor\u00e9s volontairement par peur d\u2019une mauvaise nouvelle<\/td>\n<\/tr>\n<tr data-start=\"4548\" data-end=\"4695\">\n<td data-start=\"4548\" data-end=\"4590\" data-col-size=\"sm\">Autres \/ refus de soin volontaire<\/td>\n<td data-start=\"4590\" data-end=\"4630\" data-col-size=\"sm\">12 %<\/td>\n<td data-start=\"4630\" data-end=\"4695\" data-col-size=\"md\">Conviction personnelle, exp\u00e9rience n\u00e9gative pass\u00e9e<\/td>\n<\/tr>\n<p> Des mesures insuffisantes face \u00e0 une crise silencieuse<\/p>\n<p data-start=\"4761\" data-end=\"5101\">Face \u00e0 ce constat, des mesures ont \u00e9t\u00e9 engag\u00e9es, comme le d\u00e9veloppement des <strong data-start=\"4837\" data-end=\"4899\">Communaut\u00e9s professionnelles territoriales de sant\u00e9 (CPTS)<\/strong>, le d\u00e9ploiement de la <strong data-start=\"4922\" data-end=\"4942\">t\u00e9l\u00e9consultation<\/strong>, ou la <strong data-start=\"4950\" data-end=\"4995\">revalorisation de certains actes m\u00e9dicaux<\/strong>. Mais les r\u00e9sultats restent encore limit\u00e9s, surtout dans les zones rurales ou les banlieues d\u00e9favoris\u00e9es.<\/p>\n<p data-start=\"5103\" data-end=\"5370\">Le gouvernement a \u00e9galement lanc\u00e9 une concertation sur les <strong data-start=\"5162\" data-end=\"5211\">tarifs de consultations chez les sp\u00e9cialistes<\/strong>, dans l\u2019espoir de contenir les d\u00e9passements. Mais sans r\u00e9gulation ferme, <strong data-start=\"5285\" data-end=\"5369\">la fracture territoriale et sociale dans l\u2019acc\u00e8s aux soins continue de s\u2019\u00e9largir<\/strong>.<\/p>\n<p> Une priorit\u00e9 sanitaire et sociale pour les ann\u00e9es \u00e0 venir<\/p>\n<p data-start=\"5434\" data-end=\"5725\">Le renoncement aux soins ne peut plus \u00eatre consid\u00e9r\u00e9 comme une fatalit\u00e9 ou une variable d\u2019ajustement du syst\u00e8me. Il doit \u00eatre <strong data-start=\"5560\" data-end=\"5622\">reconnu comme un probl\u00e8me de sant\u00e9 publique \u00e0 part enti\u00e8re<\/strong>, avec des cons\u00e9quences concr\u00e8tes sur la sant\u00e9 physique, mentale et financi\u00e8re de millions de Fran\u00e7ais.<\/p>\n<p data-start=\"5727\" data-end=\"5970\">Garantir un acc\u00e8s effectif aux soins \u2014 au bon moment, \u00e0 un prix abordable, et dans un d\u00e9lai raisonnable \u2014 <strong data-start=\"5833\" data-end=\"5872\">devrait \u00eatre une priorit\u00e9 nationale<\/strong>, au m\u00eame titre que la lutte contre les d\u00e9serts m\u00e9dicaux ou la pr\u00e9vention des maladies chroniques.<\/p>\n","protected":false},"excerpt":{"rendered":"Une part croissante de la population concern\u00e9e Selon cette enqu\u00eate, pr\u00e8s d\u2019un Fran\u00e7ais sur trois a d\u00e9clar\u00e9 avoir&hellip;\n","protected":false},"author":2,"featured_media":134027,"comment_status":"","ping_status":"","sticky":false,"template":"","format":"standard","meta":{"footnotes":""},"categories":[10],"tags":[1011,27,72,6339,56,25992,71,8062,4984],"class_list":{"0":"post-134026","1":"post","2":"type-post","3":"status-publish","4":"format-standard","5":"has-post-thumbnail","7":"category-sante","8":"tag-fr","9":"tag-france","10":"tag-health","11":"tag-medecin","12":"tag-push","13":"tag-sanitaire","14":"tag-sante","15":"tag-soigner","16":"tag-soins"},"share_on_mastodon":{"url":"https:\/\/pubeurope.com\/@fr\/114584876761729359","error":""},"_links":{"self":[{"href":"https:\/\/www.europesays.com\/fr\/wp-json\/wp\/v2\/posts\/134026","targetHints":{"allow":["GET"]}}],"collection":[{"href":"https:\/\/www.europesays.com\/fr\/wp-json\/wp\/v2\/posts"}],"about":[{"href":"https:\/\/www.europesays.com\/fr\/wp-json\/wp\/v2\/types\/post"}],"author":[{"embeddable":true,"href":"https:\/\/www.europesays.com\/fr\/wp-json\/wp\/v2\/users\/2"}],"replies":[{"embeddable":true,"href":"https:\/\/www.europesays.com\/fr\/wp-json\/wp\/v2\/comments?post=134026"}],"version-history":[{"count":0,"href":"https:\/\/www.europesays.com\/fr\/wp-json\/wp\/v2\/posts\/134026\/revisions"}],"wp:featuredmedia":[{"embeddable":true,"href":"https:\/\/www.europesays.com\/fr\/wp-json\/wp\/v2\/media\/134027"}],"wp:attachment":[{"href":"https:\/\/www.europesays.com\/fr\/wp-json\/wp\/v2\/media?parent=134026"}],"wp:term":[{"taxonomy":"category","embeddable":true,"href":"https:\/\/www.europesays.com\/fr\/wp-json\/wp\/v2\/categories?post=134026"},{"taxonomy":"post_tag","embeddable":true,"href":"https:\/\/www.europesays.com\/fr\/wp-json\/wp\/v2\/tags?post=134026"}],"curies":[{"name":"wp","href":"https:\/\/api.w.org\/{rel}","templated":true}]}}