{"id":134028,"date":"2025-05-28T10:00:09","date_gmt":"2025-05-28T10:00:09","guid":{"rendered":"https:\/\/www.europesays.com\/fr\/134028\/"},"modified":"2025-05-28T10:00:09","modified_gmt":"2025-05-28T10:00:09","slug":"benjamin-pavard-ce-psg-cest-un-plaisir-a-regarder-c1-finale-psg-inter","status":"publish","type":"post","link":"https:\/\/www.europesays.com\/fr\/134028\/","title":{"rendered":"Benjamin Pavard : \u00ab\u202fCe PSG, c\u2019est un plaisir \u00e0 regarder\u00a0\u00bb &#8211; C1 &#8211; Finale &#8211; PSG-Inter"},"content":{"rendered":"<p>Qui les sous-estimes ?<\/p>\n<p>\u00c0 quelques jours de la finale de la Ligue des champions entre l\u2019Inter Milan et le Paris Saint-Germain, samedi \u00e0 Munich, <strong>Benjamin Pavard a partag\u00e9 son analyse du PSG,<\/strong> adversaire de son club. \u00ab\u00a0<strong>Il ne faut pas sous-estimer Paris.<\/strong> C\u2019est vraiment une grande \u00e9quipe qui le montre depuis plusieurs ann\u00e9es. Mais je trouve que <a target=\"_blank\" href=\"https:\/\/www.sofoot.com\/articles\/le-psg-suscite-il-un-reel-engouement-francais-avec-son-parcours-en-ligue-des-champions\" rel=\"nofollow noopener\">le PSG est encore plus constant cette saison<\/a>. Ce groupe est tr\u00e8s homog\u00e8ne, avec un super coach, l\u2019un des meilleurs du monde pour moi. Son \u00e9quipe joue tr\u00e8s bien au ballon, <strong>c\u2019est un plaisir \u00e0 regarder, mais on ne la regardera pas samedi\u00a0\u00bb<\/strong>, a d\u00e9clar\u00e9 le d\u00e9fenseur fran\u00e7ais dans <a target=\"_blank\" href=\"https:\/\/www.lequipe.fr\/Football\/Article\/-on-n-est-pas-une-equipe-de-stars-entretien-avec-benjamin-pavard-avant-la-finale-psg-inter\/1565426\" rel=\"nofollow noopener\">L\u2019\u00c9quipe.<\/a><\/p>\n<p>Connaissance sur le PSG : 10\/10 ?<\/p>\n<p>Le sujet a bien \u00e9t\u00e9 \u00e9tudi\u00e9, <strong>l\u2019international tricolore connait l\u2019\u00e9quipe francilienne et ses forces.<\/strong>\u00a0\u00ab\u202fParis a de super \u00e9l\u00e9ments \u00e0 tous les postes. Jusqu\u2019au gardien <a target=\"_blank\" href=\"https:\/\/www.sofoot.com\/articles\/ligue-des-champions-donnarumma-et-linter-destins-presque-lies\" rel=\"nofollow noopener\">(Gianluigi Donnarumma)<\/a>, qui a \u00e9t\u00e9 tr\u00e8s critiqu\u00e9, mais qui a \u00e9t\u00e9 d\u00e9terminant, souligne-t-il. Contre Arsenal, il fait deux arr\u00eats au bout de cinq minutes. \u00c0 0-1, ce n\u2019\u00e9tait pas le m\u00eame match. <strong>Il faut faire attention \u00e0 tout le monde.<\/strong> <a target=\"_blank\" href=\"https:\/\/www.sofoot.com\/articles\/psg-inter-ousmane-dembele-nest-pas-fait-pour-etre-juge-comme-un-buteur\" rel=\"nofollow noopener\">Ousmane<\/a>\u00a0fait une saison extraordinaire mais ce n\u2019est pas surprenant. Il met simplement plus de buts. C\u2019\u00e9tait une question de confiance pour lui.\u202f\u00bb<\/p>\n<p>Remis d\u2019une blessure \u00e0 la cheville gauche, Pavard s\u2019appr\u00eate \u00e0 disputer une nouvelle finale europ\u00e9enne, apr\u00e8s avoir d\u00e9j\u00e0 remport\u00e9 la Ligue des champions en 2020 <a target=\"_blank\" href=\"https:\/\/www.sofoot.com\/articles\/bayern-unique-c1-finale-psg-0-1\" rel=\"nofollow noopener\">avec le Bayern Munich\u2026 contre le PSG<\/a> (sans jouer la finale). <strong>\u00c0 29 ans, il pourrait entrer dans l\u2019histoire en devenant le troisi\u00e8me joueur fran\u00e7ais \u00e0 d\u00e9crocher la Ligue des champions avec deux clubs diff\u00e9rents, apr\u00e8s Didier Deschamps et Marcel Desailly.<\/strong> \u00ab\u00a0J\u2019ai le temps, ma carri\u00e8re n\u2019est pas termin\u00e9e\u00a0\u00bb, glisse-t-il pour s\u2019enlever la pression. <strong>L\u2019Inter Milan et ses tifosi, qui n\u2019ont plus gagn\u00e9 <a target=\"_blank\" href=\"https:\/\/www.sofoot.com\/articles\/de-linter-a-la-lune\" rel=\"nofollow noopener\">la C1 depuis 2010<\/a>, comptent sur leur \u00ab\u00a0Benji l\u2019Interista\u00a0\u00bb pour faire basculer l\u2019histoire samedi.<\/strong><\/p>\n<p>Plus que trois jours d\u2019attente !<\/p>\n<p>\t\t\t\t\t\t\t\t\t\t<a class=\"lien-connexe\" href=\"https:\/\/www.sofoot.com\/articles\/ligue-des-champions-psg-inter-milan-henrikh-mkhitaryan-une-enfance-passee-en-france-des-souvenirs-a-jamais\" rel=\"nofollow noopener\" target=\"_blank\">Henrikh Mkhitaryan, son c\u0153ur Valence<\/a>\t\t\t\t\t<\/p>\n","protected":false},"excerpt":{"rendered":"Qui les sous-estimes ? \u00c0 quelques jours de la finale de la Ligue des champions entre l\u2019Inter Milan&hellip;\n","protected":false},"author":2,"featured_media":134029,"comment_status":"","ping_status":"","sticky":false,"template":"","format":"standard","meta":{"footnotes":""},"categories":[9],"tags":[47,61,69,65,64,63,1011,27,68,66,62,70,67,60],"class_list":{"0":"post-134028","1":"post","2":"type-post","3":"status-publish","4":"format-standard","5":"has-post-thumbnail","7":"category-sports","8":"tag-actualite","9":"tag-actus-football","10":"tag-bundesliga","11":"tag-championnats-europeens","12":"tag-equipe-de-france","13":"tag-football","14":"tag-fr","15":"tag-france","16":"tag-ligua","17":"tag-ligue-1","18":"tag-news-foot","19":"tag-premier-league","20":"tag-serie-a","21":"tag-sports"},"share_on_mastodon":{"url":"https:\/\/pubeurope.com\/@fr\/114584880628349823","error":""},"_links":{"self":[{"href":"https:\/\/www.europesays.com\/fr\/wp-json\/wp\/v2\/posts\/134028","targetHints":{"allow":["GET"]}}],"collection":[{"href":"https:\/\/www.europesays.com\/fr\/wp-json\/wp\/v2\/posts"}],"about":[{"href":"https:\/\/www.europesays.com\/fr\/wp-json\/wp\/v2\/types\/post"}],"author":[{"embeddable":true,"href":"https:\/\/www.europesays.com\/fr\/wp-json\/wp\/v2\/users\/2"}],"replies":[{"embeddable":true,"href":"https:\/\/www.europesays.com\/fr\/wp-json\/wp\/v2\/comments?post=134028"}],"version-history":[{"count":0,"href":"https:\/\/www.europesays.com\/fr\/wp-json\/wp\/v2\/posts\/134028\/revisions"}],"wp:featuredmedia":[{"embeddable":true,"href":"https:\/\/www.europesays.com\/fr\/wp-json\/wp\/v2\/media\/134029"}],"wp:attachment":[{"href":"https:\/\/www.europesays.com\/fr\/wp-json\/wp\/v2\/media?parent=134028"}],"wp:term":[{"taxonomy":"category","embeddable":true,"href":"https:\/\/www.europesays.com\/fr\/wp-json\/wp\/v2\/categories?post=134028"},{"taxonomy":"post_tag","embeddable":true,"href":"https:\/\/www.europesays.com\/fr\/wp-json\/wp\/v2\/tags?post=134028"}],"curies":[{"name":"wp","href":"https:\/\/api.w.org\/{rel}","templated":true}]}}