{"id":134034,"date":"2025-05-28T10:03:09","date_gmt":"2025-05-28T10:03:09","guid":{"rendered":"https:\/\/www.europesays.com\/fr\/134034\/"},"modified":"2025-05-28T10:03:09","modified_gmt":"2025-05-28T10:03:09","slug":"a-lassemblee-generale-de-carrefour-alexandre-bompard-met-en-avant-la-resilience-du-groupe-en-2024-actualites","status":"publish","type":"post","link":"https:\/\/www.europesays.com\/fr\/134034\/","title":{"rendered":"A l&rsquo;assembl\u00e9e g\u00e9n\u00e9rale de Carrefour, Alexandre Bompard met en avant la \u00ab\u00a0r\u00e9silience\u00a0\u00bb du groupe en 2024 : Actualit\u00e9s"},"content":{"rendered":"<p class=\"lead \">Le PDG de Carrefour Alexandre Bompard a salu\u00e9 mercredi la \u00ab\u00a0r\u00e9silience\u00a0\u00bb du groupe, malgr\u00e9 une ann\u00e9e 2024 \u00ab\u00a0qui n&rsquo;a pas \u00e9t\u00e9 sans \u00e9preuves\u00a0\u00bb dans son discours d&rsquo;introduction lors de l&rsquo;assembl\u00e9e g\u00e9n\u00e9rale des actionnaires, depuis le si\u00e8ge mondial du distributeur \u00e0 Massy. <\/p>\n<p class=\"lead \">Au moment d&rsquo;ouvrir une assembl\u00e9e g\u00e9n\u00e9rale annonc\u00e9e anim\u00e9e, entre conflit juridique \u00e0 propos de ses franchis\u00e9s, surveillance des march\u00e9s et pression concurrentielle, le tout \u00e0 un an de la fin de son mandat de PDG, Alexandre Bompard a insist\u00e9 sur l&rsquo;acquisition des magasins Cora et Match, des \u00ab\u00a0r\u00e9sultats tr\u00e8s satisfaisants dans (les) pays coeurs en France, en Espagne et au Br\u00e9sil\u00a0\u00bb, ou encore l&rsquo;atteinte du \u00ab\u00a0meilleur positionnement prix\u00a0\u00bb du groupe \u00ab\u00a0depuis 2020\u00a0\u00bb. <\/p>\n<p class=\"lead \">Contrairement aux deux \u00e9ditions pr\u00e9c\u00e9dentes, c&rsquo;est au si\u00e8ge du groupe \u00e0 Massy, en r\u00e9gion parisienne, et non sur les docks d&rsquo;Aubervilliers que se tient cette r\u00e9union annuelle des actionnaires.<\/p>\n<p class=\"lead \">Pour la bonne organisation de l&rsquo;\u00e9v\u00e9nement, Carrefour a ferm\u00e9 son si\u00e8ge \u00e0 ses salari\u00e9s, les invitant \u00e0 t\u00e9l\u00e9travailler pour l&rsquo;occasion. <\/p>\n<p class=\"lead \">Le groupe a \u00e9galement choisi de s\u00e9parer le conseil d&rsquo;administration et les principaux actionnaires du reste des petits porteurs, notamment des syndicalistes, qui se trouvent dans deux salles diff\u00e9rentes.<\/p>\n<p class=\"lead \">La police et la gendarmerie filtraient les rues qui jouxtent les alentours du si\u00e8ge de l&rsquo;entreprise. Peu avant le d\u00e9but de l&rsquo;assembl\u00e9e g\u00e9n\u00e9rale, quelques dizaines de personnes \u00e9taient r\u00e9unies non loin du si\u00e8ge, au-dessus desquelles flottait un grand drapeau de la Palestine. <\/p>\n<p class=\"lead \">La pr\u00e9sence de Carrefour via un franchis\u00e9 en Isra\u00ebl dans le contexte de guerre avec le Hamas et la crise humanitaire que celle-ci a d\u00e9clench\u00e9e dans la bande de Gaza fait partie des sujets qui pourraient faire irruption durant l&rsquo;assembl\u00e9e g\u00e9n\u00e9rale, mais ce n&rsquo;est pas le seul. <\/p>\n<p class=\"lead \">Le g\u00e9ant de la distribution est vivement critiqu\u00e9, par la CFDT notamment, pour s&rsquo;appuyer de plus en plus sur l&rsquo;exploitation de magasins en franchise et en location-g\u00e9rance, une variante dans laquelle le distributeur reste propri\u00e9taire du fonds de commerce.<\/p>\n<p class=\"lead \">Dans son discours d&rsquo;introduction, Alexandre Bompard a r\u00e9affirm\u00e9 que son groupe comptait poursuivre le d\u00e9veloppement de ce mod\u00e8le, qu&rsquo;il qualifie de \u00ab\u00a0moyen d&rsquo;expansion de l&#8217;empreinte internationale\u00a0\u00bb de Carrefour, et de \u00ab\u00a0solution pour les magasins en difficult\u00e9 structurelle\u00a0\u00bb. <\/p>\n<p class=\"lead \">La CFDT a assign\u00e9 le groupe de distribution en justice, estimant qu&rsquo;il s&rsquo;agit d&rsquo;un plan social d\u00e9guis\u00e9 concernant plus de 27.000 salari\u00e9s depuis 2018.<\/p>\n<p class=\"lead \">A la fronde de la CFDT s&rsquo;ajoute celle d&rsquo;une partie des franchis\u00e9s, r\u00e9unis sous l&rsquo;\u00e9gide de l&rsquo;association des franchis\u00e9s de Carrefour (AFC), qui revendique 260 magasins. Soutenue par le minist\u00e8re de l&rsquo;Economie, elle a \u00e9galement assign\u00e9 Carrefour en justice.<\/p>\n<p class=\"lead \">Sujette \u00e0 des pol\u00e9miques ces derni\u00e8res ann\u00e9es, la r\u00e9mun\u00e9ration du PDG, \u00e0 nouveau au menu mercredi, sera en baisse par rapport \u00e0 l&rsquo;ann\u00e9e derni\u00e8re.<\/p>\n<p class=\"lead \">Si les actionnaires de Carrefour lui donnent le feu vert, le dirigeant touchera 3,4 millions d&rsquo;euros pour 2024, soit 1 million d&rsquo;euros de moins que l&rsquo;ann\u00e9e pr\u00e9c\u00e9dente. A cela s&rsquo;ajouteront plus tard, sous crit\u00e8res de performances, des actions valoris\u00e9es au maximum 5,6 millions d&rsquo;euros. <\/p>\n<p class=\"small font-weight-bold text-gray3 \"> publi\u00e9 le 28 mai \u00e0 11h16, AFP<\/p>\n<p>                             Partager<\/p>\n","protected":false},"excerpt":{"rendered":"Le PDG de Carrefour Alexandre Bompard a salu\u00e9 mercredi la \u00ab\u00a0r\u00e9silience\u00a0\u00bb du groupe, malgr\u00e9 une ann\u00e9e 2024 \u00ab\u00a0qui&hellip;\n","protected":false},"author":2,"featured_media":134035,"comment_status":"","ping_status":"","sticky":false,"template":"","format":"standard","meta":{"footnotes":""},"categories":[6],"tags":[15033,258,35,13789,2105,25994,33,34,313,1011,27,20710,9345,6972,14269,11254,585,25993,25995],"class_list":{"0":"post-134034","1":"post","2":"type-post","3":"status-publish","4":"format-standard","5":"has-post-thumbnail","7":"category-economie","8":"tag-actions","9":"tag-alimentation","10":"tag-business","11":"tag-dirigeants","12":"tag-distribution","13":"tag-dividendes","14":"tag-economie","15":"tag-economy","16":"tag-entreprises","17":"tag-fr","18":"tag-france","19":"tag-indicateur","20":"tag-inflation","21":"tag-marketing","22":"tag-rsultats","23":"tag-salaires","24":"tag-sant","25":"tag-stockwatch","26":"tag-stratgie"},"share_on_mastodon":{"url":"https:\/\/pubeurope.com\/@fr\/114584892448264470","error":""},"_links":{"self":[{"href":"https:\/\/www.europesays.com\/fr\/wp-json\/wp\/v2\/posts\/134034","targetHints":{"allow":["GET"]}}],"collection":[{"href":"https:\/\/www.europesays.com\/fr\/wp-json\/wp\/v2\/posts"}],"about":[{"href":"https:\/\/www.europesays.com\/fr\/wp-json\/wp\/v2\/types\/post"}],"author":[{"embeddable":true,"href":"https:\/\/www.europesays.com\/fr\/wp-json\/wp\/v2\/users\/2"}],"replies":[{"embeddable":true,"href":"https:\/\/www.europesays.com\/fr\/wp-json\/wp\/v2\/comments?post=134034"}],"version-history":[{"count":0,"href":"https:\/\/www.europesays.com\/fr\/wp-json\/wp\/v2\/posts\/134034\/revisions"}],"wp:featuredmedia":[{"embeddable":true,"href":"https:\/\/www.europesays.com\/fr\/wp-json\/wp\/v2\/media\/134035"}],"wp:attachment":[{"href":"https:\/\/www.europesays.com\/fr\/wp-json\/wp\/v2\/media?parent=134034"}],"wp:term":[{"taxonomy":"category","embeddable":true,"href":"https:\/\/www.europesays.com\/fr\/wp-json\/wp\/v2\/categories?post=134034"},{"taxonomy":"post_tag","embeddable":true,"href":"https:\/\/www.europesays.com\/fr\/wp-json\/wp\/v2\/tags?post=134034"}],"curies":[{"name":"wp","href":"https:\/\/api.w.org\/{rel}","templated":true}]}}