{"id":134037,"date":"2025-05-28T10:05:14","date_gmt":"2025-05-28T10:05:14","guid":{"rendered":"https:\/\/www.europesays.com\/fr\/134037\/"},"modified":"2025-05-28T10:05:14","modified_gmt":"2025-05-28T10:05:14","slug":"obesite-vers-la-prescription-de-medicaments-par-les-generalistes-en-france","status":"publish","type":"post","link":"https:\/\/www.europesays.com\/fr\/134037\/","title":{"rendered":"Ob\u00e9sit\u00e9 : vers la prescription de m\u00e9dicaments par les g\u00e9n\u00e9ralistes en France"},"content":{"rendered":"<p>             <a href=\"https:\/\/ma-sante.news\/wp-content\/uploads\/2025\/05\/consultation-medecin-generaliste-traitement-anti-obesite-ma-sante.png\" data-caption=\"Pour les sp\u00e9cialistes, le traitement anti-ob\u00e9sit\u00e9 ne doit pas \u00eatre per\u00e7u comme une solution miracle, mais comme l&#039;un des outils d&#039;une th\u00e9rapie compl\u00e8te. \u00a9 Ma Sant\u00e9\" rel=\"nofollow noopener\" target=\"_blank\"><img loading=\"lazy\" decoding=\"async\" width=\"696\" height=\"465\" class=\"entry-thumb td-modal-image\" src=\"data:image\/svg+xml,%3Csvg%20xmlns=\" http:=\"\" data-lazy- data-lazy- alt=\"Un m\u00e9decin g\u00e9n\u00e9raliste prescrivant un traitement anti ob\u00e9sit\u00e9 \u00e0 son patient.\" title=\"consultation medecin generaliste traitement anti obesite ma sante\" data-lazy-src=\"https:\/\/www.europesays.com\/fr\/wp-content\/uploads\/2025\/05\/consultation-medecin-generaliste-traitement-anti-obesite-ma-sante-696x465.png\"\/><\/a>Pour les sp\u00e9cialistes, le traitement anti-ob\u00e9sit\u00e9 ne doit pas \u00eatre per\u00e7u comme une solution miracle, mais comme l&rsquo;un des outils d&rsquo;une th\u00e9rapie compl\u00e8te. \u00a9 Ma Sant\u00e9                                    \t\t\t             <a class=\"gofollow\" data-track=\"MjgsMCwxLDYw\" href=\"https:\/\/ma-sante.news\/inscrivez-vous-a-notre-newsletter\/\" rel=\"nofollow noopener\" target=\"_blank\"><img loading=\"lazy\" decoding=\"async\" width=\"1068\" height=\"131\" src=\"data:image\/svg+xml,%3Csvg%20xmlns=\" http:=\"\" data-lazy-src=\"https:\/\/www.europesays.com\/fr\/wp-content\/uploads\/2025\/03\/banniere-newsletter.png\"\/><\/a> <\/p>\n<p>En France, <a href=\"https:\/\/ma-sante.news\/epidemie-dobesite-de-nouveaux-chiffres-tres-inquietants\/\" rel=\"nofollow noopener\" target=\"_blank\">plus de 17 % des adultes souffrent d\u2019ob\u00e9sit\u00e9<\/a>, selon les derniers chiffres de l\u2019Organisation de coop\u00e9ration et de d\u00e9veloppement \u00e9conomiques (OCDE), soit environ 8,6 millions de personnes. <\/p>\n<p>Les traitements m\u00e9dicamenteux contre l\u2019ob\u00e9sit\u00e9 se sont multipli\u00e9s ces derni\u00e8res ann\u00e9es, mais leur acc\u00e8s reste limit\u00e9. C\u2019est la raison pour laquelle le gouvernement envisage d\u2019autoriser les m\u00e9decins g\u00e9n\u00e9ralistes \u00e0 prescrire des m\u00e9dicaments comme le Wegovy ou le Mounjaro, jusqu\u2019alors r\u00e9serv\u00e9s aux endocrinologues et diab\u00e9tologues. <\/p>\n<p>Cette mesure s\u2019inscrirait dans le futur plan national de lutte contre l\u2019ob\u00e9sit\u00e9, qui doit entr\u00e9e en vigueur \u00e0 la rentr\u00e9e 2025. <\/p>\n<p>        Un tournant dans la prise en charge m\u00e9dicale de l\u2019ob\u00e9sit\u00e9    <strong>Une pathologie chronique longtemps sous-estim\u00e9e<\/strong>    <\/p>\n<p>Consid\u00e9r\u00e9e \u00e0 tort comme un simple probl\u00e8me de volont\u00e9 ou de mode de vie, l\u2019ob\u00e9sit\u00e9 est d\u00e9sormais reconnue par l\u2019OMS comme une maladie chronique complexe. Elle r\u00e9sulte d\u2019une combinaison de facteurs g\u00e9n\u00e9tiques, hormonaux, psychologiques et environnementaux. Elle augmente significativement <a href=\"https:\/\/ma-sante.news\/diabete-ce-mal-qui-vous-guette-197847\/\" rel=\"nofollow noopener\" target=\"_blank\">le risque de diab\u00e8te de type 2<\/a>, de <a href=\"https:\/\/ma-sante.news\/obesite-maladies-cardiovasculaires-nutri-score-obligatoire\/\" rel=\"nofollow noopener\" target=\"_blank\">maladies cardiovasculaires<\/a>, de certains cancers et de<a href=\"https:\/\/ma-sante.news\/sante-au-travail-tms-quand-labeur-rime-avec-douleur\/\" rel=\"nofollow noopener\" target=\"_blank\"> troubles musculo-squelettiques<\/a>.<\/p>\n<p>En France, selon une enqu\u00eate de Sant\u00e9 publique France men\u00e9e en 2023, l\u2019ob\u00e9sit\u00e9 concerne 17 % de la population adulte, et <a href=\"https:\/\/ma-sante.news\/journee-obesite-infantile-tout-se-joue-entre-2-et-8-ans\/\" rel=\"nofollow noopener\" target=\"_blank\">touche d\u00e9j\u00e0 pr\u00e8s de 6 % des enfants<\/a> de 6 \u00e0 17 ans. <a href=\"https:\/\/ma-sante.news\/lobesite-la-france-face-a-un-defi-majeur\/\" rel=\"nofollow noopener\" target=\"_blank\">Le nombre de personnes atteintes ne cesse d\u2019augmenter<\/a> : il a doubl\u00e9 en quarante ans. Et les in\u00e9galit\u00e9s sociales p\u00e8sent lourd : les populations les plus modestes sont les plus expos\u00e9es, en raison d\u2019un acc\u00e8s plus difficile \u00e0 une alimentation \u00e9quilibr\u00e9e et \u00e0 des soins sp\u00e9cialis\u00e9s.<\/p>\n<p>        <strong>Un acc\u00e8s limit\u00e9 aux traitements pharmacologiques<\/strong>    <\/p>\n<p>Jusqu\u2019\u00e0 pr\u00e9sent, la prescription de m\u00e9dicaments anti-ob\u00e9sit\u00e9, comme le Wegovy (s\u00e9maglutide) ou le Mounjaro (tirz\u00e9patide), est strictement encadr\u00e9e. Seuls certains sp\u00e9cialistes hospitaliers peuvent les prescrire, apr\u00e8s un parcours de soins complexe. Une situation qui exclut de fait une grande partie des patients.<\/p>\n<p>Le Wegovy, commercialis\u00e9 par Novo Nordisk, a \u00e9t\u00e9 autoris\u00e9 en France en 2023 pour les personnes souffrant d\u2019ob\u00e9sit\u00e9 (IMC \u2265 30) ou de surpoids avec comorbidit\u00e9s. Il agit en r\u00e9duisant l\u2019app\u00e9tit via une action hormonale. Quant au Mounjaro, d\u00e9velopp\u00e9 par Eli Lilly, il a montr\u00e9 des r\u00e9sultats spectaculaires, avec une perte de poids moyenne de 20 % en un an dans certaines \u00e9tudes cliniques.<\/p>\n<p>        Une mesure phare du futur plan ob\u00e9sit\u00e9    <strong>\u00c9tendre la prescription aux m\u00e9decins g\u00e9n\u00e9ralistes : une d\u00e9cision strat\u00e9gique<\/strong>    <\/p>\n<p>Le minist\u00e8re de la Sant\u00e9 envisage d\u2019inclure l\u2019extension de la prescription aux g\u00e9n\u00e9ralistes dans le futur <strong>plan national de lutte contre l\u2019ob\u00e9sit\u00e9,<\/strong> qui sera pr\u00e9sent\u00e9 \u00e0 l\u2019automne 2025. Une d\u00e9cision motiv\u00e9e par la volont\u00e9 d\u2019am\u00e9liorer l\u2019acc\u00e8s aux soins, de d\u00e9sengorger les services sp\u00e9cialis\u00e9s et de r\u00e9pondre \u00e0 une demande croissante.<\/p>\n<p>Cette mesure permettrait \u00e0 des milliers de patients, notamment en zones rurales ou dans les d\u00e9serts m\u00e9dicaux, d\u2019acc\u00e9der plus facilement \u00e0 ces traitements. \u00ab On ne peut plus laisser des traitements efficaces r\u00e9serv\u00e9s \u00e0 une minorit\u00e9 \u00bb, affirme une source proche du cabinet du ministre, cit\u00e9e par Actu.fr. Pour autant, cette r\u00e9forme sera accompagn\u00e9e d\u2019un encadrement strict, pour \u00e9viter les d\u00e9rives.<\/p>\n<p>        <strong>Des crit\u00e8res d\u2019\u00e9ligibilit\u00e9 pr\u00e9cis et un accompagnement obligatoire<\/strong>    <\/p>\n<p>Le recours \u00e0 ces m\u00e9dicaments ne pourra se faire qu\u2019apr\u00e8s un diagnostic clair, fond\u00e9 sur l\u2019indice de masse corporelle (IMC) et la pr\u00e9sence \u00e9ventuelle de comorbidit\u00e9s (diab\u00e8te, <a href=\"https:\/\/ma-sante.news\/maladie-cardiaque-comment-eviter-lhypertension-arterielle\/\" rel=\"nofollow noopener\" target=\"_blank\">hypertension<\/a>, <a href=\"https:\/\/ma-sante.news\/apnee-du-sommeil-une-nuit-bout-de-souffle-annecy\/\" rel=\"nofollow noopener\" target=\"_blank\">apn\u00e9e du sommeil<\/a>\u2026). Une formation sp\u00e9cifique pourrait \u00eatre propos\u00e9e aux m\u00e9decins g\u00e9n\u00e9ralistes, afin de garantir une prescription responsable.<\/p>\n<p>Par ailleurs, la prescription ne sera pas dissoci\u00e9e d\u2019un suivi nutritionnel et psychologique. Les m\u00e9dicaments, en effet, ne doivent \u00eatre prescrits que dans le cadre d\u2019une prise en charge globale.<\/p>\n<p>        Espoirs pour les patients, prudence chez les professionnels    <strong>Un outil th\u00e9rapeutique puissant mais pas sans risques<\/strong>    <\/p>\n<p>Les r\u00e9sultats cliniques des m\u00e9dicaments comme le Wegovy ou le Mounjaro sont ind\u00e9niables. Dans une \u00e9tude publi\u00e9e en 2022 dans The New England Journal of Medicine, les patients trait\u00e9s avec du tirz\u00e9patide ont perdu en moyenne 21 % de leur poids initial en 72 semaines. Des chiffres qui d\u00e9passent largement ceux des approches classiques (di\u00e9t\u00e9tique, activit\u00e9 physique seule).<\/p>\n<p>Mais <a href=\"https:\/\/ma-sante.news\/traitements-anti-obesite-quels-sont-les-dangers\/\" rel=\"nofollow noopener\" target=\"_blank\">ces traitements comportent aussi des effets secondaires<\/a> : naus\u00e9es, troubles gastro-intestinaux, pancr\u00e9atites, et dans de rares cas, troubles de la v\u00e9sicule biliaire. Leur co\u00fbt \u00e9lev\u00e9 (plusieurs centaines d\u2019euros par mois) est un autre frein potentiel \u00e0 leur g\u00e9n\u00e9ralisation, d\u2019autant plus que leur remboursement par l\u2019Assurance maladie reste conditionnel.<\/p>\n<p>        <strong>Une vigilance face au risque de m\u00e9susage<\/strong>    <\/p>\n<p>Avec une ouverture plus large de la prescription, certains professionnels de sant\u00e9 redoutent une banalisation du m\u00e9dicament comme solution \u00ab facile \u00bb. Le Collectif national des associations d\u2019ob\u00e8ses (CNAO) alerte sur le fait que ces m\u00e9dicaments ne doivent pas \u00eatre consid\u00e9r\u00e9s comme des rem\u00e8des miracles, susceptibles de se substituer \u00e0 des th\u00e9rapies compl\u00e8tes et personnalis\u00e9es. <\/p>\n<p>Le minist\u00e8re pr\u00e9voit donc une campagne d\u2019information \u00e0 destination du public et des professionnels, pour \u00e9viter les prescriptions de confort et renforcer l\u2019\u00e9ducation th\u00e9rapeutique.<\/p>\n<p>        Une r\u00e9forme ambitieuse dans un contexte de sant\u00e9 publique pr\u00e9occupant    <strong>Une r\u00e9ponse n\u00e9cessaire \u00e0 une crise silencieuse<\/strong>    <\/p>\n<p>Avec pr\u00e8s de 1 milliard de personnes en situation d\u2019ob\u00e9sit\u00e9 dans le monde selon l\u2019OMS, et une pr\u00e9vision de 25 millions de personnes concern\u00e9es en France d\u2019ici 2030 (surpoids compris), le syst\u00e8me de sant\u00e9 doit \u00e9voluer pour faire face. La reconnaissance de l\u2019ob\u00e9sit\u00e9 comme une pathologie chronique \u00e0 part enti\u00e8re, n\u00e9cessitant des soins m\u00e9dicaux sp\u00e9cifiques, marque un changement de paradigme.<\/p>\n<p>Cette r\u00e9forme visant \u00e0 \u00e9largir l\u2019acc\u00e8s aux m\u00e9dicaments s\u2019inscrit dans une logique de pr\u00e9vention secondaire : limiter les complications, am\u00e9liorer la qualit\u00e9 de vie, et r\u00e9duire les co\u00fbts \u00e0 long terme. Elle pourrait aussi contribuer \u00e0 lever <a href=\"https:\/\/ma-sante.news\/obesite-les-ravages-de-la-grossophobie-379851\/\" rel=\"nofollow noopener\" target=\"_blank\">un tabou encore fort autour de l\u2019ob\u00e9sit\u00e9, souvent stigmatis\u00e9e<\/a>.<\/p>\n<p>        <strong>Vers une d\u00e9mocratisation des soins en m\u00e9decine de ville<\/strong>    <\/p>\n<p>Donner aux g\u00e9n\u00e9ralistes la possibilit\u00e9 de prescrire ces traitements, c\u2019est aussi reconna\u00eetre leur r\u00f4le central dans la prise en charge des maladies chroniques. Ils sont souvent le premier point de contact des patients, et les plus \u00e0 m\u00eame d\u2019instaurer un suivi r\u00e9gulier.<\/p>\n<p>Si elle est bien encadr\u00e9e, cette mesure pourrait am\u00e9liorer consid\u00e9rablement l\u2019efficacit\u00e9 du parcours de soins en mati\u00e8re d\u2019ob\u00e9sit\u00e9. Reste \u00e0 garantir l\u2019acc\u00e8s \u00e9quitable aux traitements, une formation ad\u00e9quate des m\u00e9decins, et une communication claire aupr\u00e8s des patients.<\/p>\n<p>La possibilit\u00e9 pour les m\u00e9decins g\u00e9n\u00e9ralistes de prescrire des m\u00e9dicaments contre l\u2019ob\u00e9sit\u00e9 repr\u00e9sente donc bel et bien une avanc\u00e9e majeure dans la lutte contre cette \u00e9pid\u00e9mie silencieuse. En facilitant l\u2019acc\u00e8s \u00e0 des traitements efficaces comme le Wegovy ou le Mounjaro, le gouvernement envoie un signal fort : l\u2019ob\u00e9sit\u00e9 est une maladie, et elle m\u00e9rite des r\u00e9ponses \u00e0 la hauteur. Mais cette ouverture devra s\u2019accompagner d\u2019un encadrement rigoureux, pour garantir un usage pertinent, s\u00fbr et \u00e9thique\u2026<\/p>\n<blockquote class=\"wp-block-quote is-layout-flow wp-block-quote-is-layout-flow\">\n<p><strong>\u00c0 SAVOIR<\/strong><\/p>\n<p>En France, la reconnaissance de l\u2019ob\u00e9sit\u00e9 comme une maladie chronique a mis du temps \u00e0 aboutir. Per\u00e7ue comme un simple probl\u00e8me de comportement alimentaire, elle a longtemps \u00e9t\u00e9 marginalis\u00e9e dans les politiques de sant\u00e9. \u00c0 partir des ann\u00e9es 2000, les autorit\u00e9s sanitaires, sous l\u2019impulsion de l\u2019OMS, ont commenc\u00e9 \u00e0 la consid\u00e9rer comme une pathologie \u00e0 part enti\u00e8re. En 2011, le Plan ob\u00e9sit\u00e9 national a marqu\u00e9 une premi\u00e8re \u00e9tape vers une prise en charge globale. Aujourd\u2019hui, cette reconnaissance s\u2019affirme, avec un nouvel \u00e9lan pr\u00e9vu dans le plan anti-ob\u00e9sit\u00e9 2025, ax\u00e9 sur la pr\u00e9vention, les soins et la r\u00e9duction des in\u00e9galit\u00e9s d\u2019acc\u00e8s.<\/p>\n<\/blockquote>\n<p>  <a class=\"gofollow\" data-track=\"MTIsMCwxLDYw\" href=\"https:\/\/ma-sante.news\/annonceurs\/\" rel=\"nofollow noopener\" target=\"_blank\"><img loading=\"lazy\" decoding=\"async\" width=\"2560\" height=\"2133\" src=\"data:image\/svg+xml,%3Csvg%20xmlns=\" http:=\"\" data-lazy-src=\"https:\/\/www.europesays.com\/fr\/wp-content\/uploads\/2025\/03\/pub-annonceurs-4-scaled.jpg\"\/><\/a>    <img loading=\"lazy\" decoding=\"async\" width=\"755\" height=\"495\" src=\"data:image\/svg+xml,%3Csvg%20xmlns=\" http:=\"\" data-lazy-src=\"https:\/\/www.europesays.com\/fr\/wp-content\/uploads\/2025\/03\/Image1.jpg\"\/>Inscrivez-vous \u00e0 notre newsletter <br \/>Ma Sant\u00e9                      <\/p>\n","protected":false},"excerpt":{"rendered":"Pour les sp\u00e9cialistes, le traitement anti-ob\u00e9sit\u00e9 ne doit pas \u00eatre per\u00e7u comme une solution miracle, mais comme l&rsquo;un&hellip;\n","protected":false},"author":2,"featured_media":134038,"comment_status":"","ping_status":"","sticky":false,"template":"","format":"standard","meta":{"footnotes":""},"categories":[4],"tags":[11,1011,27,12,25997,25,25998,17097,25996],"class_list":{"0":"post-134037","1":"post","2":"type-post","3":"status-publish","4":"format-standard","5":"has-post-thumbnail","7":"category-france","8":"tag-actualites","9":"tag-fr","10":"tag-france","11":"tag-news","12":"tag-obu00e9situ00e9-enfant","13":"tag-republique-francaise","14":"tag-surpoids","15":"tag-troubles-alimentaires","16":"tag-u00e9pidu00e9mie-obu00e9situ00e9"},"share_on_mastodon":{"url":"https:\/\/pubeurope.com\/@fr\/114584900460365092","error":""},"_links":{"self":[{"href":"https:\/\/www.europesays.com\/fr\/wp-json\/wp\/v2\/posts\/134037","targetHints":{"allow":["GET"]}}],"collection":[{"href":"https:\/\/www.europesays.com\/fr\/wp-json\/wp\/v2\/posts"}],"about":[{"href":"https:\/\/www.europesays.com\/fr\/wp-json\/wp\/v2\/types\/post"}],"author":[{"embeddable":true,"href":"https:\/\/www.europesays.com\/fr\/wp-json\/wp\/v2\/users\/2"}],"replies":[{"embeddable":true,"href":"https:\/\/www.europesays.com\/fr\/wp-json\/wp\/v2\/comments?post=134037"}],"version-history":[{"count":0,"href":"https:\/\/www.europesays.com\/fr\/wp-json\/wp\/v2\/posts\/134037\/revisions"}],"wp:featuredmedia":[{"embeddable":true,"href":"https:\/\/www.europesays.com\/fr\/wp-json\/wp\/v2\/media\/134038"}],"wp:attachment":[{"href":"https:\/\/www.europesays.com\/fr\/wp-json\/wp\/v2\/media?parent=134037"}],"wp:term":[{"taxonomy":"category","embeddable":true,"href":"https:\/\/www.europesays.com\/fr\/wp-json\/wp\/v2\/categories?post=134037"},{"taxonomy":"post_tag","embeddable":true,"href":"https:\/\/www.europesays.com\/fr\/wp-json\/wp\/v2\/tags?post=134037"}],"curies":[{"name":"wp","href":"https:\/\/api.w.org\/{rel}","templated":true}]}}