{"id":134039,"date":"2025-05-28T10:06:09","date_gmt":"2025-05-28T10:06:09","guid":{"rendered":"https:\/\/www.europesays.com\/fr\/134039\/"},"modified":"2025-05-28T10:06:09","modified_gmt":"2025-05-28T10:06:09","slug":"un-mort-et-deux-blesses-dans-une-fusillade-aux-rosiers","status":"publish","type":"post","link":"https:\/\/www.europesays.com\/fr\/134039\/","title":{"rendered":"Un mort et deux bless\u00e9s dans une fusillade aux Rosiers"},"content":{"rendered":"<p>Une <a href=\"https:\/\/www.laprovence.com\/article\/faits-divers-justice\/10970816595718\/marseille-un-homme-a-ete-tue-par-balle-cette-nuit-rue-nationale\" target=\"_blank\" rel=\"noopener\">fusillade<\/a> a fait 3 victimes dans les quartiers nord de Marseille hier soir. Un homme a \u00e9t\u00e9 tu\u00e9 et deux autres ont \u00e9t\u00e9 bless\u00e9s.<\/p>\n<p>Alert\u00e9s peu avant minuit qu&rsquo;une fusillade venait d&rsquo;\u00e9clater dans une traverse de la cit\u00e9 des <a href=\"https:\/\/www.laprovence.com\/article\/faits-divers-justice\/80416045518513\/tribunal-correctionnel-de-marseille-jusqu-a-9-ans-de-prison-pour-les-trafiquants-des-rosiers\" target=\"_blank\" rel=\"noopener\">Rosiers<\/a>, une trentaine de marins-pompiers ont aussit\u00f4t ralli\u00e9 le 14e arrondissement pour porter secours aux victimes, vis\u00e9es \u00e0 l&rsquo;<a href=\"https:\/\/www.laprovence.com\/article\/region\/4000461184512514\/armes-de-guerre-gros-calibres-et-balises-gps-au-pontet-un-veritable-arsenal-saisi-et-10-suspects-interpelles\" target=\"_blank\" rel=\"noopener\">arme de guerre<\/a> alors qu&rsquo;elles se trouvaient dans une voiture en stationnement.<\/p>\n<p>Plusieurs \u00e9tuis de 7,62 retrouv\u00e9s sur place<\/p>\n<p>Mais il \u00e9tait d\u00e9j\u00e0 trop tard pour l&rsquo;une d&rsquo;entre elles. En <a href=\"https:\/\/www.laprovence.com\/article\/sante\/3372127208415415\/video-arret-cardiaque-les-gestes-pour-sauver-une-vie\" target=\"_blank\" rel=\"noopener\">arr\u00eat cardiorespiratoire<\/a> \u00e0 l&rsquo;arriv\u00e9e des secours, un mineur de 17 ans a succomb\u00e9 \u00e0 ses blessures. Deux autres occupants du v\u00e9hicule ont \u00e9t\u00e9 bless\u00e9s par balles et transport\u00e9s \u00e0 l&rsquo;h\u00f4pital pour des blessures \u00e0 l&rsquo;\u0153il et aux mains.<\/p>\n<p>Les policiers qui ont pass\u00e9 une partie de la nuit \u00e0 ratisser le secteur auraient retrouv\u00e9 une vingtaine de douilles, notamment des \u00e9tuis de 7,62 autour de la sc\u00e8ne de crime. Un calibre qui indique l&rsquo;usage d&rsquo;une arme type kalachnikov et semble devoir diriger l&rsquo;enqu\u00eate qui a \u00e9t\u00e9 ouverte, vers le r\u00e8glement de comptes sur fond de trafic de stup\u00e9fiants.<\/p>\n","protected":false},"excerpt":{"rendered":"Une fusillade a fait 3 victimes dans les quartiers nord de Marseille hier soir. Un homme a \u00e9t\u00e9&hellip;\n","protected":false},"author":2,"featured_media":134040,"comment_status":"","ping_status":"","sticky":false,"template":"","format":"standard","meta":{"footnotes":""},"categories":[2],"tags":[17,11,4901,1446,4070,274,1011,27,3832,884,18,12,96],"class_list":{"0":"post-134039","1":"post","2":"type-post","3":"status-publish","4":"format-standard","5":"has-post-thumbnail","7":"category-actualites","8":"tag-17","9":"tag-actualites","10":"tag-blesses","11":"tag-dans","12":"tag-deux","13":"tag-faits-divers-justice","14":"tag-fr","15":"tag-france","16":"tag-fusillade","17":"tag-marseille","18":"tag-mort","19":"tag-news","20":"tag-une"},"share_on_mastodon":{"url":"https:\/\/pubeurope.com\/@fr\/114584904215024988","error":""},"_links":{"self":[{"href":"https:\/\/www.europesays.com\/fr\/wp-json\/wp\/v2\/posts\/134039","targetHints":{"allow":["GET"]}}],"collection":[{"href":"https:\/\/www.europesays.com\/fr\/wp-json\/wp\/v2\/posts"}],"about":[{"href":"https:\/\/www.europesays.com\/fr\/wp-json\/wp\/v2\/types\/post"}],"author":[{"embeddable":true,"href":"https:\/\/www.europesays.com\/fr\/wp-json\/wp\/v2\/users\/2"}],"replies":[{"embeddable":true,"href":"https:\/\/www.europesays.com\/fr\/wp-json\/wp\/v2\/comments?post=134039"}],"version-history":[{"count":0,"href":"https:\/\/www.europesays.com\/fr\/wp-json\/wp\/v2\/posts\/134039\/revisions"}],"wp:featuredmedia":[{"embeddable":true,"href":"https:\/\/www.europesays.com\/fr\/wp-json\/wp\/v2\/media\/134040"}],"wp:attachment":[{"href":"https:\/\/www.europesays.com\/fr\/wp-json\/wp\/v2\/media?parent=134039"}],"wp:term":[{"taxonomy":"category","embeddable":true,"href":"https:\/\/www.europesays.com\/fr\/wp-json\/wp\/v2\/categories?post=134039"},{"taxonomy":"post_tag","embeddable":true,"href":"https:\/\/www.europesays.com\/fr\/wp-json\/wp\/v2\/tags?post=134039"}],"curies":[{"name":"wp","href":"https:\/\/api.w.org\/{rel}","templated":true}]}}