{"id":134041,"date":"2025-05-28T10:07:10","date_gmt":"2025-05-28T10:07:10","guid":{"rendered":"https:\/\/www.europesays.com\/fr\/134041\/"},"modified":"2025-05-28T10:07:10","modified_gmt":"2025-05-28T10:07:10","slug":"loire-apres-une-annee-2024-complexe-boa-concept-repart-de-lavant","status":"publish","type":"post","link":"https:\/\/www.europesays.com\/fr\/134041\/","title":{"rendered":"Loire. Apr\u00e8s une ann\u00e9e 2024 complexe, Boa Concept repart de l\u2019avant"},"content":{"rendered":"<p>\u00ab\u00a0L\u2019ann\u00e9e 2024 avait tr\u00e8s mal d\u00e9marr\u00e9, dans la lign\u00e9e de 2023 o\u00f9 d\u00e9j\u00e0, nous avions subi une baisse de chiffre d\u2019affaires.\u00a0\u00bb<\/p>\n<p>Chantal Ledoux, cofondatrice de Boa Concept, replace le cadre des r\u00e9sultats annuels 2024 que la PME st\u00e9phanoise \u2013 cot\u00e9e \u00e0 la bourse de Paris et sp\u00e9cialiste des \u00e9quipements destin\u00e9s \u00e0 l\u2019intralogistique (convoyeurs modulaires, solutions de stockages automatis\u00e9es, etc.) \u2013 vient de pr\u00e9senter.<\/p>\n<p>Red\u00e9marrage<\/p>\n<p>Sur le premier semestre 2024, le chiffre d\u2019affaires avait ainsi difficilement plafonn\u00e9&#8230;<\/p>\n","protected":false},"excerpt":{"rendered":"\u00ab\u00a0L\u2019ann\u00e9e 2024 avait tr\u00e8s mal d\u00e9marr\u00e9, dans la lign\u00e9e de 2023 o\u00f9 d\u00e9j\u00e0, nous avions subi une baisse&hellip;\n","protected":false},"author":2,"featured_media":134042,"comment_status":"","ping_status":"","sticky":false,"template":"","format":"standard","meta":{"footnotes":""},"categories":[9653],"tags":[1111,11,2430,33,7539,1777,674,1011,27,693,3367,12,25,4001,7538],"class_list":{"0":"post-134041","1":"post","2":"type-post","3":"status-publish","4":"format-standard","5":"has-post-thumbnail","7":"category-saint-etienne","8":"tag-actu","9":"tag-actualites","10":"tag-auvergne-rhone-alpes","11":"tag-economie","12":"tag-edition-loire-sud","13":"tag-eu","14":"tag-europe","15":"tag-fr","16":"tag-france","17":"tag-industrie","18":"tag-loire","19":"tag-news","20":"tag-republique-francaise","21":"tag-saint-etienne","22":"tag-saint-etienne-ville"},"share_on_mastodon":{"url":"https:\/\/pubeurope.com\/@fr\/114584908237597907","error":""},"_links":{"self":[{"href":"https:\/\/www.europesays.com\/fr\/wp-json\/wp\/v2\/posts\/134041","targetHints":{"allow":["GET"]}}],"collection":[{"href":"https:\/\/www.europesays.com\/fr\/wp-json\/wp\/v2\/posts"}],"about":[{"href":"https:\/\/www.europesays.com\/fr\/wp-json\/wp\/v2\/types\/post"}],"author":[{"embeddable":true,"href":"https:\/\/www.europesays.com\/fr\/wp-json\/wp\/v2\/users\/2"}],"replies":[{"embeddable":true,"href":"https:\/\/www.europesays.com\/fr\/wp-json\/wp\/v2\/comments?post=134041"}],"version-history":[{"count":0,"href":"https:\/\/www.europesays.com\/fr\/wp-json\/wp\/v2\/posts\/134041\/revisions"}],"wp:featuredmedia":[{"embeddable":true,"href":"https:\/\/www.europesays.com\/fr\/wp-json\/wp\/v2\/media\/134042"}],"wp:attachment":[{"href":"https:\/\/www.europesays.com\/fr\/wp-json\/wp\/v2\/media?parent=134041"}],"wp:term":[{"taxonomy":"category","embeddable":true,"href":"https:\/\/www.europesays.com\/fr\/wp-json\/wp\/v2\/categories?post=134041"},{"taxonomy":"post_tag","embeddable":true,"href":"https:\/\/www.europesays.com\/fr\/wp-json\/wp\/v2\/tags?post=134041"}],"curies":[{"name":"wp","href":"https:\/\/api.w.org\/{rel}","templated":true}]}}