{"id":134043,"date":"2025-05-28T10:08:09","date_gmt":"2025-05-28T10:08:09","guid":{"rendered":"https:\/\/www.europesays.com\/fr\/134043\/"},"modified":"2025-05-28T10:08:09","modified_gmt":"2025-05-28T10:08:09","slug":"sans-casque-sur-un-scooter-il-est-interpelle-avec-184-g-dalcool","status":"publish","type":"post","link":"https:\/\/www.europesays.com\/fr\/134043\/","title":{"rendered":"sans casque sur un scooter, il est interpell\u00e9 avec 1,84\u00a0g d\u2019alcool"},"content":{"rendered":"<p>Ce dimanche 25\u00a0mai, il est environ 19 heures quand un \u00e9quipage de Police secours, en patrouille rue Fenelon dans le quartier de Montplaisir \u00e0 Saint-Etienne, rep\u00e8re un homme au guidon d\u2019un scooter sans casque. Les fonctionnaires signifient \u00e0 ce dernier de s\u2019arr\u00eater, mais il refuse d\u2019obtemp\u00e9rer et tente de prendre la fuite.<\/p>\n<p>Alors que les forces de l\u2019ordre essaient de le suivre, le pilote du deux-roues s\u2019engage dans une impasse et est finalement interpell\u00e9.<\/p>\n<p>  Le deux-roues n\u2019\u00e9tait pas assur\u00e9<\/p>\n<p>\u00c2g\u00e9 de 42 ans, il est contr\u00f4l\u00e9 positif au d\u00e9pistage d\u2019alcool\u00e9mie avec 1,84 gramme d\u2019alcool par litre de sang. En outre, les policiers vont d\u00e9couvrir qu\u2019il circule sans assurance pour son engin.<\/p>\n<p>Interpell\u00e9, le quadrag\u00e9naire a ensuite \u00e9t\u00e9 plac\u00e9 en garde \u00e0 vue. \u00c0 l\u2019issue, il s\u2019est vu notifier une convocation devant le tribunal correctionnel de Saint-Etienne au cours des prochaines semaines. Il devra notamment r\u00e9pondre d\u2019un refus d\u2019obtemp\u00e9rer, conduite sous l\u2019emprise de l\u2019alcool, d\u00e9faut d\u2019assurance et d\u00e9faut d\u2019\u00e9quipement de s\u00e9curit\u00e9.<\/p>\n","protected":false},"excerpt":{"rendered":"Ce dimanche 25\u00a0mai, il est environ 19 heures quand un \u00e9quipage de Police secours, en patrouille rue Fenelon&hellip;\n","protected":false},"author":2,"featured_media":134044,"comment_status":"","ping_status":"","sticky":false,"template":"","format":"standard","meta":{"footnotes":""},"categories":[9653],"tags":[1111,11,2430,271,272,7539,1777,674,274,1011,27,3367,12,25,4001,7538],"class_list":{"0":"post-134043","1":"post","2":"type-post","3":"status-publish","4":"format-standard","5":"has-post-thumbnail","7":"category-saint-etienne","8":"tag-actu","9":"tag-actualites","10":"tag-auvergne-rhone-alpes","11":"tag-crime","12":"tag-delit-et-contravention","13":"tag-edition-loire-sud","14":"tag-eu","15":"tag-europe","16":"tag-faits-divers-justice","17":"tag-fr","18":"tag-france","19":"tag-loire","20":"tag-news","21":"tag-republique-francaise","22":"tag-saint-etienne","23":"tag-saint-etienne-ville"},"share_on_mastodon":{"url":"https:\/\/pubeurope.com\/@fr\/114584912140448162","error":""},"_links":{"self":[{"href":"https:\/\/www.europesays.com\/fr\/wp-json\/wp\/v2\/posts\/134043","targetHints":{"allow":["GET"]}}],"collection":[{"href":"https:\/\/www.europesays.com\/fr\/wp-json\/wp\/v2\/posts"}],"about":[{"href":"https:\/\/www.europesays.com\/fr\/wp-json\/wp\/v2\/types\/post"}],"author":[{"embeddable":true,"href":"https:\/\/www.europesays.com\/fr\/wp-json\/wp\/v2\/users\/2"}],"replies":[{"embeddable":true,"href":"https:\/\/www.europesays.com\/fr\/wp-json\/wp\/v2\/comments?post=134043"}],"version-history":[{"count":0,"href":"https:\/\/www.europesays.com\/fr\/wp-json\/wp\/v2\/posts\/134043\/revisions"}],"wp:featuredmedia":[{"embeddable":true,"href":"https:\/\/www.europesays.com\/fr\/wp-json\/wp\/v2\/media\/134044"}],"wp:attachment":[{"href":"https:\/\/www.europesays.com\/fr\/wp-json\/wp\/v2\/media?parent=134043"}],"wp:term":[{"taxonomy":"category","embeddable":true,"href":"https:\/\/www.europesays.com\/fr\/wp-json\/wp\/v2\/categories?post=134043"},{"taxonomy":"post_tag","embeddable":true,"href":"https:\/\/www.europesays.com\/fr\/wp-json\/wp\/v2\/tags?post=134043"}],"curies":[{"name":"wp","href":"https:\/\/api.w.org\/{rel}","templated":true}]}}