{"id":134045,"date":"2025-05-28T10:09:09","date_gmt":"2025-05-28T10:09:09","guid":{"rendered":"https:\/\/www.europesays.com\/fr\/134045\/"},"modified":"2025-05-28T10:09:09","modified_gmt":"2025-05-28T10:09:09","slug":"renaissance-le-parti-demmanuel-macron-a-choisi-son-chef-de-file-pour-nancy","status":"publish","type":"post","link":"https:\/\/www.europesays.com\/fr\/134045\/","title":{"rendered":"Renaissance, le parti d&rsquo;Emmanuel Macron, a choisi son chef de file pour Nancy"},"content":{"rendered":"<p>            Par<br \/>\n        <strong><br \/>\n            <a href=\"https:\/\/actu.fr\/auteur\/amandine-mehl\" title=\"Consulter tous les articles de Amandine Mehl\" target=\"_blank\" rel=\"noopener\">Amandine Mehl<\/a><br \/>\n        <\/strong><\/p>\n<p>        Publi\u00e9 le<\/p>\n<p>            28 mai 2025 \u00e0 11h41        <\/p>\n<p>Via un communiqu\u00e9 de presse, le parti politique <a href=\"https:\/\/actu.fr\/tag\/renaissance-ex-lrem\" target=\"_blank\" rel=\"noopener\">Renaissance<\/a>, fond\u00e9 par le pr\u00e9sident de la R\u00e9publique <strong>Emmanuel Macron<\/strong>, a d\u00e9voil\u00e9 \u00ab<strong>\u200913 nouveaux pilotes<\/strong>\u2009\u00bb pour les <a href=\"https:\/\/actu.fr\/politique\/elections-municipales\" target=\"_blank\" rel=\"noopener\">\u00e9lections municipales<\/a> de 2026, ce mercredi 28\u00a0mai.<\/p>\n<p class=\" wall-content\">\u00c0 Nancy, c\u2019est <strong>Emmanuel Lacresse<\/strong> qui a \u00e9t\u00e9 d\u00e9sign\u00e9 pour \u00ab\u2009porter la dynamique\u2009\u00bb du parti.<\/p>\n<p>Emmanuel Lacresse portera \u00ab\u2009la dynamique\u2009\u00bb Renaissance \u00e0 Nancy<\/p>\n<p class=\" wall-content\">\u00c2g\u00e9 de 53\u00a0ans, Emmanuel Lacresse a donc d\u00e9sormais pour <strong>mission<\/strong> \u00ab\u2009d\u2019animer la pr\u00e9-campagne locale et de pr\u00e9parer les conditions du rassemblement\u2009\u00bb.<\/p>\n<p class=\" wall-content\">Pr\u00e9sident de la <strong>f\u00e9d\u00e9ration d\u00e9partementale<\/strong> de Renaissance, le quinquag\u00e9naire a offici\u00e9 en tant que <strong>d\u00e9put\u00e9<\/strong> dans la deuxi\u00e8me circonscription de Meurthe-et-Moselle de 2022 \u00e0 2024. Candidat \u00e0 sa r\u00e9\u00e9lection lors des <strong>l\u00e9gislatives de 2024<\/strong>, \u00e0 la suite de la <a href=\"https:\/\/actu.fr\/politique\/europeennes-2024-emmanuel-macron-annonce-le-dissolution-de-l-assemblee-nationale_61180634.html\" target=\"_blank\" rel=\"noopener\">dissolution de l\u2019Assembl\u00e9e nationale<\/a> d\u00e9cid\u00e9e par le pr\u00e9sident, il a \u00e9t\u00e9 <strong>battu<\/strong> par <a href=\"https:\/\/actu.fr\/grand-est\/vandoeuvre-les-nancy_54547\/stephane-hablot-maire-de-vandoeuvre-les-nancy-elu-depute-voici-qui-va-le-remplacer_61336042.html\" target=\"_blank\" rel=\"noopener\">St\u00e9phane Hablot<\/a>.<\/p>\n<p class=\" wall-content\">Suivez toute l\u2019actualit\u00e9 de vos villes et m\u00e9dias favoris en vous inscrivant \u00e0 <a href=\"https:\/\/moncompte.actu.fr\" title=\"D\u00e9couvez Mon Actu\" rel=\"nofollow noopener\" data-trk=\"{&quot;cta&quot;:{&quot;action&quot;:&quot;https:\\\/\\\/moncompte.actu.fr&quot;,&quot;category&quot;:&quot;mon compte&quot;,&quot;from&quot;:&quot;article footer&quot;,&quot;name&quot;:&quot;Mon actu&quot;,&quot;type&quot;:&quot;cta&quot;}}\" target=\"_blank\">Mon Actu<\/a>.<\/p>\n<ul class=\"ac-article-tag wall-content\">\n<li><a href=\"https:\/\/actu.fr\/tag\/municipales-2026\" data-trk=\"{&quot;cta&quot;:{&quot;action&quot;:&quot;Municipales 2026&quot;,&quot;category&quot;:&quot;tag&quot;,&quot;from&quot;:&quot;article footer&quot;,&quot;name&quot;:&quot;Municipales 2026&quot;,&quot;type&quot;:&quot;cta&quot;}}\" target=\"_blank\" rel=\"noopener\">#Municipales 2026<\/a><\/li>\n<li><a href=\"https:\/\/actu.fr\/tag\/renaissance-ex-lrem\" data-trk=\"{&quot;cta&quot;:{&quot;action&quot;:&quot;Renaissance (ex-LREM)&quot;,&quot;category&quot;:&quot;tag&quot;,&quot;from&quot;:&quot;article footer&quot;,&quot;name&quot;:&quot;Renaissance (ex-LREM)&quot;,&quot;type&quot;:&quot;cta&quot;}}\" target=\"_blank\" rel=\"noopener\">#Renaissance (ex-LREM)<\/a><\/li>\n<\/ul>\n","protected":false},"excerpt":{"rendered":"Par Amandine Mehl Publi\u00e9 le 28 mai 2025 \u00e0 11h41 Via un communiqu\u00e9 de presse, le parti politique&hellip;\n","protected":false},"author":2,"featured_media":134046,"comment_status":"","ping_status":"","sticky":false,"template":"","format":"standard","meta":{"footnotes":""},"categories":[9635],"tags":[1111,11,4188,1777,674,1011,27,775,3434,1702,12,316,12415,25],"class_list":{"0":"post-134045","1":"post","2":"type-post","3":"status-publish","4":"format-standard","5":"has-post-thumbnail","7":"category-nancy","8":"tag-actu","9":"tag-actualites","10":"tag-elections-municipales","11":"tag-eu","12":"tag-europe","13":"tag-fr","14":"tag-france","15":"tag-grand-est","16":"tag-municipales-2026","17":"tag-nancy","18":"tag-news","19":"tag-politique","20":"tag-renaissance-ex-lrem","21":"tag-republique-francaise"},"share_on_mastodon":{"url":"https:\/\/pubeurope.com\/@fr\/114584916139740376","error":""},"_links":{"self":[{"href":"https:\/\/www.europesays.com\/fr\/wp-json\/wp\/v2\/posts\/134045","targetHints":{"allow":["GET"]}}],"collection":[{"href":"https:\/\/www.europesays.com\/fr\/wp-json\/wp\/v2\/posts"}],"about":[{"href":"https:\/\/www.europesays.com\/fr\/wp-json\/wp\/v2\/types\/post"}],"author":[{"embeddable":true,"href":"https:\/\/www.europesays.com\/fr\/wp-json\/wp\/v2\/users\/2"}],"replies":[{"embeddable":true,"href":"https:\/\/www.europesays.com\/fr\/wp-json\/wp\/v2\/comments?post=134045"}],"version-history":[{"count":0,"href":"https:\/\/www.europesays.com\/fr\/wp-json\/wp\/v2\/posts\/134045\/revisions"}],"wp:featuredmedia":[{"embeddable":true,"href":"https:\/\/www.europesays.com\/fr\/wp-json\/wp\/v2\/media\/134046"}],"wp:attachment":[{"href":"https:\/\/www.europesays.com\/fr\/wp-json\/wp\/v2\/media?parent=134045"}],"wp:term":[{"taxonomy":"category","embeddable":true,"href":"https:\/\/www.europesays.com\/fr\/wp-json\/wp\/v2\/categories?post=134045"},{"taxonomy":"post_tag","embeddable":true,"href":"https:\/\/www.europesays.com\/fr\/wp-json\/wp\/v2\/tags?post=134045"}],"curies":[{"name":"wp","href":"https:\/\/api.w.org\/{rel}","templated":true}]}}