{"id":134049,"date":"2025-05-28T10:11:09","date_gmt":"2025-05-28T10:11:09","guid":{"rendered":"https:\/\/www.europesays.com\/fr\/134049\/"},"modified":"2025-05-28T10:11:09","modified_gmt":"2025-05-28T10:11:09","slug":"ce-sera-un-lieu-de-culture-vivant-voici-le-nom-du-futur-theatre-de-la-garde","status":"publish","type":"post","link":"https:\/\/www.europesays.com\/fr\/134049\/","title":{"rendered":"\u00ab\u00a0Ce sera un lieu de culture vivant\u00a0\u00bb: voici le nom du futur th\u00e9\u00e2tre de La Garde"},"content":{"rendered":"<p>Ce n\u2019est pas encore une inauguration mais \u00e7a y ressemble. Ce mardi en fin de journ\u00e9e, la municipalit\u00e9 a d\u00e9voil\u00e9 aux Gard\u00e9ens \u00e0 quoi va ressembler leur futur th\u00e9\u00e2tre. Situ\u00e9 juste en face de la m\u00e9diath\u00e8que Louis-Aragon, il est en chantier depuis fin 2023. Et la fin des travaux, c\u2019est pour bient\u00f4t puisque les premiers spectacles y seront programm\u00e9s au mois de novembre.<\/p>\n<p>Ce nouvel \u00e9tablissement culturel se veut un parfait compl\u00e9ment au th\u00e9\u00e2tre du Rocher voisin. Il permettra notamment d\u2019accueillir des spectacles de plus grande envergure. Et pour cause, le b\u00e2timent mesure plus de 1.200m2 et offre une capacit\u00e9 d\u2019accueil de 350 places.<\/p>\n<p>L\u2019id\u00e9e est d\u2019y proposer toutes les disciplines artistiques ou presque: th\u00e9\u00e2tre bien s\u00fbr, mais aussi danse, musique et m\u00eame cirque. \u00ab\u00a0Ce sera un lieu de culture vivant, vibrant, pluriel et accessible \u00e0 tous\u00a0\u00bb, a annonc\u00e9 la maire H\u00e9l\u00e8ne Bill.<\/p>\n<p><strong>\u00ab\u00a0Un port d\u2019attache\u00a0\u00bb<\/strong><\/p>\n<p>Devant ses concitoyens, elle a aussi r\u00e9v\u00e9l\u00e9 le futur nom de l\u2019\u00e9tablissement. \u00ab\u00a0Nous avons choisi de l\u2019appeler L\u2019Escale. Nous pensons ce lieu comme un port d\u2019attache pour la culture, une halte pour que les talents accostent\u00a0\u00bb, explique la maire H\u00e9l\u00e8ne Bill, qui n\u2019a pas h\u00e9sit\u00e9 \u00e0 filer la m\u00e9taphore pour l\u2019occasion.<\/p>\n<p>\u00ab\u00a0Il s\u2019agit d\u2019un nom simple, \u00e9vocateur, universel qui invite tant au voyage qu\u2019\u00e0 la d\u00e9couverte, poursuit-elle. Nous avons beaucoup r\u00e9fl\u00e9chi avant de s\u2019arr\u00eater dessus. Il a \u00e9t\u00e9 difficile de faire consensus. Mais au final, cela sonne comme une \u00e9vidence.\u00a0\u00bb Avant de pr\u00e9ciser que le choix sera d\u00e9finitivement ent\u00e9rin\u00e9 lors du prochain conseil municipal.<\/p>\n<p><strong>\u00ab\u00a0Un acte manqu\u00e9 pour la d\u00e9mocratie locale\u00a0\u00bb<\/strong><\/p>\n<p>Une intervention qui n\u2019a pas suffi \u00e0 faire retomber l\u2019agacement de l\u2019opposition Unis pour La Garde. Pour sa cheffe de file, Julia Peironet Bremond, la municipalit\u00e9 fait les choses \u00e0 l\u2019envers.<\/p>\n<p>\u00ab\u00a0Le nom d\u2019un b\u00e2timent municipal doit \u00eatre vot\u00e9 en conseil. C\u2019est ce qu\u2019impose la loi. C\u2019est encore un acte manqu\u00e9 pour la d\u00e9mocratie locale.\u00a0\u00bb Avant d\u2019ironiser sur le choix du nom \u00ab\u00a0qui \u00e9voque davantage un bar-tabac de zone portuaire ou une aire d\u2019autoroute qu\u2019un lieu culturel ambitieux.\u00a0\u00bb<\/p>\n<p><strong>Premi\u00e8res dates d\u00e9voil\u00e9es<\/strong><\/p>\n<p>Le tout premier spectacle de L\u2019Escale se tiendra les 21 et 22 novembre. Il s\u2019agit des Virtuoses en pleine temp\u00eate, du th\u00e9\u00e2tre musical cr\u00e9\u00e9 par les fr\u00e8res Cadez.<\/p>\n<p>Parmi les autres annonces faites, on peut aussi retenir Le Monde de Peter Pan, une com\u00e9die musicale \u00e0 d\u00e9couvrir en famille (le 7 d\u00e9cembre) ou encore le ballet Carmen revisit\u00e9 par le chor\u00e9graphe Julien Lestel (6 mars).<\/p>\n<p>\u00c0 noter \u00e9galement la venue de grands noms de la musique \u00e0 l\u2019instar de Roberto Alagna (21 f\u00e9vrier) ou encore Andr\u00e9 Manoukian (16 janvier).<\/p>\n<p>Enfin, c\u00f4t\u00e9 th\u00e9\u00e2tre, Anne Parillaud viendra jouer Je ne serais pas arriv\u00e9e l\u00e0 si&#8230; le 9 avril.<\/p>\n","protected":false},"excerpt":{"rendered":"Ce n\u2019est pas encore une inauguration mais \u00e7a y ressemble. Ce mardi en fin de journ\u00e9e, la municipalit\u00e9&hellip;\n","protected":false},"author":2,"featured_media":134050,"comment_status":"","ping_status":"","sticky":false,"template":"","format":"standard","meta":{"footnotes":""},"categories":[9619],"tags":[1111,11,251,1777,674,1011,27,12,882,25,1347,2310],"class_list":{"0":"post-134049","1":"post","2":"type-post","3":"status-publish","4":"format-standard","5":"has-post-thumbnail","7":"category-toulon","8":"tag-actu","9":"tag-actualites","10":"tag-culture","11":"tag-eu","12":"tag-europe","13":"tag-fr","14":"tag-france","15":"tag-news","16":"tag-provence-alpes-cote-dazur","17":"tag-republique-francaise","18":"tag-theatre","19":"tag-toulon"},"share_on_mastodon":{"url":"https:\/\/pubeurope.com\/@fr\/114584923854275157","error":""},"_links":{"self":[{"href":"https:\/\/www.europesays.com\/fr\/wp-json\/wp\/v2\/posts\/134049","targetHints":{"allow":["GET"]}}],"collection":[{"href":"https:\/\/www.europesays.com\/fr\/wp-json\/wp\/v2\/posts"}],"about":[{"href":"https:\/\/www.europesays.com\/fr\/wp-json\/wp\/v2\/types\/post"}],"author":[{"embeddable":true,"href":"https:\/\/www.europesays.com\/fr\/wp-json\/wp\/v2\/users\/2"}],"replies":[{"embeddable":true,"href":"https:\/\/www.europesays.com\/fr\/wp-json\/wp\/v2\/comments?post=134049"}],"version-history":[{"count":0,"href":"https:\/\/www.europesays.com\/fr\/wp-json\/wp\/v2\/posts\/134049\/revisions"}],"wp:featuredmedia":[{"embeddable":true,"href":"https:\/\/www.europesays.com\/fr\/wp-json\/wp\/v2\/media\/134050"}],"wp:attachment":[{"href":"https:\/\/www.europesays.com\/fr\/wp-json\/wp\/v2\/media?parent=134049"}],"wp:term":[{"taxonomy":"category","embeddable":true,"href":"https:\/\/www.europesays.com\/fr\/wp-json\/wp\/v2\/categories?post=134049"},{"taxonomy":"post_tag","embeddable":true,"href":"https:\/\/www.europesays.com\/fr\/wp-json\/wp\/v2\/tags?post=134049"}],"curies":[{"name":"wp","href":"https:\/\/api.w.org\/{rel}","templated":true}]}}