{"id":134051,"date":"2025-05-28T10:12:09","date_gmt":"2025-05-28T10:12:09","guid":{"rendered":"https:\/\/www.europesays.com\/fr\/134051\/"},"modified":"2025-05-28T10:12:09","modified_gmt":"2025-05-28T10:12:09","slug":"le-becasseau-nouveau-remorqueur-destine-a-toulon-a-ete-mis-a-leau-a-brest","status":"publish","type":"post","link":"https:\/\/www.europesays.com\/fr\/134051\/","title":{"rendered":"Le B\u00e9casseau, nouveau remorqueur destin\u00e9 \u00e0 Toulon, a \u00e9t\u00e9 mis \u00e0 l\u2019eau \u00e0 Brest"},"content":{"rendered":"<p>Le B\u00e9casseau, nouveau remorqueur-pousseur de la s\u00e9rie des RP 10 construits pour la Marine nationale, a \u00e9t\u00e9 mis \u00e0 l\u2019eau le mardi 27\u00a0mai 2025, au quai des conteneurs du port de commerce de Brest. Il a \u00e9t\u00e9 construit en partie dans les ateliers de la soci\u00e9t\u00e9 Merr\u00e9 \u00e0 Nort-sur-Erdre (Loire-Atlantique), et termin\u00e9 \u00e0 la Chaudronnerie industrielle de Bretagne, \u00e0 Brest. Les deux soci\u00e9t\u00e9s font partie du m\u00eame groupe, BMA. Le nouveau navire, destin\u00e9 \u00e0 la base navale de Toulon, a ensuite \u00e9t\u00e9 remorqu\u00e9 par les lamaneurs au deuxi\u00e8me bassin du port de commerce, d\u2019o\u00f9 il va effectuer ses essais avant d\u2019\u00eatre transf\u00e9r\u00e9 dans le port du Var. Le B\u00e9casseau fait partie d\u2019une s\u00e9rie de 29\u00a0unit\u00e9s command\u00e9es en 2016.<\/p>\n","protected":false},"excerpt":{"rendered":"Le B\u00e9casseau, nouveau remorqueur-pousseur de la s\u00e9rie des RP 10 construits pour la Marine nationale, a \u00e9t\u00e9 mis&hellip;\n","protected":false},"author":2,"featured_media":134052,"comment_status":"","ping_status":"","sticky":false,"template":"","format":"standard","meta":{"footnotes":""},"categories":[9619],"tags":[1111,11,3450,25999,1777,674,1011,27,12,882,25,2310],"class_list":{"0":"post-134051","1":"post","2":"type-post","3":"status-publish","4":"format-standard","5":"has-post-thumbnail","7":"category-toulon","8":"tag-actu","9":"tag-actualites","10":"tag-brest","11":"tag-brest-port-de-commerce","12":"tag-eu","13":"tag-europe","14":"tag-fr","15":"tag-france","16":"tag-news","17":"tag-provence-alpes-cote-dazur","18":"tag-republique-francaise","19":"tag-toulon"},"share_on_mastodon":{"url":"https:\/\/pubeurope.com\/@fr\/114584927881702369","error":""},"_links":{"self":[{"href":"https:\/\/www.europesays.com\/fr\/wp-json\/wp\/v2\/posts\/134051","targetHints":{"allow":["GET"]}}],"collection":[{"href":"https:\/\/www.europesays.com\/fr\/wp-json\/wp\/v2\/posts"}],"about":[{"href":"https:\/\/www.europesays.com\/fr\/wp-json\/wp\/v2\/types\/post"}],"author":[{"embeddable":true,"href":"https:\/\/www.europesays.com\/fr\/wp-json\/wp\/v2\/users\/2"}],"replies":[{"embeddable":true,"href":"https:\/\/www.europesays.com\/fr\/wp-json\/wp\/v2\/comments?post=134051"}],"version-history":[{"count":0,"href":"https:\/\/www.europesays.com\/fr\/wp-json\/wp\/v2\/posts\/134051\/revisions"}],"wp:featuredmedia":[{"embeddable":true,"href":"https:\/\/www.europesays.com\/fr\/wp-json\/wp\/v2\/media\/134052"}],"wp:attachment":[{"href":"https:\/\/www.europesays.com\/fr\/wp-json\/wp\/v2\/media?parent=134051"}],"wp:term":[{"taxonomy":"category","embeddable":true,"href":"https:\/\/www.europesays.com\/fr\/wp-json\/wp\/v2\/categories?post=134051"},{"taxonomy":"post_tag","embeddable":true,"href":"https:\/\/www.europesays.com\/fr\/wp-json\/wp\/v2\/tags?post=134051"}],"curies":[{"name":"wp","href":"https:\/\/api.w.org\/{rel}","templated":true}]}}