{"id":134055,"date":"2025-05-28T10:14:09","date_gmt":"2025-05-28T10:14:09","guid":{"rendered":"https:\/\/www.europesays.com\/fr\/134055\/"},"modified":"2025-05-28T10:14:09","modified_gmt":"2025-05-28T10:14:09","slug":"not-today-festival-une-bulle-electronique-et-inclusive-a-montpellier","status":"publish","type":"post","link":"https:\/\/www.europesays.com\/fr\/134055\/","title":{"rendered":"Not Today Festival, une bulle \u00e9lectronique et inclusive \u00e0 Montpellier"},"content":{"rendered":"<p>Du <strong>5 au 7 septembre 2025<\/strong>, le festival <strong>Not Today<\/strong> arrive au Parc <strong>Grammont<\/strong>, site embl\u00e9matique de Montpellier, pour offrir une parenth\u00e8se de f\u00eate et de musique avant l\u2019arriv\u00e9e de l\u2019automne. Avec <strong>4000 festivaliers attendus chaque jour<\/strong>, l\u2019\u00e9v\u00e9nement s\u2019affirme comme l\u2019un des nouveaux temps forts de la rentr\u00e9e musicale !<\/p>\n<p>Trois sc\u00e8nes distinctes animeront le week-end : <strong>Live, Locale et \u00c9lectronique<\/strong>. Cette derni\u00e8re concentre une large part de l\u2019identit\u00e9 du festival, avec une <strong>programmation \u00e9lectro affirm\u00e9e<\/strong>, entre Techno et sets avant-gardistes. On y retrouve des artistes et collectifs tels que <strong>Omaks<\/strong>, <strong>Kiddy Smile<\/strong>, <strong>Len Faki<\/strong>, <strong>Sko\u0308ne<\/strong>, <strong>Gar\u00e7on Sauvage<\/strong>, <strong>Montpellier Techno<\/strong>. Le dimanche, drag shows, performances artistiques et <strong>musique \u00e9lectronique lib\u00e9r\u00e9e et festive<\/strong> rythmeront ce closing engag\u00e9, festif et radicalement inclusif. Et pour les plus courageux : des afters sont pr\u00e9vus chaque soir !<\/p>\n<p>Plus largement, <strong>Not Today<\/strong> propose une exp\u00e9rience sensorielle compl\u00e8te. Le public pourra se d\u00e9tendre dans une <strong>zone chill<\/strong> et d\u00e9couvrir des <strong>expositions d\u2019artistes locaux<\/strong>. C\u00f4t\u00e9 restauration, vous pourrez go\u00fbter aux plats d\u2019une <strong>dizaine de food trucks<\/strong> et profiter d\u2019un <strong>bar artisanal<\/strong>. Le tout dans une sc\u00e9nographie pens\u00e9e pour valoriser les <strong>productions locales<\/strong> et une d\u00e9marche \u00e9coresponsable assum\u00e9e.<\/p>\n<p>Accessibilit\u00e9, convivialit\u00e9 et engagement culturel guident chaque d\u00e9tail de l\u2019\u00e9v\u00e9nement. Des <strong>navettes gratuites<\/strong>, des <strong>chemins pi\u00e9tons balis\u00e9s<\/strong>, un <strong>partenariat avec la TAM<\/strong> et un <strong>dernier tramway \u00e0 2h du matin<\/strong> garantiront un acc\u00e8s simple et responsable. Le Not Today, c\u2019est bien plus qu\u2019un festival : c\u2019est une <strong>exp\u00e9rience \u00e9lectro plurielle<\/strong>, un manifeste artistique \u00e0 ciel ouvert, et un dernier souffle estival o\u00f9 musique et libert\u00e9 dansent ensemble. <a href=\"https:\/\/nottodayfestival.fr\/billetterie\/?fbclid=PAZXh0bgNhZW0CMTEAAacR1u_SA6Jb27g2BeYqgto3geRKQuWkgvqUQJ26tVo6J9cd_j8X4eq5DgdKbg_aem_dMLAWPA6DQogGHa2E3eH2A\" target=\"_blank\" rel=\"noreferrer noopener\">Alors ne tardez plus \u00e0 r\u00e9server vos billets !<\/a><\/p>\n","protected":false},"excerpt":{"rendered":"Du 5 au 7 septembre 2025, le festival Not Today arrive au Parc Grammont, site embl\u00e9matique de Montpellier,&hellip;\n","protected":false},"author":2,"featured_media":134056,"comment_status":"","ping_status":"","sticky":false,"template":"","format":"standard","meta":{"footnotes":""},"categories":[9599],"tags":[1111,11,1777,674,1011,27,2208,12,26000,2680,25,10235],"class_list":{"0":"post-134055","1":"post","2":"type-post","3":"status-publish","4":"format-standard","5":"has-post-thumbnail","7":"category-montpellier","8":"tag-actu","9":"tag-actualites","10":"tag-eu","11":"tag-europe","12":"tag-fr","13":"tag-france","14":"tag-montpellier","15":"tag-news","16":"tag-not-today-festival","17":"tag-occitanie","18":"tag-republique-francaise","19":"tag-techno"},"share_on_mastodon":{"url":"https:\/\/pubeurope.com\/@fr\/114584935695220534","error":""},"_links":{"self":[{"href":"https:\/\/www.europesays.com\/fr\/wp-json\/wp\/v2\/posts\/134055","targetHints":{"allow":["GET"]}}],"collection":[{"href":"https:\/\/www.europesays.com\/fr\/wp-json\/wp\/v2\/posts"}],"about":[{"href":"https:\/\/www.europesays.com\/fr\/wp-json\/wp\/v2\/types\/post"}],"author":[{"embeddable":true,"href":"https:\/\/www.europesays.com\/fr\/wp-json\/wp\/v2\/users\/2"}],"replies":[{"embeddable":true,"href":"https:\/\/www.europesays.com\/fr\/wp-json\/wp\/v2\/comments?post=134055"}],"version-history":[{"count":0,"href":"https:\/\/www.europesays.com\/fr\/wp-json\/wp\/v2\/posts\/134055\/revisions"}],"wp:featuredmedia":[{"embeddable":true,"href":"https:\/\/www.europesays.com\/fr\/wp-json\/wp\/v2\/media\/134056"}],"wp:attachment":[{"href":"https:\/\/www.europesays.com\/fr\/wp-json\/wp\/v2\/media?parent=134055"}],"wp:term":[{"taxonomy":"category","embeddable":true,"href":"https:\/\/www.europesays.com\/fr\/wp-json\/wp\/v2\/categories?post=134055"},{"taxonomy":"post_tag","embeddable":true,"href":"https:\/\/www.europesays.com\/fr\/wp-json\/wp\/v2\/tags?post=134055"}],"curies":[{"name":"wp","href":"https:\/\/api.w.org\/{rel}","templated":true}]}}