{"id":134058,"date":"2025-05-28T10:16:23","date_gmt":"2025-05-28T10:16:23","guid":{"rendered":"https:\/\/www.europesays.com\/fr\/134058\/"},"modified":"2025-05-28T10:16:23","modified_gmt":"2025-05-28T10:16:23","slug":"dncg-les-decisions-pour-dijon-quevilly-rouen-et-concarneau-connues","status":"publish","type":"post","link":"https:\/\/www.europesays.com\/fr\/134058\/","title":{"rendered":"DNCG. Les d\u00e9cisions pour Dijon, Quevilly Rouen et Concarneau connues"},"content":{"rendered":"<p><img loading=\"lazy\" decoding=\"async\" width=\"696\" height=\"464\" class=\"lazyload entry-thumb\" src=\"https:\/\/www.europesays.com\/fr\/wp-content\/uploads\/2025\/05\/National-J27-Concarneau-Sochaux-1-696x464.jpg\" alt=\"National J27 Concarneau - Sochaux (Photo Philippe Le Brech)\" title=\"National J27 Concarneau - Sochaux 1\"\/>National J27 Concarneau &#8211; Sochaux (Photo Philippe Le Brech)<\/p>\n<p style=\"font-size:20px\"><strong>Dijon, Quevilly Rouen et Concarneau sont pass\u00e9s devant la DNCG professionnelle ce mardi 27 mai 2025. Si aucune mesure n\u2019a \u00e9t\u00e9 prise \u00e0 l\u2019\u00e9gard des deux premiers, les Thoniers voient leur masse salariale et leurs indemnit\u00e9s de mutations \u00eatre encadr\u00e9es.<\/strong><\/p>\n<p>Le Comit\u00e9 Ex\u00e9cutif de la FFF devra encore confirmer le statut professionnel des trois clubs qui \u00e9voluent en National mais c\u2019est en g\u00e9n\u00e9ral une formalit\u00e9.<\/p>\n<p>Le communiqu\u00e9 de la DNCG<\/p>\n<p>Dans le cadre de l\u2019examen de la situation des clubs au titre de la saison sportive 2025-2026, la\u00a0Commission de Contr\u00f4le des Clubs Professionnels a pris les d\u00e9cisions suivantes en application de l\u2019article 11 du R\u00e8glement de la D.N.C.G. :<br \/>\u00a0<\/p>\n<p><strong>LIGUE 1<\/strong><\/p>\n<p>A.J. AUXERRE, PARIS SAINT-GERMAIN<\/p>\n<p>\u2014\u2014\u2014\u2014\u2014\u2014\u2014\u2014\u2014\u2014\u2014\u2014\u2014\u2014\u2014\u2014\u2014\u2014\u2014\u2014\u2014\u2014\u2014<br \/>Aucune mesure prise \u00e0 l\u2019\u00e9gard du club par la DNCG<\/p>\n<p><strong>LIGUE 2 BKT<\/strong><\/p>\n<p>AMIENS S.C., E.S.TROYES A.C., <a href=\"https:\/\/www.grenoblefoot.info\/\" target=\"_blank\" rel=\"noreferrer noopener\">GRENOBLE FOOT 38<\/a>, RED STAR F.C.<\/p>\n<p>\u2014\u2014\u2014\u2014\u2014\u2014\u2014\u2014\u2014\u2014\u2014\u2014\u2014\u2014\u2014\u2014\u2014\u2014\u2014\u2014\u2014\u2014\u2014<\/p>\n<p>Aucune mesure prise \u00e0 l\u2019\u00e9gard du club par la DNCG<\/p>\n<p><strong>NATIONAL 1<\/strong><\/p>\n<p>DIJON F.C.O., U.S. <a href=\"https:\/\/footamateur.ouest-france.fr\/tag\/quevilly-rouen-metropole\/\" target=\"_blank\" rel=\"noopener\">QUEVILLY ROUEN METROPOLE<\/a><\/p>\n<p>\u2014\u2014\u2014\u2014\u2014\u2014\u2014\u2014\u2014\u2014\u2014\u2014\u2014\u2014\u2014\u2014\u2014\u2014\u2014\u2014\u2014\u2014\u2014\u2014\u2013<\/p>\n<p>Aucune mesure prise \u00e0 l\u2019\u00e9gard du club par la DNCG sous r\u00e9serve de confirmation du maintien du statut professionnel par d\u00e9cision du Comit\u00e9 Ex\u00e9cutif de la FFF<br \/>\u00a0<\/p>\n<p>U.S. CONCARNEAU<\/p>\n<p>\u2014\u2014\u2014\u2014\u2014\u2014\u2014\u2014\u2014\u2014\u2014\u2014\u2014\u2014\u2014\u2014\u2014\u2014\u2014\u2014\u2014\u2014\u2014\u2014\u2013<\/p>\n<p>Encadrement de la masse salariale et des indemnit\u00e9s de mutations sous r\u00e9serve de confirmation du maintien du statut professionnel par d\u00e9cision du Comit\u00e9 Ex\u00e9cutif de la FFF<\/p>\n<p>******<\/p>\n<p>Le pr\u00e9sent relev\u00e9 permet de prendre connaissance des d\u00e9cisions de la Commission de Contr\u00f4le des Clubs Professionnels qui sont donn\u00e9es pour information ; il ne remplace pas la d\u00e9cision int\u00e9grale motiv\u00e9e qui est notifi\u00e9e aux clubs.<\/p>\n<p><a href=\"https:\/\/footamateur.ouest-france.fr\/author\/fred\/\" class=\"url\" title=\"Fr\u00e9d\u00e9ric Sougey\" target=\"_blank\" rel=\"noopener\"> <img decoding=\"async\" src=\"https:\/\/www.europesays.com\/fr\/wp-content\/uploads\/2025\/04\/gnlpcfya_400x400.jpg\" class=\"lazyload photo\" width=\"250\" alt=\"Fr\u00e9d\u00e9ric Sougey\"\/><\/a><\/p>\n<p>Journaliste chez Sports M\u00e9dia<\/p>\n<p>Elev\u00e9 au c\u0153ur des Alpes, Fred quitte (temporairement) son Grenoble ador\u00e9 pour pr\u00eater sa plume et son regard au monde amateur et plus particuli\u00e8rement au Championnat National dont il est un assidu observateur. Fan de tartiflette, de Karim Mokeddem et de Mulholland Drive. Les bonnes choses de la vie, en somme.<\/p>\n<p><a href=\"https:\/\/footamateur.ouest-france.fr\/author\/fred\/\" class=\"url\" title=\"Fr\u00e9d\u00e9ric Sougey\" target=\"_blank\" rel=\"noopener\"><img decoding=\"async\" src=\"https:\/\/www.europesays.com\/fr\/wp-content\/uploads\/2025\/04\/gnlpcfya_400x400.jpg\" class=\"lazyload photo\" width=\"250\" alt=\"Fr\u00e9d\u00e9ric Sougey\"\/><\/a>Les derniers articles par Fr\u00e9d\u00e9ric Sougey (<a href=\"https:\/\/footamateur.ouest-france.fr\/author\/fred\/\" target=\"_blank\" rel=\"noopener\">tout voir<\/a>)<\/p>\n","protected":false},"excerpt":{"rendered":"National J27 Concarneau &#8211; Sochaux (Photo Philippe Le Brech) Dijon, Quevilly Rouen et Concarneau sont pass\u00e9s devant la&hellip;\n","protected":false},"author":2,"featured_media":134059,"comment_status":"","ping_status":"","sticky":false,"template":"","format":"standard","meta":{"footnotes":""},"categories":[9587],"tags":[1111,11,26001,19747,1777,674,1011,27,12,5161,13623,25,9590,14656],"class_list":{"0":"post-134058","1":"post","2":"type-post","3":"status-publish","4":"format-standard","5":"has-post-thumbnail","7":"category-rouen","8":"tag-actu","9":"tag-actualites","10":"tag-dijon-fco","11":"tag-dncg","12":"tag-eu","13":"tag-europe","14":"tag-fr","15":"tag-france","16":"tag-news","17":"tag-normandie","18":"tag-quevilly-rouen-metropole","19":"tag-republique-francaise","20":"tag-rouen","21":"tag-us-concarneau"},"share_on_mastodon":{"url":"https:\/\/pubeurope.com\/@fr\/114584943633884712","error":""},"_links":{"self":[{"href":"https:\/\/www.europesays.com\/fr\/wp-json\/wp\/v2\/posts\/134058","targetHints":{"allow":["GET"]}}],"collection":[{"href":"https:\/\/www.europesays.com\/fr\/wp-json\/wp\/v2\/posts"}],"about":[{"href":"https:\/\/www.europesays.com\/fr\/wp-json\/wp\/v2\/types\/post"}],"author":[{"embeddable":true,"href":"https:\/\/www.europesays.com\/fr\/wp-json\/wp\/v2\/users\/2"}],"replies":[{"embeddable":true,"href":"https:\/\/www.europesays.com\/fr\/wp-json\/wp\/v2\/comments?post=134058"}],"version-history":[{"count":0,"href":"https:\/\/www.europesays.com\/fr\/wp-json\/wp\/v2\/posts\/134058\/revisions"}],"wp:featuredmedia":[{"embeddable":true,"href":"https:\/\/www.europesays.com\/fr\/wp-json\/wp\/v2\/media\/134059"}],"wp:attachment":[{"href":"https:\/\/www.europesays.com\/fr\/wp-json\/wp\/v2\/media?parent=134058"}],"wp:term":[{"taxonomy":"category","embeddable":true,"href":"https:\/\/www.europesays.com\/fr\/wp-json\/wp\/v2\/categories?post=134058"},{"taxonomy":"post_tag","embeddable":true,"href":"https:\/\/www.europesays.com\/fr\/wp-json\/wp\/v2\/tags?post=134058"}],"curies":[{"name":"wp","href":"https:\/\/api.w.org\/{rel}","templated":true}]}}