{"id":134066,"date":"2025-05-28T10:20:42","date_gmt":"2025-05-28T10:20:42","guid":{"rendered":"https:\/\/www.europesays.com\/fr\/134066\/"},"modified":"2025-05-28T10:20:42","modified_gmt":"2025-05-28T10:20:42","slug":"ia-emotion-et-innovation-au-coeur-du-rendez-vous-a-rennes-le-17-juin","status":"publish","type":"post","link":"https:\/\/www.europesays.com\/fr\/134066\/","title":{"rendered":"IA, \u00e9motion et innovation au c\u0153ur du rendez-vous \u00e0 Rennes le 17 juin"},"content":{"rendered":"<p>Comme chaque ann\u00e9e, cet \u00e9v\u00e9nement est l\u2019occasion d\u2019explorer les tendances \u00e9mergentes et les derni\u00e8res innovations dans le domaine du marketing. Organis\u00e9 par <strong>MV Group<\/strong>, ce rendez-vous annuel investira le <strong>Couvent des Jacobins<\/strong> avec pr\u00e8s de 900 participants et plus de 50 speakers.<\/p>\n<p>Des masterclass concr\u00e8tes pour les professionnels<\/p>\n<p>Pour cette \u00e9dition, <strong>24 masterclass<\/strong> et tables rondes sont programm\u00e9es, dont <strong>18 organis\u00e9es avec les partenaires<\/strong> de l\u2019<a href=\"https:\/\/www.intelligencemarketingday.fr\/\" target=\"_blank\" rel=\"noopener\">Intelligence Marketing Day<\/a> (IMD). Ces sessions, orient\u00e9es vers le <strong>retour d\u2019exp\u00e9rience<\/strong> et les <strong>cas clients<\/strong>, permettent de confronter les m\u00e9thodes \u00e0 la r\u00e9alit\u00e9 op\u00e9rationnelle du terrain.<\/p>\n<p>Les visiteurs pourront notamment assister \u00e0 des interventions autour de l\u2019intelligence artificielle pour <strong>am\u00e9liorer leur productivit\u00e9<\/strong>, <strong>booster les r\u00e9seaux sociaux<\/strong>, ou <strong>transformer sa prospection omnicanale<\/strong>. D\u2019autres masterclass d\u00e9di\u00e9es aux nouveaux usages publicitaires, \u00e0 l\u2019automatisation, ou encore aux CRM, sont \u00e9galement pr\u00e9vus au programme.<\/p>\n<p>5 grandes conf\u00e9rences \u00e0 ne pas manquer<\/p>\n<p>En plus des tables rondes et des masterclass de cette \u00e9dition 2025, <strong>cinq grandes conf\u00e9rences<\/strong> seront propos\u00e9es au <a href=\"https:\/\/www.intelligencemarketingday.fr\/programme-imd-rennes\/\" target=\"_blank\" rel=\"noopener\">programme de l\u2019IMD<\/a>, o\u00f9 l\u00e0 encore, <strong>l\u2019intelligence artificielle sera au rendez-vous<\/strong> avec ses impacts sur les strat\u00e9gies des marques, mais pas seulement\u2026<\/p>\n<p>Les autres conf\u00e9rences, notamment sur <strong>l\u2019essor de l\u2019intelligence \u00e9motionnelle<\/strong> ou sur <strong>les perspectives du marketing \u00e0 l\u2019horizon 2034<\/strong>, devraient donner des cl\u00e9s de lecture indispensables pour les professionnels du marketing.<\/p>\n<p>Des speakers reconnus dans leurs domaines<\/p>\n<p>Pour mettre en oeuvre ce programme complet, l\u2019IMD a fait appel \u00e0 des intervenants de premier choix.<\/p>\n<p>Parmi eux, on peut noter la pr\u00e9sence de <strong>Pam Didner,<\/strong> invit\u00e9e d\u2019honneur de cette neuvi\u00e8me \u00e9dition. Cette consultante, auteure, podcasteuse et CMO renomm\u00e9e, pr\u00e9sentera une conf\u00e9rence <strong>\u00ab\u00a0Optimisez votre marketing gr\u00e2ce \u00e0 l\u2019IA\u00a0\u00bb<\/strong>, o\u00f9 l\u2019on devrait avoir son point de vue sur les usages concrets de l\u2019IA chez les professionnels \u00e0 l\u2019international.<\/p>\n<p>\u00c0 ses c\u00f4t\u00e9s, plusieurs personnalit\u00e9s viendront enrichir les \u00e9changes, comme <strong>Christophe Haag<\/strong>, sp\u00e9cialiste des \u00e9motions et de l\u2019intelligence collective, ou <strong>Cyril de Sousa Cardoso<\/strong>, expert en strat\u00e9gie et innovation.<\/p>\n<p>D\u2019autres profils, comme <strong>Fran\u00e7ois Cazals<\/strong>, fin connaisseur des dynamiques marketing ou encore le journaliste <strong>Thomas Huchon<\/strong>, engag\u00e9 sur les questions de d\u00e9sinformation, contribueront \u00e0 ouvrir de nouvelles perspectives autour du marketing de demain.<\/p>\n<p>Un \u00e9v\u00e9nement marquant pour la communaut\u00e9<\/p>\n<p>En quelques ann\u00e9es seulement, l\u2019Intelligence Marketing Day s\u2019est impos\u00e9 comme un \u00e9v\u00e9nement structurant pour la communaut\u00e9 des experts du marketing digital en France. L\u2019\u00e9v\u00e9nement a r\u00e9uni <strong>plus de 6000 professionnels depuis ses premi\u00e8res \u00e9ditions<\/strong> \u00e0 Rennes et Lyon, et ne compte pas s\u2019arr\u00eater en si bon chemin.<\/p>\n<p>Cette nouvelle \u00e9dition s\u2019inscrit dans cette m\u00eame dynamique, avec la volont\u00e9 de proposer un lieu d\u2019\u00e9change et de transmission, o\u00f9 les derni\u00e8res innovations se croisent avec les meilleures pratiques. Les <strong>25 partenaires mobilis\u00e9s<\/strong> pour cette journ\u00e9e t\u00e9moignent \u00e9galement de l\u2019ancrage de l\u2019IMD dans l\u2019\u00e9cosyst\u00e8me tech et marketing fran\u00e7ais.<\/p>\n<p>Mais, au-del\u00e0 du contenu de cette \u00e9dition, l\u2019\u00e9v\u00e9nement mise aussi sur une ambiance conviviale. Le cadre du <strong>Couvent des Jacobins<\/strong>, au coeur de Rennes, offre un espace propice aux rencontres informelles et aux discussions. Tous les d\u00e9tails sont pens\u00e9s pour nourrir les r\u00e9flexions et tisser des liens durables entre les professionnels du marketing\u2026<\/p>\n<p>Informations pratiques et inscription<\/p>\n<ul>\n<li><strong>Date&amp;nbsp:<\/strong> Mardi 17 juin 2025<\/li>\n<li><strong>Horaires&amp;nbsp:<\/strong> de 9h \u00e0 17h40<\/li>\n<li><strong>Lieu&amp;nbsp:<\/strong> Couvent des Jacobins, 20 Place Sainte-Anne, 35000 Rennes<\/li>\n<li><a href=\"https:\/\/app.imagina.com\/intelligence-marketing-day\/\" target=\"_blank\" rel=\"noopener\">Voir la billetterie en ligne<\/a><\/li>\n<\/ul>\n","protected":false},"excerpt":{"rendered":"Comme chaque ann\u00e9e, cet \u00e9v\u00e9nement est l\u2019occasion d\u2019explorer les tendances \u00e9mergentes et les derni\u00e8res innovations dans le domaine&hellip;\n","protected":false},"author":2,"featured_media":134067,"comment_status":"","ping_status":"","sticky":false,"template":"","format":"standard","meta":{"footnotes":""},"categories":[2821],"tags":[1111,11,829,1777,674,2087,1011,27,12,584,25],"class_list":{"0":"post-134066","1":"post","2":"type-post","3":"status-publish","4":"format-standard","5":"has-post-thumbnail","7":"category-rennes","8":"tag-actu","9":"tag-actualites","10":"tag-bretagne","11":"tag-eu","12":"tag-europe","13":"tag-evenement","14":"tag-fr","15":"tag-france","16":"tag-news","17":"tag-rennes","18":"tag-republique-francaise"},"share_on_mastodon":{"url":"https:\/\/pubeurope.com\/@fr\/114584959339970952","error":""},"_links":{"self":[{"href":"https:\/\/www.europesays.com\/fr\/wp-json\/wp\/v2\/posts\/134066","targetHints":{"allow":["GET"]}}],"collection":[{"href":"https:\/\/www.europesays.com\/fr\/wp-json\/wp\/v2\/posts"}],"about":[{"href":"https:\/\/www.europesays.com\/fr\/wp-json\/wp\/v2\/types\/post"}],"author":[{"embeddable":true,"href":"https:\/\/www.europesays.com\/fr\/wp-json\/wp\/v2\/users\/2"}],"replies":[{"embeddable":true,"href":"https:\/\/www.europesays.com\/fr\/wp-json\/wp\/v2\/comments?post=134066"}],"version-history":[{"count":0,"href":"https:\/\/www.europesays.com\/fr\/wp-json\/wp\/v2\/posts\/134066\/revisions"}],"wp:featuredmedia":[{"embeddable":true,"href":"https:\/\/www.europesays.com\/fr\/wp-json\/wp\/v2\/media\/134067"}],"wp:attachment":[{"href":"https:\/\/www.europesays.com\/fr\/wp-json\/wp\/v2\/media?parent=134066"}],"wp:term":[{"taxonomy":"category","embeddable":true,"href":"https:\/\/www.europesays.com\/fr\/wp-json\/wp\/v2\/categories?post=134066"},{"taxonomy":"post_tag","embeddable":true,"href":"https:\/\/www.europesays.com\/fr\/wp-json\/wp\/v2\/tags?post=134066"}],"curies":[{"name":"wp","href":"https:\/\/api.w.org\/{rel}","templated":true}]}}