{"id":134068,"date":"2025-05-28T10:21:08","date_gmt":"2025-05-28T10:21:08","guid":{"rendered":"https:\/\/www.europesays.com\/fr\/134068\/"},"modified":"2025-05-28T10:21:08","modified_gmt":"2025-05-28T10:21:08","slug":"cette-annee-la-fete-de-la-musique-finira-plus-tard-voici-pourquoi","status":"publish","type":"post","link":"https:\/\/www.europesays.com\/fr\/134068\/","title":{"rendered":"cette ann\u00e9e, la f\u00eate de la musique finira plus tard, voici pourquoi"},"content":{"rendered":"<p>            Par<br \/>\n        <strong><br \/>\n            <a href=\"https:\/\/actu.fr\/auteur\/ivan-capecchi\" title=\"Consulter tous les articles de Ivan CAPECCHI\" target=\"_blank\" rel=\"noopener\">Ivan CAPECCHI<\/a><br \/>\n        <\/strong><\/p>\n<p>        Publi\u00e9 le<\/p>\n<p>            28 mai 2025 \u00e0 11h50        <\/p>\n<p>Cette ann\u00e9e, la <a href=\"https:\/\/actu.fr\/grand-est\/strasbourg_67482\/fete-de-la-musique-a-strasbourg-decouvrez-la-programmation-de-l-edition-2022_51765481.html\" target=\"_blank\" rel=\"noopener\">f\u00eate de la musique \u00e0 Strasbourg<\/a>, qui se tiendra comme traditionnellement le <strong>21 juin<\/strong> prochain, n\u2019aura pas lieu de 18h \u00e0 23h, mais <strong>de 19h \u00e0 minuit<\/strong>.<\/p>\n<p class=\" wall-content\">Un d\u00e9calage horaire souhait\u00e9 par la municipalit\u00e9 afin de <strong>faciliter la transition entre le travail et les loisirs<\/strong>.<\/p>\n<p class=\" wall-content\">Cette m\u00eame municipalit\u00e9 annonce que le dispositif <a href=\"https:\/\/actu.fr\/tag\/compagnie-des-transports-strasbourgeois-cts\" target=\"_blank\" rel=\"noopener\">CTS<\/a> sera ajust\u00e9 en cons\u00e9quence.<\/p>\n<p>Un trait d\u2019union entre la f\u00eate de la musique et la Symphonie des Arts<\/p>\n<p class=\" wall-content\">Autre nouveaut\u00e9 cette ann\u00e9e : il y aura un<strong> trait d\u2019union entre la f\u00eate de la musique le 21 juin et la Symphonie des Arts<\/strong>, qui aura lieu le week-end du 28 juin.<\/p>\n<p class=\" wall-content\">Ainsi, le dimanche 22 juin, \u00ab\u00a0<strong>il y aura de la musique dans les parcs <\/strong>\u00bb, annonce Guillaume Libsig, adjoint \u00e0 la maire de Strasbourg en charge notamment des <a href=\"https:\/\/actu.fr\/tag\/animations\" target=\"_blank\" rel=\"noopener\">animations<\/a> urbaines. \u00ab\u00a0Toute la semaine,<strong> il y aura de la musique dans les Ehpad \u00bb<\/strong>, ajoute-t-il.<\/p>\n<p>Vid\u00e9os : en ce moment sur ActuLa programmation en train d\u2019\u00eatre affin\u00e9e<\/p>\n<p class=\" wall-content\">Pour le reste, \u00ab\u00a0on est en train de discuter avec des \u00e9coles de musique et des groupes locaux pour proposer des rendez-vous tout au long de cette semaine\u00a0\u00bb, indique l\u2019\u00e9lu.<\/p>\n<p class=\" wall-content\">Comme \u00e9voqu\u00e9 plus haut, la Symphonie des Arts constituera le point d\u2019orgue de cette semaine, avec des <strong>concerts<\/strong> au <a href=\"https:\/\/actu.fr\/grand-est\/strasbourg_67482\/ce-celebre-parc-de-strasbourg-fete-ses-20-ans-bientot-voici-les-animations-prevues_61581865.html\" target=\"_blank\" rel=\"noopener\">Jardin des Deux Rives<\/a>, et notamment celui de l\u2019<strong>Orchestre philharmonique de Strasbourg<\/strong> le samedi soir.<\/p>\n<p class=\" wall-content\">Suivez toute l\u2019actualit\u00e9 de vos villes et m\u00e9dias favoris en vous inscrivant \u00e0 <a href=\"https:\/\/moncompte.actu.fr\" title=\"D\u00e9couvez Mon Actu\" rel=\"nofollow noopener\" data-trk=\"{&quot;cta&quot;:{&quot;action&quot;:&quot;https:\\\/\\\/moncompte.actu.fr&quot;,&quot;category&quot;:&quot;mon compte&quot;,&quot;from&quot;:&quot;article footer&quot;,&quot;name&quot;:&quot;Mon actu&quot;,&quot;type&quot;:&quot;cta&quot;}}\" target=\"_blank\">Mon Actu<\/a>.<\/p>\n","protected":false},"excerpt":{"rendered":"Par Ivan CAPECCHI Publi\u00e9 le 28 mai 2025 \u00e0 11h50 Cette ann\u00e9e, la f\u00eate de la musique \u00e0&hellip;\n","protected":false},"author":2,"featured_media":134069,"comment_status":"","ping_status":"","sticky":false,"template":"","format":"standard","meta":{"footnotes":""},"categories":[2820],"tags":[1111,11,1063,7344,1777,674,25885,1011,27,775,1652,12,25,640],"class_list":{"0":"post-134068","1":"post","2":"type-post","3":"status-publish","4":"format-standard","5":"has-post-thumbnail","7":"category-strasbourg","8":"tag-actu","9":"tag-actualites","10":"tag-animations","11":"tag-compagnie-des-transports-strasbourgeois-cts","12":"tag-eu","13":"tag-europe","14":"tag-fete-de-la-musique","15":"tag-fr","16":"tag-france","17":"tag-grand-est","18":"tag-loisirs-culture","19":"tag-news","20":"tag-republique-francaise","21":"tag-strasbourg"},"share_on_mastodon":{"url":"https:\/\/pubeurope.com\/@fr\/114584963282806907","error":""},"_links":{"self":[{"href":"https:\/\/www.europesays.com\/fr\/wp-json\/wp\/v2\/posts\/134068","targetHints":{"allow":["GET"]}}],"collection":[{"href":"https:\/\/www.europesays.com\/fr\/wp-json\/wp\/v2\/posts"}],"about":[{"href":"https:\/\/www.europesays.com\/fr\/wp-json\/wp\/v2\/types\/post"}],"author":[{"embeddable":true,"href":"https:\/\/www.europesays.com\/fr\/wp-json\/wp\/v2\/users\/2"}],"replies":[{"embeddable":true,"href":"https:\/\/www.europesays.com\/fr\/wp-json\/wp\/v2\/comments?post=134068"}],"version-history":[{"count":0,"href":"https:\/\/www.europesays.com\/fr\/wp-json\/wp\/v2\/posts\/134068\/revisions"}],"wp:featuredmedia":[{"embeddable":true,"href":"https:\/\/www.europesays.com\/fr\/wp-json\/wp\/v2\/media\/134069"}],"wp:attachment":[{"href":"https:\/\/www.europesays.com\/fr\/wp-json\/wp\/v2\/media?parent=134068"}],"wp:term":[{"taxonomy":"category","embeddable":true,"href":"https:\/\/www.europesays.com\/fr\/wp-json\/wp\/v2\/categories?post=134068"},{"taxonomy":"post_tag","embeddable":true,"href":"https:\/\/www.europesays.com\/fr\/wp-json\/wp\/v2\/tags?post=134068"}],"curies":[{"name":"wp","href":"https:\/\/api.w.org\/{rel}","templated":true}]}}