{"id":134084,"date":"2025-05-28T10:29:12","date_gmt":"2025-05-28T10:29:12","guid":{"rendered":"https:\/\/www.europesays.com\/fr\/134084\/"},"modified":"2025-05-28T10:29:12","modified_gmt":"2025-05-28T10:29:12","slug":"toulouse-bien-cache-derriere-la-gare-matabiau-ce-quartier-va-etre-en-partie-demoli-le-chantier-debute","status":"publish","type":"post","link":"https:\/\/www.europesays.com\/fr\/134084\/","title":{"rendered":"Toulouse. Bien cach\u00e9 derri\u00e8re la gare Matabiau, ce quartier va \u00eatre en partie d\u00e9moli : le chantier d\u00e9bute"},"content":{"rendered":"<p>            Par<br \/>\n        <strong><br \/>\n            <a href=\"https:\/\/actu.fr\/auteur\/lea-afonso\" title=\"Consulter tous les articles de L\u00e9a Afonso\" rel=\"nofollow noopener\" target=\"_blank\">L\u00e9a Afonso<\/a><br \/>\n        <\/strong><\/p>\n<p>        Publi\u00e9 le<\/p>\n<p>            28 mai 2025 \u00e0 12h04        <\/p>\n<p>En l\u2019espace d\u2019une nuit, du 26 au 27\u00a0mai 2025, la <strong>rue de P\u00e9riole<\/strong>, \u00e0 <a href=\"https:\/\/actu.fr\/toulouse\/\" rel=\"nofollow noopener\" target=\"_blank\">Toulouse<\/a>, a radicalement chang\u00e9 d\u2019allure. Plusieurs <strong>b\u00e2timents de la SNCF ont \u00e9t\u00e9 d\u00e9truits,<\/strong> surprenant quelque peu les riverains. Mais que s\u2019est-il pass\u00e9 et quel va \u00eatre l\u2019impact \u00e0 venir\u2009?<\/p>\n<p>    <a href=\"https:\/\/www.google.com\/maps\/embed?pb=!1m18!1m12!1m3!1d1021.3004907820098!2d1.4567416326129963!3d43.613328709937676!2m3!1f0!2f0!3f0!3m2!1i1024!2i768!4f13.1!3m3!1m2!1s0x12aebcbb870f4b03%3A0xa56626f708619805!2s38%20Rue%20de%20P%C3%A9riole%2C%2031500%20Toulouse!5e0!3m2!1sfr!2sfr!4v1748424887750!5m2!1sfr!2sfr\" title=\"Ouvrie le lien\" rel=\"nofollow noopener\" target=\"_blank\">Cliquez ici pour visualiser le contenu<\/a><\/p>\n<p>Changement de visage<br \/>\n    <img   decoding=\"async\" loading=\"lazy\" src=\"https:\/\/www.europesays.com\/fr\/wp-content\/uploads\/2025\/05\/img-1393-960x640.jpg\" alt=\"Les b\u00e2timents rue de P\u00e9riole avant d\u00e9molition \" width=\"960\" height=\"640\"\/><br \/>\n    Les b\u00e2timents, rue de P\u00e9riole, avant d\u00e9molition (\u00a9L\u00e9a Afonso \/ Actu Toulouse)<\/p>\n<p class=\" wall-content\">Les plus observateurs l\u2019ont sans doute remarqu\u00e9, mais la <strong>rue de P\u00e9riole, situ\u00e9e derri\u00e8re la gare Matabiau,<\/strong>\u00a0a <strong>chang\u00e9 de visage en quelques heures<\/strong>. Ce lundi 26\u00a0mai au soir, les b\u00e2timents habituels sont bel et bien pr\u00e9sents et le calme de la soir\u00e9e r\u00e8gne. Mais le lendemain matin, bruits de tractopelles et ouvriers animent la rue\u2009: quelques-uns de <strong>b\u00e2timents appartenant \u00e0 la SNCF ont \u00e9t\u00e9 d\u00e9truits<\/strong>. Que s\u2019est-il pass\u00e9 dans la nuit\u2009?<\/p>\n<p class=\" wall-content\">Il faut tout de m\u00eame rappeler que des signes avant-coureurs de ces travaux \u00e9taient bien visibles. En effet, depuis le vendredi 23\u00a0mai, le<strong> trottoir longeant les b\u00e2timents SNCF est barri\u00e9r\u00e9.<\/strong><\/p>\n<p>    <img   decoding=\"async\" loading=\"lazy\" src=\"https:\/\/www.europesays.com\/fr\/wp-content\/uploads\/2025\/05\/rue-de-periole-1-960x640.jpg\" alt=\"L'entr\u00e9e de ce tout nouveau chantier \" width=\"960\" height=\"640\"\/><br \/>\n    L\u2019entr\u00e9e de ce tout nouveau chantier (\u00a9L\u00e9a Afonso \/ Actu Toulouse)Vid\u00e9os : en ce moment sur ActuDans le cadre du projet Grand Matabiau<\/p>\n<p class=\" wall-content\">Ces travaux ne sortent pas de nulle part et avaient \u00e9t\u00e9 annonc\u00e9s. Ils entrent dans le cadre du<strong> projet du Grand Matabiau quais d\u2019Oc<\/strong>, <a href=\"https:\/\/actu.fr\/occitanie\/toulouse_31555\/toulouse-la-premiere-grosse-operation-de-ce-nouveau-quartier-inauguree-pres-de-1000-personnes-y-travaillent_62691554.html\" rel=\"nofollow noopener\" target=\"_blank\">dont la premi\u00e8re op\u00e9ration a \u00e9t\u00e9 inaugur\u00e9e ce lundi 26\u00a0mai.<\/a><\/p>\n<p class=\" wall-content\">\u00ab<strong>\u2009Europolia<\/strong> poursuit ses <strong>travaux<\/strong> d\u2019am\u00e9nagement sur le secteur Marengo P\u00e9riole\u2009: D\u00e9construction des b\u00e2timents SNCF pour faire place aux bases chantier des travaux de la Halle des mobilit\u00e9s et de son parvis, ainsi que des am\u00e9nagements int\u00e9rieurs de la future station de m\u00e9tro Ligne C\u2009\u00bb, explique le constructeur.<\/p>\n<p>Concr\u00e8tement, que va-t-il se passer\u2009?<br \/>\n    <img   decoding=\"async\" loading=\"lazy\" src=\"https:\/\/www.europesays.com\/fr\/wp-content\/uploads\/2025\/05\/capture-decran-2025-05-28-113037-960x640.png\" alt=\"Schma des travaux le long de la rue de P\u00e9riole\" width=\"960\" height=\"640\"\/><br \/>\n    Sch\u00e9ma des travaux le long de la rue de P\u00e9riole (\u00a9Europolia)<\/p>\n<p class=\" wall-content\">Ces travaux vont donc<strong> impacter la d\u00e9ambulation pi\u00e9tonne<\/strong> (li\u00e9e \u00e0 la fermeture du trottoir c\u00f4t\u00e9 travaux, NDLR) durant pr\u00e8s de huit mois, jusqu\u2019\u00e0 fin janvier 2026.<\/p>\n<p class=\" wall-content\">Et ce, \u00e0 plusieurs endroits\u2009:<br \/>\u2013 entre le rond-point \u00e0 l\u2019angle de la rue des cheminots et la rue Bernard Ortet du 23\u00a0mai \u00e0 fin janvier\u00a02026 (petit 1 sur le sch\u00e9ma)<br \/>\u2013 entre la rue Bernard Ortet et la rue \u00c9mile Zola entre le 10 et le 30\u00a0juin 2025 (petit 2 sur le sch\u00e9ma)<br \/>Des d\u00e9viations sur le trottoir d\u2019en face seront mises en place.<\/p>\n<p class=\" wall-content\">Pour les<strong> voitures, aucune fermeture de rue<\/strong> n\u2019est pr\u00e9vue. Les acc\u00e8s riverains sont maintenus. Des travaux de nuit sont par ailleurs pr\u00e9vus, de 20\u2009h \u00e0 minuit, le mercredi 18\u00a0juin au soir. Le b\u00e2timent B (sur le sch\u00e9ma) sera d\u00e9truit \u00e0 cette occasion. Au total, ce n\u2019est pas moins d\u2019une dizaine de b\u00e2timents qui seront d\u00e9truits.<\/p>\n<p class=\" wall-content\">Suivez toute l\u2019actualit\u00e9 de vos villes et m\u00e9dias favoris en vous inscrivant \u00e0 <a href=\"https:\/\/moncompte.actu.fr\" title=\"D\u00e9couvez Mon Actu\" rel=\"nofollow noopener\" data-trk=\"{&quot;cta&quot;:{&quot;action&quot;:&quot;https:\\\/\\\/moncompte.actu.fr&quot;,&quot;category&quot;:&quot;mon compte&quot;,&quot;from&quot;:&quot;article footer&quot;,&quot;name&quot;:&quot;Mon actu&quot;,&quot;type&quot;:&quot;cta&quot;}}\" target=\"_blank\">Mon Actu<\/a>.<\/p>\n","protected":false},"excerpt":{"rendered":"Par L\u00e9a Afonso Publi\u00e9 le 28 mai 2025 \u00e0 12h04 En l\u2019espace d\u2019une nuit, du 26 au 27\u00a0mai&hellip;\n","protected":false},"author":2,"featured_media":134085,"comment_status":"","ping_status":"","sticky":false,"template":"","format":"standard","meta":{"footnotes":""},"categories":[2816],"tags":[1111,11,1777,674,1011,27,12,2680,25,104,2312,2086,1352],"class_list":{"0":"post-134084","1":"post","2":"type-post","3":"status-publish","4":"format-standard","5":"has-post-thumbnail","7":"category-toulouse","8":"tag-actu","9":"tag-actualites","10":"tag-eu","11":"tag-europe","12":"tag-fr","13":"tag-france","14":"tag-news","15":"tag-occitanie","16":"tag-republique-francaise","17":"tag-societe","18":"tag-toulouse","19":"tag-travaux","20":"tag-urbanisme"},"share_on_mastodon":{"url":"https:\/\/pubeurope.com\/@fr\/114584994755362026","error":""},"_links":{"self":[{"href":"https:\/\/www.europesays.com\/fr\/wp-json\/wp\/v2\/posts\/134084","targetHints":{"allow":["GET"]}}],"collection":[{"href":"https:\/\/www.europesays.com\/fr\/wp-json\/wp\/v2\/posts"}],"about":[{"href":"https:\/\/www.europesays.com\/fr\/wp-json\/wp\/v2\/types\/post"}],"author":[{"embeddable":true,"href":"https:\/\/www.europesays.com\/fr\/wp-json\/wp\/v2\/users\/2"}],"replies":[{"embeddable":true,"href":"https:\/\/www.europesays.com\/fr\/wp-json\/wp\/v2\/comments?post=134084"}],"version-history":[{"count":0,"href":"https:\/\/www.europesays.com\/fr\/wp-json\/wp\/v2\/posts\/134084\/revisions"}],"wp:featuredmedia":[{"embeddable":true,"href":"https:\/\/www.europesays.com\/fr\/wp-json\/wp\/v2\/media\/134085"}],"wp:attachment":[{"href":"https:\/\/www.europesays.com\/fr\/wp-json\/wp\/v2\/media?parent=134084"}],"wp:term":[{"taxonomy":"category","embeddable":true,"href":"https:\/\/www.europesays.com\/fr\/wp-json\/wp\/v2\/categories?post=134084"},{"taxonomy":"post_tag","embeddable":true,"href":"https:\/\/www.europesays.com\/fr\/wp-json\/wp\/v2\/tags?post=134084"}],"curies":[{"name":"wp","href":"https:\/\/api.w.org\/{rel}","templated":true}]}}