{"id":134088,"date":"2025-05-28T10:31:10","date_gmt":"2025-05-28T10:31:10","guid":{"rendered":"https:\/\/www.europesays.com\/fr\/134088\/"},"modified":"2025-05-28T10:31:10","modified_gmt":"2025-05-28T10:31:10","slug":"peps-roubaix-un-tremplin-pour-lemploi-des-plus-de-45-ans","status":"publish","type":"post","link":"https:\/\/www.europesays.com\/fr\/134088\/","title":{"rendered":"PEPS Roubaix : un tremplin pour l\u2019emploi des plus de 45 ans"},"content":{"rendered":"<p class=\"introduction\">Mardi 27 mai, la salle des mariages de l\u2019H\u00f4tel de Ville de Roubaix a accueilli le lancement officiel du dispositif PEPS, une initiative innovante en faveur du retour \u00e0 l\u2019emploi des demandeurs d\u2019emploi de plus de 45 ans. Fruit d\u2019une collaboration \u00e9troite entre la Ville de Roubaix, France Travail, la MIE du Roubaisis et l\u2019association PEPS, ce programme d\u2019accompagnement intensif s\u2019implante pour la premi\u00e8re fois sur le territoire roubaisien.<\/p>\n<p data-start=\"1133\" data-end=\"1493\">D\u00e9ploy\u00e9 avec succ\u00e8s \u00e0 Tourcoing \u2013 o\u00f9 il a enregistr\u00e9 plus de 80 % de sorties positives \u2013 PEPS (Parcours Emploi Pro Seniors) place l\u2019entreprise et le r\u00e9seau au c\u0153ur de la d\u00e9marche. Il propose un parcours de dix semaines m\u00ealant coaching, ateliers collectifs, rencontres en entreprises et actions de prospection, sans oublier des temps d\u00e9di\u00e9s \u00e0 la qualit\u00e9 de vie.<\/p>\n<p data-start=\"1495\" data-end=\"1570\"><strong data-start=\"1495\" data-end=\"1570\">Un collectif de 34 participants pour la premi\u00e8re promotion roubaisienne<\/strong><\/p>\n<p data-start=\"1572\" data-end=\"1889\">\u00c0 l\u2019issue de cinq r\u00e9unions d\u2019information collective men\u00e9es dans les agences France Travail, 34 candidats ont \u00e9t\u00e9 s\u00e9lectionn\u00e9s pour int\u00e9grer cette premi\u00e8re promotion. Tous seront accueillis \u00e0 l\u2019Avant-Poste, dans des locaux mis \u00e0 disposition par la Ville. Trois salles y seront sp\u00e9cialement d\u00e9di\u00e9es \u00e0 la dynamique PEPS.<\/p>\n<p data-start=\"1891\" data-end=\"2312\">Le lancement a rassembl\u00e9 l\u2019ensemble des partenaires du projet, les participants, ainsi que de nombreuses entreprises locales, parmi lesquelles <strong data-start=\"2034\" data-end=\"2048\">La Redoute<\/strong> et <strong data-start=\"2052\" data-end=\"2061\">Ciuch<\/strong>, engag\u00e9es sur la th\u00e9matique de l\u2019emploi des seniors. Plusieurs temps forts sont pr\u00e9vus tout au long du dispositif, dont une conviviale \u00e0 mi-parcours le <strong data-start=\"2214\" data-end=\"2225\">17 juin<\/strong> \u00e0 l\u2019Avant-Poste et une soir\u00e9e de cl\u00f4ture le <strong data-start=\"2270\" data-end=\"2284\">22 juillet<\/strong> en salle Pierre de Roubaix.<\/p>\n<p data-start=\"2314\" data-end=\"2384\"><strong data-start=\"2314\" data-end=\"2384\">Un dispositif co-construit pour r\u00e9pondre aux besoins du territoire<\/strong><\/p>\n<p data-start=\"2386\" data-end=\"2696\">L\u2019arriv\u00e9e de PEPS \u00e0 Roubaix est le fruit d\u2019un travail de coordination exemplaire entre acteurs publics et priv\u00e9s. Mobilisation des entreprises par la MIE, communication cibl\u00e9e, articulation Ville\/France Travail\/MIE\/PEPS : toutes les conditions ont \u00e9t\u00e9 r\u00e9unies pour garantir un d\u00e9marrage efficace et prometteur.<\/p>\n<p data-start=\"2698\" data-end=\"2961\">En lan\u00e7ant ce programme, la Ville de Roubaix r\u00e9affirme sa volont\u00e9 d\u2019agir concr\u00e8tement pour l\u2019emploi, en particulier celui des publics souvent \u00e9loign\u00e9s du march\u00e9 du travail, en misant sur l\u2019humain, le collectif et le lien direct avec les entreprises du territoire.<\/p>\n","protected":false},"excerpt":{"rendered":"Mardi 27 mai, la salle des mariages de l\u2019H\u00f4tel de Ville de Roubaix a accueilli le lancement officiel&hellip;\n","protected":false},"author":2,"featured_media":134089,"comment_status":"","ping_status":"","sticky":false,"template":"","format":"standard","meta":{"footnotes":""},"categories":[2815],"tags":[1111,11,26003,33,341,313,1777,674,1011,27,811,1307,12,26004,25],"class_list":{"0":"post-134088","1":"post","2":"type-post","3":"status-publish","4":"format-standard","5":"has-post-thumbnail","7":"category-lille","8":"tag-actu","9":"tag-actualites","10":"tag-avant-poste","11":"tag-economie","12":"tag-emploi","13":"tag-entreprises","14":"tag-eu","15":"tag-europe","16":"tag-fr","17":"tag-france","18":"tag-hauts-de-france","19":"tag-lille","20":"tag-news","21":"tag-peps","22":"tag-republique-francaise"},"share_on_mastodon":{"url":"https:\/\/pubeurope.com\/@fr\/114585002854085488","error":""},"_links":{"self":[{"href":"https:\/\/www.europesays.com\/fr\/wp-json\/wp\/v2\/posts\/134088","targetHints":{"allow":["GET"]}}],"collection":[{"href":"https:\/\/www.europesays.com\/fr\/wp-json\/wp\/v2\/posts"}],"about":[{"href":"https:\/\/www.europesays.com\/fr\/wp-json\/wp\/v2\/types\/post"}],"author":[{"embeddable":true,"href":"https:\/\/www.europesays.com\/fr\/wp-json\/wp\/v2\/users\/2"}],"replies":[{"embeddable":true,"href":"https:\/\/www.europesays.com\/fr\/wp-json\/wp\/v2\/comments?post=134088"}],"version-history":[{"count":0,"href":"https:\/\/www.europesays.com\/fr\/wp-json\/wp\/v2\/posts\/134088\/revisions"}],"wp:featuredmedia":[{"embeddable":true,"href":"https:\/\/www.europesays.com\/fr\/wp-json\/wp\/v2\/media\/134089"}],"wp:attachment":[{"href":"https:\/\/www.europesays.com\/fr\/wp-json\/wp\/v2\/media?parent=134088"}],"wp:term":[{"taxonomy":"category","embeddable":true,"href":"https:\/\/www.europesays.com\/fr\/wp-json\/wp\/v2\/categories?post=134088"},{"taxonomy":"post_tag","embeddable":true,"href":"https:\/\/www.europesays.com\/fr\/wp-json\/wp\/v2\/tags?post=134088"}],"curies":[{"name":"wp","href":"https:\/\/api.w.org\/{rel}","templated":true}]}}