{"id":134092,"date":"2025-05-28T10:33:09","date_gmt":"2025-05-28T10:33:09","guid":{"rendered":"https:\/\/www.europesays.com\/fr\/134092\/"},"modified":"2025-05-28T10:33:09","modified_gmt":"2025-05-28T10:33:09","slug":"marseille-des-forces-de-lordre-deployees-de-partout-voici-ce-quil-se-passe-2","status":"publish","type":"post","link":"https:\/\/www.europesays.com\/fr\/134092\/","title":{"rendered":"Marseille. Des forces de l&rsquo;ordre d\u00e9ploy\u00e9es de partout, voici ce qu&rsquo;il se passe"},"content":{"rendered":"<p>            Par<br \/>\n        <strong><br \/>\n            <a href=\"https:\/\/actu.fr\/auteur\/fabien-binacchi\" title=\"Consulter tous les articles de Fabien Binacchi\" rel=\"nofollow noopener\" target=\"_blank\">Fabien Binacchi<\/a><br \/>\n        <\/strong><\/p>\n<p>        Publi\u00e9 le<\/p>\n<p>            28 mai 2025 \u00e0 12h05        <\/p>\n<p>Une vague d\u2019uniformes \u00e0 <a href=\"https:\/\/actu.fr\/marseille\/\" rel=\"nofollow noopener\" target=\"_blank\">Marseille<\/a> et dans les <a href=\"https:\/\/actu.fr\/provence-alpes-cote-d-azur\/bouches-du-rhone_13\" rel=\"nofollow noopener\" target=\"_blank\">Bouches-du-Rh\u00f4ne<\/a>. Des forces de l\u2019ordre en nombre sont d\u00e9ploy\u00e9es <strong>\u00ab\u2009dans les rues, les commerces, les transports et les axes routiers du d\u00e9partement\u2009\u00bb<\/strong> ce mercredi 28\u00a0mai 2025, annonce le pr\u00e9fet de police.<\/p>\n<p class=\" wall-content\">On vous explique ce qu\u2019il se passe.<\/p>\n<p>Pr\u00e8s de 750 agents mobilis\u00e9s<\/p>\n<p class=\" wall-content\">Soyez rassur\u00e9s\u2009: <strong>ce n\u2019est pas un \u00e9v\u00e9nement gravissime<\/strong> qui justifie le tr\u00e8s large d\u00e9ploiement des forces de l\u2019ordre \u00e0 Marseille et dans le d\u00e9partement ce mercredi 28\u00a0mai.<\/p>\n<p class=\" wall-content\">\u00ab\u2009Une deuxi\u00e8me op\u00e9ration de grande ampleur\u2009\u00bb a \u00e9t\u00e9 lanc\u00e9e dans le cadre du \u00ab\u2009Plan d\u2019action d\u00e9partemental de<strong> restauration de la s\u00e9curit\u00e9<\/strong> du quotidien\u2009\u00bb et \u00ab\u2009conform\u00e9ment aux instructions du ministre de l\u2019Int\u00e9rieur\u2009\u00bb, informe la pr\u00e9fecture de police des Bouches-du-Rh\u00f4ne dans un post, sur X.<\/p>\n<p class=\" wall-content\">\n<p class=\" wall-content\">Baptis\u00e9e \u00ab\u2009Jumbo\u2009\u00bb, ce dispositif de contr\u00f4les en tout genre avait <strong>d\u00e9j\u00e0 \u00e9t\u00e9 activ\u00e9 le 23\u00a0avril 2025<\/strong> sous la directive de <a href=\"https:\/\/actu.fr\/tag\/bruno-retailleau\" rel=\"nofollow noopener\" target=\"_blank\">Bruno Retailleau<\/a>. Il est, cette fois-ci, un tout petit peu moins important.<\/p>\n<p>Vid\u00e9os : en ce moment sur Actu<\/p>\n<blockquote class=\"ac-article-quote wall-content\">\n<p>\u00ab\u00a0Pr\u00e8s de 750 agents de l\u2019Etat mobilis\u00e9s : policiers, gendarmes, douaniers, services de la direction d\u00e9partementale de la protection de la population, de la direction r\u00e9gionale des finances publiques, de l\u2019URSSAF, de la police municipale avec le renfort de 4 compagnies de CRS.\u00a0\u00bb<\/p>\n<p>    <strong>Pr\u00e9fecture de police des Bouches-du-Rh\u00f4ne<\/strong>\n            <\/p><\/blockquote>\n<p>Un r\u00e9seau de narcotrafiquants d\u00e9mantel\u00e9<\/p>\n<p class=\" wall-content\">La premi\u00e8re \u00e9dition de cette op\u00e9ration XXL, le mois dernier, avait mobilis\u00e9 les m\u00eames services, mais avec \u00ab\u2009pr\u00e8s de 1000\u2009\u00bb personnels et sept compagnies de CRS.<\/p>\n<p class=\" wall-content\">En visite \u00e0 Marseille, le lendemain de cette premi\u00e8re op\u00e9ration, Bruno Retailleau \u00e9tait venu annoncer \u00ab\u2009<strong>21 interpellations<\/strong> li\u00e9es au narcobanditisme [\u2026] qui vont nous permettre de d\u00e9manteler un r\u00e9seau important sur Marseille\u2009\u00bb.<\/p>\n<p class=\" wall-content\">Suivez toute l\u2019actualit\u00e9 de vos villes et m\u00e9dias favoris en vous inscrivant \u00e0 <a href=\"https:\/\/moncompte.actu.fr\" title=\"D\u00e9couvez Mon Actu\" rel=\"nofollow noopener\" data-trk=\"{&quot;cta&quot;:{&quot;action&quot;:&quot;https:\\\/\\\/moncompte.actu.fr&quot;,&quot;category&quot;:&quot;mon compte&quot;,&quot;from&quot;:&quot;article footer&quot;,&quot;name&quot;:&quot;Mon actu&quot;,&quot;type&quot;:&quot;cta&quot;}}\" target=\"_blank\">Mon Actu<\/a>.<\/p>\n","protected":false},"excerpt":{"rendered":"Par Fabien Binacchi Publi\u00e9 le 28 mai 2025 \u00e0 12h05 Une vague d\u2019uniformes \u00e0 Marseille et dans les&hellip;\n","protected":false},"author":2,"featured_media":134093,"comment_status":"","ping_status":"","sticky":false,"template":"","format":"standard","meta":{"footnotes":""},"categories":[2814],"tags":[1111,11,1777,674,1011,27,3381,884,12,1072,882,25,104],"class_list":{"0":"post-134092","1":"post","2":"type-post","3":"status-publish","4":"format-standard","5":"has-post-thumbnail","7":"category-marseille","8":"tag-actu","9":"tag-actualites","10":"tag-eu","11":"tag-europe","12":"tag-fr","13":"tag-france","14":"tag-gendarmerie","15":"tag-marseille","16":"tag-news","17":"tag-police","18":"tag-provence-alpes-cote-dazur","19":"tag-republique-francaise","20":"tag-societe"},"share_on_mastodon":{"url":"https:\/\/pubeurope.com\/@fr\/114585011128049589","error":""},"_links":{"self":[{"href":"https:\/\/www.europesays.com\/fr\/wp-json\/wp\/v2\/posts\/134092","targetHints":{"allow":["GET"]}}],"collection":[{"href":"https:\/\/www.europesays.com\/fr\/wp-json\/wp\/v2\/posts"}],"about":[{"href":"https:\/\/www.europesays.com\/fr\/wp-json\/wp\/v2\/types\/post"}],"author":[{"embeddable":true,"href":"https:\/\/www.europesays.com\/fr\/wp-json\/wp\/v2\/users\/2"}],"replies":[{"embeddable":true,"href":"https:\/\/www.europesays.com\/fr\/wp-json\/wp\/v2\/comments?post=134092"}],"version-history":[{"count":0,"href":"https:\/\/www.europesays.com\/fr\/wp-json\/wp\/v2\/posts\/134092\/revisions"}],"wp:featuredmedia":[{"embeddable":true,"href":"https:\/\/www.europesays.com\/fr\/wp-json\/wp\/v2\/media\/134093"}],"wp:attachment":[{"href":"https:\/\/www.europesays.com\/fr\/wp-json\/wp\/v2\/media?parent=134092"}],"wp:term":[{"taxonomy":"category","embeddable":true,"href":"https:\/\/www.europesays.com\/fr\/wp-json\/wp\/v2\/categories?post=134092"},{"taxonomy":"post_tag","embeddable":true,"href":"https:\/\/www.europesays.com\/fr\/wp-json\/wp\/v2\/tags?post=134092"}],"curies":[{"name":"wp","href":"https:\/\/api.w.org\/{rel}","templated":true}]}}