{"id":134098,"date":"2025-05-28T10:36:08","date_gmt":"2025-05-28T10:36:08","guid":{"rendered":"https:\/\/www.europesays.com\/fr\/134098\/"},"modified":"2025-05-28T10:36:08","modified_gmt":"2025-05-28T10:36:08","slug":"les-grands-buffets-lyonnais-decoivent-largement-le-patron-repond","status":"publish","type":"post","link":"https:\/\/www.europesays.com\/fr\/134098\/","title":{"rendered":"les Grands Buffets Lyonnais d\u00e9\u00e7oivent largement, le patron r\u00e9pond"},"content":{"rendered":"<p>            Par<br \/>\n        <strong><br \/>\n            <a href=\"https:\/\/actu.fr\/auteur\/ludivine-caporal\" title=\"Consulter tous les articles de Ludivine Caporal\" target=\"_blank\" rel=\"noopener\">Ludivine Caporal<\/a><br \/>\n        <\/strong><\/p>\n<p>        Publi\u00e9 le<\/p>\n<p>            28 mai 2025 \u00e0 12h27        <\/p>\n<p>Son ouverture a fait <strong>beaucoup de bruit<\/strong>. Mais pas forc\u00e9ment pour les bonnes raisons\u2026<br \/>Tr\u00e8s attendu, l\u2019\u00e9tablissement <a href=\"https:\/\/actu.fr\/auvergne-rhone-alpes\/lyon_69123\/lyon-plus-de-8-000-reservations-ce-buffet-a-volonte-lyonnais-victime-de-son-succes_62645360.html\" target=\"_blank\" rel=\"noopener\">Les Grands Buffets Lyonnais<\/a> a accueilli le 15 mai dernier ses premiers clients \u00e0 l\u2019int\u00e9rieur des anciens locaux pris\u00e9s du <a href=\"https:\/\/actu.fr\/auvergne-rhone-alpes\/lyon_69123\/lyon-douche-froide-pour-food-traboule-concept-de-restaurants-definitivement-liquide_62000445.html\" target=\"_blank\" rel=\"noopener\">Food Traboule<\/a>, dans le <a href=\"https:\/\/actu.fr\/tag\/vieux-lyon\" target=\"_blank\" rel=\"noopener\">Vieux Lyon<\/a>. Un d\u00e9marrage sur les chapeaux de roue avec, d\u2019embl\u00e9e, des services complets et <strong>des milliers de r\u00e9servations<\/strong> pour les semaines \u00e0 venir. <br \/>Mais tr\u00e8s vite, les avis n\u00e9gatifs se sont multipli\u00e9s \u00e0 propos du restaurant, pointant du doigt une organisation, un service et une qualit\u00e9 des produits laissant plus qu\u2019\u00e0 d\u00e9sirer. Surtout pour une formule au prix de 39 \u20ac\/personne le soir, \u00e0 payer avant m\u00eame de s\u2019asseoir.<\/p>\n<p>\u00ab\u00a0Digne d\u2019une cantine d\u2019autoroute\u00a0\u00bb<\/p>\n<p class=\" wall-content\">\u00ab\u00a0Les Grands Buffets Lyonnais\u2026 ou les Grandes Promesses Non Tenues ! (\u2026) Un buffet incomplet, peu app\u00e9tissant, mal organis\u00e9, sans identit\u00e9 lyonnaise, et dans des conditions d\u2019hygi\u00e8ne discutables. Une exp\u00e9rience frustrante et indigne de l\u2019image qu\u2019on veut donner de la gastronomie lyonnaise\u00a0\u00bb, peut-on lire parmi les 200 et quelques avis <a href=\"https:\/\/actu.fr\/tag\/google\" target=\"_blank\" rel=\"noopener\">Google<\/a> r\u00e9dig\u00e9s depuis l\u2019ouverture, portant actuellement <strong>la note du restaurant \u00e0 3,2\/5.\u00a0<\/strong><\/p>\n<p class=\" wall-content\">\u00ab\u00a0Pire exp\u00e9rience culinaire de l\u2019ann\u00e9e\u00a0\u00bb, \u00ab\u00a0Un Flunch am\u00e9lior\u00e9\u00a0\u00bb, \u00ab\u00a0Une exp\u00e9rience \u00e0 ne pas renouveler\u00a0\u00bb, \u00ab\u00a0Digne d\u2019une cantine d\u2019autoroute\u00a0\u00bb, \u00ab\u00a0Buffet plus que m\u00e9diocre\u00a0\u00bb\u2026 Les images et adjectifs utilis\u00e9es par des dizaines de clients m\u00e9contents sont malheureusement sans \u00e9quivoque. Certains sont d\u2019ailleurs convaincus d\u2019avoir mang\u00e9 <strong>des produits surgel\u00e9s.<\/strong><\/p>\n<p class=\" wall-content\">Sur les r\u00e9seaux sociaux, aussi, des vid\u00e9os de \u00ab\u00a0test\u00a0\u00bb des Grands Buffets Lyonnais tournent sur la toile. Et celles-ci ne sont pas franchement plus sympathiques, m\u00eame si certains points positifs, comme la gentillesse du staff ou encore l\u2019offre de r\u00f4tisserie, sont tout de m\u00eame relev\u00e9s.\u00a0<\/p>\n<blockquote class=\"tiktok-embed\" cite=\"https:\/\/www.tiktok.com\/@virginiegrossat\/video\/7509200717949734166\" data-video-id=\"7509200717949734166\" data-embed-from=\"oembed\" style=\"max-width:605px; min-width:325px;\"><p>\n<a target=\"_blank\" title=\"@virginiegrossat\" href=\"https:\/\/www.tiktok.com\/@virginiegrossat?refer=embed\" rel=\"noopener\">@virginiegrossat<\/a> <\/p>\n<p>Vous avez \u00e9t\u00e9 tr\u00e8s nombreux \u00e0 me demander d\u2019aller tester l\u2019adresse qui fait \u00e9norm\u00e9ment parler \u00e0 Lyon : les grands buffets lyonnais. Le restaurant propose une offre \u00e0 volont\u00e9 de sp\u00e9cialit\u00e9s lyonnaises, malheureusement j\u2019aurais aim\u00e9 qu\u2019ils s\u2019entourent d\u2019artisans locaux de qualit\u00e9 \ud83d\udc37 \ud83e\uddc0\ud83e\uddc8 <a title=\"tiktokfood\" target=\"_blank\" href=\"https:\/\/www.tiktok.com\/tag\/tiktokfood?refer=embed\" rel=\"noopener\">#tiktokfood<\/a><a title=\"lyonresto\" target=\"_blank\" href=\"https:\/\/www.tiktok.com\/tag\/lyonresto?refer=embed\" rel=\"noopener\">#lyonresto<\/a><a title=\"lyonfood\" target=\"_blank\" href=\"https:\/\/www.tiktok.com\/tag\/lyonfood?refer=embed\" rel=\"noopener\">#lyonfood<\/a><a title=\"allyoucaneat\" target=\"_blank\" href=\"https:\/\/www.tiktok.com\/tag\/allyoucaneat?refer=embed\" rel=\"noopener\">#allyoucaneat<\/a><a title=\"lesgrandsbuffets\" target=\"_blank\" href=\"https:\/\/www.tiktok.com\/tag\/lesgrandsbuffets?refer=embed\" rel=\"noopener\">#lesgrandsbuffets<\/a><a title=\"lyonnaise\" target=\"_blank\" href=\"https:\/\/www.tiktok.com\/tag\/lyonnaise?refer=embed\" rel=\"noopener\">#lyonnaise<\/a><a title=\"foodtok\" target=\"_blank\" href=\"https:\/\/www.tiktok.com\/tag\/foodtok?refer=embed\" rel=\"noopener\">#foodtok<\/a><\/p>\n<p> <a target=\"_blank\" title=\"\u266c Noite de Ver\u00e3o - ya-su\" href=\"https:\/\/www.tiktok.com\/music\/Noite-de-Ver%C3%A3o-7431855079332497424?refer=embed\" rel=\"noopener\">\u266c Noite de Ver\u00e3o \u2013 ya-su<\/a> <\/p>\n<\/blockquote>\n<blockquote class=\"tiktok-embed\" cite=\"https:\/\/www.tiktok.com\/@lea_casse_la_croute\/video\/7508058906489490690\" data-video-id=\"7508058906489490690\" data-embed-from=\"oembed\" style=\"max-width:605px; min-width:325px;\"><p>\n<a target=\"_blank\" title=\"@lea_casse_la_croute\" href=\"https:\/\/www.tiktok.com\/@lea_casse_la_croute?refer=embed\" rel=\"noopener\">@lea_casse_la_croute<\/a> <\/p>\n<p>Et toi t\u2019as test\u00e9 les nouveaux grands buffets lyonnais ? \ud83e\uddd0 <a title=\"fyp\" target=\"_blank\" href=\"https:\/\/www.tiktok.com\/tag\/fyp?refer=embed\" rel=\"noopener\">#fyp<\/a> <a title=\"lyon\" target=\"_blank\" href=\"https:\/\/www.tiktok.com\/tag\/lyon?refer=embed\" rel=\"noopener\">#lyon<\/a> <a title=\"bouchon\" target=\"_blank\" href=\"https:\/\/www.tiktok.com\/tag\/bouchon?refer=embed\" rel=\"noopener\">#bouchon<\/a> <a title=\"bouchonlyonnais\" target=\"_blank\" href=\"https:\/\/www.tiktok.com\/tag\/bouchonlyonnais?refer=embed\" rel=\"noopener\">#bouchonlyonnais<\/a> <a title=\"buffet\" target=\"_blank\" href=\"https:\/\/www.tiktok.com\/tag\/buffet?refer=embed\" rel=\"noopener\">#buffet<\/a> <a title=\"narbonne\" target=\"_blank\" href=\"https:\/\/www.tiktok.com\/tag\/narbonne?refer=embed\" rel=\"noopener\">#narbonne<\/a> <a title=\"lesgrandsbuffets\" target=\"_blank\" href=\"https:\/\/www.tiktok.com\/tag\/lesgrandsbuffets?refer=embed\" rel=\"noopener\">#lesgrandsbuffets<\/a> <a title=\"lyonresto\" target=\"_blank\" href=\"https:\/\/www.tiktok.com\/tag\/lyonresto?refer=embed\" rel=\"noopener\">#lyonresto<\/a> <a title=\"lesgrandsbuffetslyonnais\" target=\"_blank\" href=\"https:\/\/www.tiktok.com\/tag\/lesgrandsbuffetslyonnais?refer=embed\" rel=\"noopener\">#lesgrandsbuffetslyonnais<\/a> <\/p>\n<p> <a target=\"_blank\" title=\"\u266c GASLIGHT - INJI\" href=\"https:\/\/www.tiktok.com\/music\/GASLIGHT-7086563693013518338?refer=embed\" rel=\"noopener\">\u266c GASLIGHT \u2013 INJI<\/a> <\/p>\n<\/blockquote>\n<p>\u00ab\u00a0On a confiance en notre projet\u00a0\u00bb<\/p>\n<p class=\" wall-content\">Face \u00e0 cet \u00e9norme et rapide <strong>\u00ab\u00a0bad buzz\u00a0\u00bb<\/strong>, le g\u00e9rant du lieu et entrepreneur lyonnais, Farid Mezaber, ne se laisse pas pour autant d\u00e9contenancer.\u00a0<\/p>\n<blockquote class=\"ac-article-quote wall-content\">\n<p>Il y a 200 avis sur Google, mais on a d\u00e9j\u00e0 servi plus de 3 500 couverts. Comme d&rsquo;habitude, les gens qui sont m\u00e9contents se manifestent et ceux qui ont pass\u00e9 un bon moment rentrent simplement chez eux, donc ce n&rsquo;est pas repr\u00e9sentatif. Ces derniers jours, \u00e7a se passe bien et les gens sont satisfaits. On s&rsquo;am\u00e9liore, on progresse. Certes, au d\u00e9but, on a \u00e9t\u00e9 d\u00e9pass\u00e9. On ne s&rsquo;attendait pas \u00e0 un tel engouement et on a eu quelques probl\u00e8mes. On est en sous effectif et toujours en plein recrutement. Mais dans quelques semaines, on sera tr\u00e8s bien. On a confiance en notre projet.<\/p>\n<p>    <strong>Farid Mezaber<\/strong><br \/>\n        Patron des Grands Buffets Lyonnais    <\/p><\/blockquote>\n<p>Fini le service du midi en semaine<\/p>\n<p class=\" wall-content\">Concernant l\u2019accusation d\u2019utilisation de produits surgel\u00e9s, le patron s\u2019en d\u00e9fend, affirmant que \u00ab\u00a0tout est pr\u00e9par\u00e9 sur place\u00a0\u00bb. Si ce dernier dit \u00ab\u00a0prendre en compte\u00a0\u00bb les critiques, il estime \u00e9galement que certaines, formul\u00e9es sur les r\u00e9seaux sociaux, le sont pour \u00ab\u00a0profiter\u00a0\u00bb de la notori\u00e9t\u00e9 soudaine de l\u2019\u00e9tablissement.<\/p>\n<p class=\" wall-content\">\u00ab\u00a0On a eu tellement de visibilit\u00e9 en l\u2019espace d\u2019une semaine que des \u00ab\u00a0influenceurs\u00a0\u00bb font \u00e7a <strong>pour g\u00e9n\u00e9rer du flux et des vues<\/strong>. Enfin\u2026 L\u2019important, c\u2019est que tout le monde nous conna\u00eet et qu\u2019on a toujours autant de r\u00e9servations, \u00e7a ne s\u2019arr\u00eate pas\u00a0\u00bb, l\u00e2che-t-il fi\u00e8rement.<\/p>\n<p class=\" wall-content\">Malgr\u00e9 tout, et pour apaiser la situation globale, Farid Mezaber a d\u00e9cid\u00e9 de stopper le service du midi en semaine, quelques jours \u00e0 peine apr\u00e8s l\u2019ouverture. Un changement qui serait \u00ab\u00a0temporaire\u00a0\u00bb, le temps de recruter plus de monde et de s\u2019organiser \u00ab\u00a0au mieux\u00a0\u00bb\u2026<\/p>\n<p class=\" wall-content\">Suivez toute l\u2019actualit\u00e9 de vos villes et m\u00e9dias favoris en vous inscrivant \u00e0 <a href=\"https:\/\/moncompte.actu.fr\" title=\"D\u00e9couvez Mon Actu\" rel=\"nofollow noopener\" data-trk=\"{&quot;cta&quot;:{&quot;action&quot;:&quot;https:\\\/\\\/moncompte.actu.fr&quot;,&quot;category&quot;:&quot;mon compte&quot;,&quot;from&quot;:&quot;article footer&quot;,&quot;name&quot;:&quot;Mon actu&quot;,&quot;type&quot;:&quot;cta&quot;}}\" target=\"_blank\">Mon Actu<\/a>.<\/p>\n<p>                    <script async src=\"\/\/www.tiktok.com\/embed.js\"><\/script><\/p>\n","protected":false},"excerpt":{"rendered":"Par Ludivine Caporal Publi\u00e9 le 28 mai 2025 \u00e0 12h27 Son ouverture a fait beaucoup de bruit. Mais&hellip;\n","protected":false},"author":2,"featured_media":134099,"comment_status":"","ping_status":"","sticky":false,"template":"","format":"standard","meta":{"footnotes":""},"categories":[1889],"tags":[1111,11,2430,1777,674,1011,27,1661,2428,12,25,1340,104,5287],"class_list":{"0":"post-134098","1":"post","2":"type-post","3":"status-publish","4":"format-standard","5":"has-post-thumbnail","7":"category-lyon","8":"tag-actu","9":"tag-actualites","10":"tag-auvergne-rhone-alpes","11":"tag-eu","12":"tag-europe","13":"tag-fr","14":"tag-france","15":"tag-gastronomie","16":"tag-lyon","17":"tag-news","18":"tag-republique-francaise","19":"tag-restaurant","20":"tag-societe","21":"tag-vieux-lyon"},"share_on_mastodon":{"url":"https:\/\/pubeurope.com\/@fr\/114585022086828096","error":""},"_links":{"self":[{"href":"https:\/\/www.europesays.com\/fr\/wp-json\/wp\/v2\/posts\/134098","targetHints":{"allow":["GET"]}}],"collection":[{"href":"https:\/\/www.europesays.com\/fr\/wp-json\/wp\/v2\/posts"}],"about":[{"href":"https:\/\/www.europesays.com\/fr\/wp-json\/wp\/v2\/types\/post"}],"author":[{"embeddable":true,"href":"https:\/\/www.europesays.com\/fr\/wp-json\/wp\/v2\/users\/2"}],"replies":[{"embeddable":true,"href":"https:\/\/www.europesays.com\/fr\/wp-json\/wp\/v2\/comments?post=134098"}],"version-history":[{"count":0,"href":"https:\/\/www.europesays.com\/fr\/wp-json\/wp\/v2\/posts\/134098\/revisions"}],"wp:featuredmedia":[{"embeddable":true,"href":"https:\/\/www.europesays.com\/fr\/wp-json\/wp\/v2\/media\/134099"}],"wp:attachment":[{"href":"https:\/\/www.europesays.com\/fr\/wp-json\/wp\/v2\/media?parent=134098"}],"wp:term":[{"taxonomy":"category","embeddable":true,"href":"https:\/\/www.europesays.com\/fr\/wp-json\/wp\/v2\/categories?post=134098"},{"taxonomy":"post_tag","embeddable":true,"href":"https:\/\/www.europesays.com\/fr\/wp-json\/wp\/v2\/tags?post=134098"}],"curies":[{"name":"wp","href":"https:\/\/api.w.org\/{rel}","templated":true}]}}